{"id":3700,"date":"2024-11-22T06:00:00","date_gmt":"2024-11-22T09:00:00","guid":{"rendered":"https:\/\/diarioparanaense.com\/?p=3700"},"modified":"2024-11-18T13:34:43","modified_gmt":"2024-11-18T16:34:43","slug":"ambientes-limpos-organizados-e-melhor-arquitetados-influenciam-na-produtividade-e-no-bem-estar","status":"publish","type":"post","link":"https:\/\/diarioparanaense.com\/?p=3700","title":{"rendered":"Ambientes limpos, organizados e melhor arquitetados influenciam na produtividade e no bem-estar"},"content":{"rendered":"\n<p class=\"has-medium-font-size\"><em>Da Organiza\u00e7\u00e3o \u00e0 Arquitetura: Como Duas Empreendedoras tem transformado a Vida de seus Clientes<\/em><\/p>\n\n\n\n<p><em><strong>Por Roberta da Trindade<\/strong><\/em><\/p>\n\n\n\n<p>Voc\u00ea j\u00e1 se perguntou por que alguns ambientes nos deixam mais produtivos e felizes? Muitas vezes, a chave para um desempenho mais eficaz n\u00e3o est\u00e1 em encontrar mais tempo ou se esfor\u00e7ar mais, mas sim na maneira como os ambientes ao nosso redor s\u00e3o estruturados. Um estudo da Universidade de Princeton, por exemplo, demonstra que ambientes organizados est\u00e3o intrinsecamente ligados a uma mente mais clara e produtiva; um espa\u00e7o limpo e organizado pode aumentar nossa capacidade de concentra\u00e7\u00e3o e reduzir o estresse.<\/p>\n\n\n\n<p>Quando estamos em um ambiente livre de bagun\u00e7a, nossa mente se torna mais focada e menos suscet\u00edvel a distra\u00e7\u00f5es, resultando em maior efici\u00eancia na realiza\u00e7\u00e3o de tarefas, sejam elas acad\u00eamicas ou profissionais. A rela\u00e7\u00e3o entre organiza\u00e7\u00e3o e performance \u00e9 consistente em diversos estudos. A ci\u00eancia diz que o excesso de est\u00edmulos visuais em ambientes desorganizados pode sobrecarregar nosso c\u00e9rebro, dificultando o processamento de informa\u00e7\u00f5es e a concentra\u00e7\u00e3o. Por outro lado, um espa\u00e7o bem-organizado permite que nossa mente direcione sua energia para o que realmente importa. A sensa\u00e7\u00e3o de ordem n\u00e3o apenas nos motiva a manter essa organiza\u00e7\u00e3o nas nossas atividades di\u00e1rias, mas tamb\u00e9m resulta em uma gest\u00e3o do tempo mais eficiente e na prioriza\u00e7\u00e3o adequada das tarefas. A limpeza do ambiente f\u00edsico frequentemente se reflete em uma \u201climpeza mental\u201d, proporcionando clareza nos pensamentos e decis\u00f5es mais assertivas.<\/p>\n\n\n\n<p>A arquitetura tamb\u00e9m desempenha um papel crucial na nossa sa\u00fade mental segundo a ci\u00eancia. Um estudo da Universidade de Exeter demonstrou que trabalhadores expostos \u00e0 luz natural e ao contato com plantas apresentam n\u00edveis reduzidos de cortisol, o horm\u00f4nio do estresse. Assim, o ambiente onde estamos inseridos influencia profundamente nossos pensamentos, emo\u00e7\u00f5es e comportamentos.<\/p>\n\n\n\n<p>\u00c9 nesse contexto que Sabrina Rozenente e Michelle Vila\u00e7a se destacam como empreendedoras apaixonadas por transformar vidas atrav\u00e9s da organiza\u00e7\u00e3o e da arquitetura. Elas est\u00e3o aqui para mostrar como pequenos ajustes nos nossos espa\u00e7os podem gerar mudan\u00e7as significativas em nossas vidas.<\/p>\n\n\n<div class=\"wp-block-image\">\n<figure class=\"aligncenter size-full\"><img loading=\"lazy\" decoding=\"async\" width=\"290\" height=\"523\" src=\"https:\/\/diarioparanaense.com\/wp-content\/uploads\/2024\/11\/2211241-1.jpg\" alt=\"\" class=\"wp-image-3702\" srcset=\"https:\/\/diarioparanaense.com\/wp-content\/uploads\/2024\/11\/2211241-1.jpg 290w, https:\/\/diarioparanaense.com\/wp-content\/uploads\/2024\/11\/2211241-1-166x300.jpg 166w, https:\/\/diarioparanaense.com\/wp-content\/uploads\/2024\/11\/2211241-1-233x420.jpg 233w\" sizes=\"auto, (max-width: 290px) 100vw, 290px\" \/><\/figure><\/div>\n\n\n<p>Sabrina Rozenente, fundadora de Sabrina Otimiza, conhecida como organizadora profissional ou <em>personal organizer<\/em>, \u00e9 especialista em transformar caos em ordem. &#8220;Organiza\u00e7\u00e3o vai muito al\u00e9m de arrumar coisas. Trata-se de criar funcionalidade e equil\u00edbrio&#8221;, explica ela. Sabrina trabalha com organiza\u00e7\u00e3o profissional de ambientes, ajudando fam\u00edlias e empresas a enxergarem que na maioria das vezes menos \u00e9 mais.<\/p>\n\n\n\n<p>Pergunte-se: voc\u00ea consegue encontrar o que precisa em cinco minutos? Se a resposta for n\u00e3o, Sabrina pode ser a solu\u00e7\u00e3o que voc\u00ea procura. \u201cSabe aquela sensa\u00e7\u00e3o de estar constantemente perdido no meio da bagun\u00e7a ou n\u00e3o encontrar o que precisa no seu pr\u00f3prio arm\u00e1rio? Meu trabalho \u00e9 justamente acabar com isso\u201d, explica Sabrina. Ela faz uma an\u00e1lise completa do local e oferece solu\u00e7\u00f5es personalizadas, como marcenaria inteligente e projetos que priorizam a funcionalidade. O resultado? Mais praticidade, tempo e qualidade de vida. &#8220;Meu objetivo \u00e9 que voc\u00ea chegue em casa e sinta paz, em vez de estresse. E que seu tempo seja para desfrutar com quem voc\u00ea ama.&#8221;<\/p>\n\n\n\n<p>Mas para quem pensa que o trabalho da Sabrina est\u00e1 limitado ao espa\u00e7o dom\u00e9stico, se engana. A personal \u00e9 muito requisitada por empresas que precisam otimizar seus espa\u00e7os, mas sobretudo, que necessitam de organiza\u00e7\u00e3o e melhoria constante do ambiente.<\/p>\n\n\n\n<p><strong>Para come\u00e7ar sua jornada de organiza\u00e7\u00e3o, Sabrina deixa algumas dicas pr\u00e1ticas que podem fazer toda a diferen\u00e7a:<\/strong><\/p>\n\n\n\n<p>1. Desapegue do Desnecess\u00e1rio: Revise seus pertences e se pergunte se realmente precisa deles. Doe ou venda o que n\u00e3o usa mais.&nbsp;&nbsp;<\/p>\n\n\n\n<p>2. Estabele\u00e7a um Lugar para Cada Coisa: Cada item deve ter um lugar espec\u00edfico. Isso facilita encontrar o que precisa e mant\u00e9m o espa\u00e7o arrumado.<\/p>\n\n\n\n<p>3. Use Etiquetas: Etiquetar caixas e prateleiras ajuda a identificar rapidamente onde cada coisa est\u00e1, evitando confus\u00f5es.<\/p>\n\n\n\n<p>4. Organiza\u00e7\u00e3o Vertical: Aproveite as paredes para prateleiras ou ganchos. Isso libera espa\u00e7o no ch\u00e3o e mant\u00e9m tudo acess\u00edvel.<\/p>\n\n\n\n<p>5. Rotina de Manuten\u00e7\u00e3o: Reserve alguns minutos di\u00e1rios para manter a ordem. Isso evita que a bagun\u00e7a se acumule novamente.<\/p>\n\n\n<div class=\"wp-block-image\">\n<figure class=\"aligncenter size-full\"><img loading=\"lazy\" decoding=\"async\" width=\"367\" height=\"531\" src=\"https:\/\/diarioparanaense.com\/wp-content\/uploads\/2024\/11\/2211242.jpg\" alt=\"\" class=\"wp-image-3703\" srcset=\"https:\/\/diarioparanaense.com\/wp-content\/uploads\/2024\/11\/2211242.jpg 367w, https:\/\/diarioparanaense.com\/wp-content\/uploads\/2024\/11\/2211242-207x300.jpg 207w, https:\/\/diarioparanaense.com\/wp-content\/uploads\/2024\/11\/2211242-290x420.jpg 290w\" sizes=\"auto, (max-width: 367px) 100vw, 367px\" \/><\/figure><\/div>\n\n\n<p>Da mesma forma que Sabrina, Michelle Vila\u00e7a, \u00e0 frente da Vilarq Arquitetura, tem uma miss\u00e3o clara: mostrar que arquitetura \u00e9 mais do que est\u00e9tica; \u00e9 estrat\u00e9gia. &#8220;Quando o ambiente de trabalho \u00e9 projetado corretamente, a produtividade pode aumentar em at\u00e9 60%. Isso impacta diretamente o faturamento da empresa&#8221;, afirma Michelle.<\/p>\n\n\n\n<p>Especialista em projetos comerciais e corporativos, Michelle n\u00e3o s\u00f3 desenvolve o design, mas tamb\u00e9m gerencia toda a obra, entregando espa\u00e7os prontos para uso. &#8220;O empres\u00e1rio n\u00e3o precisa se preocupar com nada. Resolvo tudo, fa\u00e7o o projeto e acompanho a obra, garantindo que o ambiente esteja alinhado com os objetivos do neg\u00f3cio.&#8221;<\/p>\n\n\n\n<p><strong>Para empres\u00e1rios que desejam transformar seus ambientes de trabalho em aliados do crescimento, aqui est\u00e3o algumas dicas pr\u00e1ticas:<\/strong><\/p>\n\n\n\n<p>1. Avalie a Distribui\u00e7\u00e3o do Espa\u00e7o: Considere como os colaboradores interagem e se movem no ambiente. Uma disposi\u00e7\u00e3o mais aberta pode facilitar a comunica\u00e7\u00e3o e colabora\u00e7\u00e3o.<\/p>\n\n\n\n<p>2. Invista em Ilumina\u00e7\u00e3o Natural: Ambientes bem iluminados melhoram o humor e a produtividade. Sempre que poss\u00edvel, maximize a entrada de luz natural.<\/p>\n\n\n\n<p>3. Escolha Mobili\u00e1rio Funcional: Opte por m\u00f3veis que ofere\u00e7am conforto e funcionalidade. Mesas ajust\u00e1veis e cadeiras ergon\u00f4micas podem fazer uma grande diferen\u00e7a na sa\u00fade e na produtividade dos colaboradores.<\/p>\n\n\n\n<p>4. Crie \u00c1reas de Descanso: Espa\u00e7os para relaxar e descontrair s\u00e3o essenciais. Eles ajudam a manter os colaboradores motivados e produtivos ao longo do dia.<\/p>\n\n\n\n<p>5. Incorpore Elementos Naturais: Plantas e elementos naturais no design podem reduzir o estresse e aumentar a satisfa\u00e7\u00e3o no trabalho.<\/p>\n\n\n\n<p>Michelle convida os empres\u00e1rios a olhar para os seus espa\u00e7os de trabalho como aliados no crescimento do neg\u00f3cio. Afinal, um ambiente funcional e bem projetado n\u00e3o \u00e9 apenas bonito \u2013 \u00e9 rent\u00e1vel.<\/p>\n\n\n\n<p><strong>Por Que Elas Fazem a Diferen\u00e7a?<\/strong><\/p>\n\n\n\n<p>Ambas as empreendedoras est\u00e3o comprometidas em entregar solu\u00e7\u00f5es que realmente impactam o dia a dia de seus clientes. Seja reorganizando um lar para promover tranquilidade e harmonia, ou criando um ambiente corporativo que impulsione o crescimento e a inova\u00e7\u00e3o, Sabrina e Michelle oferecem abordagens personalizadas e altamente eficazes.<\/p>\n\n\n\n<p>A experi\u00eancia de Sabrina em organiza\u00e7\u00e3o se une \u00e0 vis\u00e3o estrat\u00e9gica de Michelle em arquitetura, formando uma poderosa parceria que demonstra que investir no ambiente certo transcende a est\u00e9tica. Essa transforma\u00e7\u00e3o n\u00e3o apenas melhora a qualidade de vida, mas tamb\u00e9m potencializa o sucesso pessoal e profissional. Ao priorizarem o bem-estar e a funcionalidade, elas provam que um espa\u00e7o bem projetado \u00e9 um verdadeiro catalisador para realiza\u00e7\u00e3o e produtividade.<\/p>\n\n\n\n<p>Em um mundo onde cada detalhe conta, essas empreendedoras inspiram todos n\u00f3s a ver nossos ambientes como ferramentas essenciais para alcan\u00e7ar nossos objetivos. Afinal, quando o espa\u00e7o reflete nossas aspira\u00e7\u00f5es, ele se torna um aliado indispens\u00e1vel na jornada rumo ao sucesso.<\/p>\n\n\n\n<p><strong>Entre em contato para transformar seu espa\u00e7o:<\/strong><\/p>\n\n\n\n<ul class=\"wp-block-list\">\n<li><strong>Sabrina Rozenente: <\/strong>WhatsApp (41) 99905-2541<\/li>\n\n\n\n<li><strong>Michelle Vila\u00e7a:<\/strong> <strong>WhatsApp <\/strong>(41) 99122-7272 |<strong> E-mail:<\/strong> contato @vilarq.com.br<\/li>\n<\/ul>\n","protected":false},"excerpt":{"rendered":"<p>Da Organiza\u00e7\u00e3o \u00e0 Arquitetura: Como Duas Empreendedoras tem transformado a Vida de seus Clientes Por Roberta da Trindade Voc\u00ea j\u00e1 se perguntou por que alguns ambientes nos deixam mais produtivos e felizes? Muitas vezes, a chave para um desempenho mais eficaz n\u00e3o est\u00e1 em encontrar mais tempo ou se esfor\u00e7ar mais, mas sim na maneira [&hellip;]<\/p>\n","protected":false},"author":1,"featured_media":3701,"comment_status":"open","ping_status":"open","sticky":false,"template":"","format":"standard","meta":{"footnotes":""},"categories":[434,29,324],"tags":[],"class_list":["post-3700","post","type-post","status-publish","format-standard","has-post-thumbnail","hentry","category-habla-empreendedora","category-artigos","category-negocios"],"_links":{"self":[{"href":"https:\/\/diarioparanaense.com\/index.php?rest_route=\/wp\/v2\/posts\/3700","targetHints":{"allow":["GET"]}}],"collection":[{"href":"https:\/\/diarioparanaense.com\/index.php?rest_route=\/wp\/v2\/posts"}],"about":[{"href":"https:\/\/diarioparanaense.com\/index.php?rest_route=\/wp\/v2\/types\/post"}],"author":[{"embeddable":true,"href":"https:\/\/diarioparanaense.com\/index.php?rest_route=\/wp\/v2\/users\/1"}],"replies":[{"embeddable":true,"href":"https:\/\/diarioparanaense.com\/index.php?rest_route=%2Fwp%2Fv2%2Fcomments&post=3700"}],"version-history":[{"count":1,"href":"https:\/\/diarioparanaense.com\/index.php?rest_route=\/wp\/v2\/posts\/3700\/revisions"}],"predecessor-version":[{"id":3704,"href":"https:\/\/diarioparanaense.com\/index.php?rest_route=\/wp\/v2\/posts\/3700\/revisions\/3704"}],"wp:featuredmedia":[{"embeddable":true,"href":"https:\/\/diarioparanaense.com\/index.php?rest_route=\/wp\/v2\/media\/3701"}],"wp:attachment":[{"href":"https:\/\/diarioparanaense.com\/index.php?rest_route=%2Fwp%2Fv2%2Fmedia&parent=3700"}],"wp:term":[{"taxonomy":"category","embeddable":true,"href":"https:\/\/diarioparanaense.com\/index.php?rest_route=%2Fwp%2Fv2%2Fcategories&post=3700"},{"taxonomy":"post_tag","embeddable":true,"href":"https:\/\/diarioparanaense.com\/index.php?rest_route=%2Fwp%2Fv2%2Ftags&post=3700"}],"curies":[{"name":"wp","href":"https:\/\/api.w.org\/{rel}","templated":true}]}}