{"id":3695,"date":"2024-11-20T06:00:00","date_gmt":"2024-11-20T09:00:00","guid":{"rendered":"https:\/\/diarioparanaense.com\/?p=3695"},"modified":"2024-11-18T13:27:43","modified_gmt":"2024-11-18T16:27:43","slug":"o-inimigo-invisivel-pragas-agua-contaminada-e-os-riscos-a-saude","status":"publish","type":"post","link":"https:\/\/diarioparanaense.com\/?p=3695","title":{"rendered":"O Inimigo Invis\u00edvel: Pragas, \u00c1gua Contaminada e os Riscos \u00e0 Sa\u00fade"},"content":{"rendered":"\n<p class=\"has-medium-font-size\">Por Roberta da Trindade<\/p>\n\n\n\n<p>Pense na \u00faltima vez que voc\u00ea viu uma barata. O que sentiu? Susto, nojo, medo, desconforto? Saiba que esse inseto, causa mais danos invis\u00edveis do que vis\u00edveis, sendo transmissora de v\u00e1rias doen\u00e7as. &nbsp;As baratas podem transportar bact\u00e9rias, v\u00edrus e outros microrganismos em seus corpos, contaminando alimentos e superf\u00edcies e transmitindo doen\u00e7as aos humanos. As fezes e partes do corpo das baratas podem causar rea\u00e7\u00f5es al\u00e9rgicas em algumas pessoas. Al\u00e9m disso, as baratas podem danificar alimentos, roupas, livros e outros objetos. Com a chegada do ver\u00e3o, o calor e a umidade aceleram o ciclo de vida das baratas, fazendo com que elas se reproduzam mais rapidamente e se espalhem com maior facilidade. Por ter h\u00e1bito noturno esse inseto nem sempre \u00e9 percept\u00edvel e por ter seu corpo achatado, se escondem facilmente em frestas e rachaduras. Sua casca dura, muitas vezes, a deixam imune \u00e0s a\u00e7\u00f5es dos inseticidas, al\u00e9m disso, se alimentam de uma grande variedade de alimentos, desde restos de comida at\u00e9 papel e sab\u00e3o.<\/p>\n\n\n\n<p>Agora, imagine quantos desses pequenos invasores, al\u00e9m das baratas, podem estar escondidos em sua casa ou local de trabalho sem que voc\u00ea saiba. Pragas n\u00e3o s\u00e3o apenas um inc\u00f4modo visual; elas representam s\u00e9rios riscos \u00e0 sa\u00fade e podem causar danos materiais. Esses organismos indesej\u00e1veis, que incluem desde insetos (baratas, formigas, mosquitos) at\u00e9 roedores (ratos, camundongos) e aves (pombos), demandam a\u00e7\u00f5es espec\u00edficas para seu controle. Voc\u00ea sabia que as pragas podem transmitir mais de 60 doen\u00e7as diferentes? Al\u00e9m de causar danos e desconforto, esses pequenos invasores representam um s\u00e9rio risco \u00e0 sa\u00fade, podendo levar a problemas de infec\u00e7\u00f5es, alergias, intoxica\u00e7\u00f5es alimentares e at\u00e9 mesmo doen\u00e7as graves como a leptospirose, dengue, Covid, histoplasmose, salmonela, dentre outros.<\/p>\n\n\n<div class=\"wp-block-image\">\n<figure class=\"aligncenter size-full\"><img loading=\"lazy\" decoding=\"async\" width=\"482\" height=\"723\" src=\"https:\/\/diarioparanaense.com\/wp-content\/uploads\/2024\/11\/2011241.jpg\" alt=\"\" class=\"wp-image-3698\" srcset=\"https:\/\/diarioparanaense.com\/wp-content\/uploads\/2024\/11\/2011241.jpg 482w, https:\/\/diarioparanaense.com\/wp-content\/uploads\/2024\/11\/2011241-200x300.jpg 200w, https:\/\/diarioparanaense.com\/wp-content\/uploads\/2024\/11\/2011241-280x420.jpg 280w\" sizes=\"auto, (max-width: 482px) 100vw, 482px\" \/><\/figure><\/div>\n\n\n<p>&nbsp;<strong>O Controle de Pragas: Mais do que uma Necessidade, uma Urg\u00eancia<\/strong><\/p>\n\n\n\n<p>Num cen\u00e1rio onde a sa\u00fade \u00e9 prioridade, o controle de pragas n\u00e3o se limita apenas ao combate aos infestantes, mas inclui a preven\u00e7\u00e3o de doen\u00e7as e a prote\u00e7\u00e3o ao bem-estar. Silvana Ferronatto, administradora da Pragpro, explica: \u201cAs infesta\u00e7\u00f5es urbanas n\u00e3o causam apenas danos materiais, mas tamb\u00e9m representam s\u00e9rios riscos \u00e0 sa\u00fade ao transmitirem doen\u00e7as e contaminarem espa\u00e7os de uso comum.\u201d Estudos indicam que locais infestados por pragas, como ratos e baratas, elevam os riscos de doen\u00e7as graves, como leptospirose, alergias e infec\u00e7\u00f5es respirat\u00f3rias.<\/p>\n\n\n\n<p>Al\u00e9m disso, a \u00e1gua armazenada sem manuten\u00e7\u00e3o pode ser um vetor silencioso de doen\u00e7as. A falta de limpeza nas caixas d&#8217;\u00e1gua pode transformar a \u00e1gua em um reservat\u00f3rio de v\u00edrus e bact\u00e9rias, provocando surtos gastrointestinais e complica\u00e7\u00f5es de sa\u00fade. Como preven\u00e7\u00e3o, a limpeza peri\u00f3dica das caixas d&#8217;\u00e1gua, recomendada a cada seis meses, \u00e9 essencial para manter um ambiente seguro e saud\u00e1vel.<\/p>\n\n\n\n<p>Ainda mais, voc\u00ea sabia que os pombos, s\u00edmbolos da paz, tamb\u00e9m podem trazer infesta\u00e7\u00e3o de doen\u00e7as atrav\u00e9s de suas fezes, penas e pelo contato direto?<\/p>\n\n\n\n<p><strong>Como fazer o controle de pragas?<\/strong><\/p>\n\n\n\n<p>O controle de pragas \u00e9 fundamental para preservar a sa\u00fade e o bem-estar, tanto em resid\u00eancias quanto em ambientes comerciais e industriais. Existem v\u00e1rias estrat\u00e9gias para lidar com infesta\u00e7\u00f5es, que podem ser usadas de forma isolada ou combinada, dependendo da situa\u00e7\u00e3o, tais como controles f\u00edsico, biol\u00f3gico, qu\u00edmico e cultural. O m\u00e9todo depender\u00e1 do tipo e grau de infesta\u00e7\u00e3o, ambiente e riscos \u00e0 sa\u00fade e meio ambiente.<\/p>\n\n\n\n<p><em>O segredo para um controle eficaz? A combina\u00e7\u00e3o de preven\u00e7\u00e3o e a\u00e7\u00e3o r\u00e1pida.<\/em><\/p>\n\n\n\n<p><strong>Quem s\u00e3o os exterminadores de pragas da vida real?<\/strong><\/p>\n\n\n\n<p>Existem profissionais especializados na elimina\u00e7\u00e3o de pragas, que representam riscos \u00e0 sa\u00fade e ao bem-estar das pessoas, eles s\u00e3o conhecidos como controladores de pragas. Sua miss\u00e3o \u00e9 identificar, prevenir e erradicar infesta\u00e7\u00f5es de insetos, roedores, aves e outros animais em ambientes ambientais dom\u00e9sticos, comerciais e industriais. Para isso, utilizam uma combina\u00e7\u00e3o de t\u00e9cnicas e produtos espec\u00edficos para cada tipo de praga. O controle de pragas \u00e9 uma tarefa importante para garantir a sa\u00fade e a qualidade de vida e n\u00e3o \u00e9 uma tarefa t\u00e3o simples. &nbsp;Importante lembrar que a preven\u00e7\u00e3o \u00e9 sempre a melhor forma de evitar problemas.<\/p>\n\n\n\n<p>No universo das empresas que se destacam nesses momentos de necessidade, a Pragpro Controle de Pragas conquistou reconhecimento e relev\u00e2ncia em Curitiba-PR. Em opera\u00e7\u00e3o desde 2019, a empresa se deparou com um grande desafio logo ap\u00f3s sua abertura: a pandemia de Covid-19. Enquanto a sociedade e os neg\u00f3cios passavam por dificuldades e por mudan\u00e7as abruptas, a Pragpro se adaptou, tornando-se uma parceria essencial para resid\u00eancias e empresas que buscavam ambientes mais seguros e saud\u00e1veis, livres do v\u00edrus SARS-CoV-2. &nbsp;O sucesso da Pragpro se deve, em grande parte, \u00e0 prioriza\u00e7\u00e3o do atendimento personalizado e \u00e0 confian\u00e7a conquistada atrav\u00e9s do boca a boca, o que resultou em um crescimento constante da base de clientes. Os clientes destacam a efic\u00e1cia do servi\u00e7o e a conveni\u00eancia de ter profissionais atendendo periodicamente \u00e0s necessidades do ambiente.<\/p>\n\n\n\n<p>Silvana acredita que essa rela\u00e7\u00e3o de confian\u00e7a \u00e9 fundamental: <\/p>\n\n\n\n<blockquote class=\"wp-block-quote is-layout-flow wp-block-quote-is-layout-flow\">\n<p><em>\u201cCada cliente tem necessidades diferentes, e nossa equipe se compromete a entender cada caso individualmente para oferecer solu\u00e7\u00f5es pr\u00e1ticas e com alto rigor de qualidade.\u201d<\/em><\/p>\n<\/blockquote>\n\n\n\n<p>Hoje, a Pragpro \u00e9 uma refer\u00eancia no setor de controle de pragas, n\u00e3o apenas pela efic\u00e1cia no combate a infestantes, mas tamb\u00e9m pela sua vis\u00e3o hol\u00edstica de promover a sa\u00fade ambiental e o bem-estar das pessoas. A empresa oferece servi\u00e7os personalizados, incluindo o controle de pragas urbanas, limpeza de caixas d&#8217;\u00e1gua e cuidados especializados com cupins e pombos, todos com a finalidade de garantir um ambiente livre de riscos invis\u00edveis. A empresa aposta em um servi\u00e7o diferenciado, onde o compromisso com o cliente e o ambiente se transforma em um verdadeiro valor agregado.<\/p>\n\n\n\n<p>Silvana conclui: <em>\u201cPersistir \u00e9 a chave, mas \u00e9 fundamental que o trabalho seja feito com \u00e9tica, dedica\u00e7\u00e3o e amor pelo que se faz. Os desafios s\u00e3o inevit\u00e1veis, mas os resultados valem a pena quando se constr\u00f3i algo que realmente impacta a vida das pessoas.\u201d<\/em><\/p>\n\n\n\n<p><strong>Saiba mais sobre Prag Pro e seus servi\u00e7os em:<br><\/strong><a href=\"https:\/\/www.instagram.com\/prag_pro_controledepragas\/\">https:\/\/www.instagram.com\/prag_pro_controledepragas\/<\/a><\/p>\n\n\n\n<p><strong>Solicite agora seu or\u00e7amento:<br><\/strong><a href=\"https:\/\/entr.ai\/pragprocontroledepragas?fbclid=PAZXh0bgNhZW0CMTEAAabLrTrV0tS-mHxMgsDlLQsuSGUJEOD1lazn3Zbn8SAwJZlMTVd1XH32-F4_aem_cHtseSOD3lZleNexZxbwAQ\">https:\/\/entr.ai\/pragprocontroledepragas<\/a><\/p>\n\n\n\n<p><\/p>\n","protected":false},"excerpt":{"rendered":"<p>Por Roberta da Trindade Pense na \u00faltima vez que voc\u00ea viu uma barata. O que sentiu? Susto, nojo, medo, desconforto? Saiba que esse inseto, causa mais danos invis\u00edveis do que vis\u00edveis, sendo transmissora de v\u00e1rias doen\u00e7as. &nbsp;As baratas podem transportar bact\u00e9rias, v\u00edrus e outros microrganismos em seus corpos, contaminando alimentos e superf\u00edcies e transmitindo doen\u00e7as [&hellip;]<\/p>\n","protected":false},"author":1,"featured_media":3697,"comment_status":"open","ping_status":"open","sticky":false,"template":"","format":"standard","meta":{"footnotes":""},"categories":[434,29,324],"tags":[],"class_list":["post-3695","post","type-post","status-publish","format-standard","has-post-thumbnail","hentry","category-habla-empreendedora","category-artigos","category-negocios"],"_links":{"self":[{"href":"https:\/\/diarioparanaense.com\/index.php?rest_route=\/wp\/v2\/posts\/3695","targetHints":{"allow":["GET"]}}],"collection":[{"href":"https:\/\/diarioparanaense.com\/index.php?rest_route=\/wp\/v2\/posts"}],"about":[{"href":"https:\/\/diarioparanaense.com\/index.php?rest_route=\/wp\/v2\/types\/post"}],"author":[{"embeddable":true,"href":"https:\/\/diarioparanaense.com\/index.php?rest_route=\/wp\/v2\/users\/1"}],"replies":[{"embeddable":true,"href":"https:\/\/diarioparanaense.com\/index.php?rest_route=%2Fwp%2Fv2%2Fcomments&post=3695"}],"version-history":[{"count":1,"href":"https:\/\/diarioparanaense.com\/index.php?rest_route=\/wp\/v2\/posts\/3695\/revisions"}],"predecessor-version":[{"id":3699,"href":"https:\/\/diarioparanaense.com\/index.php?rest_route=\/wp\/v2\/posts\/3695\/revisions\/3699"}],"wp:featuredmedia":[{"embeddable":true,"href":"https:\/\/diarioparanaense.com\/index.php?rest_route=\/wp\/v2\/media\/3697"}],"wp:attachment":[{"href":"https:\/\/diarioparanaense.com\/index.php?rest_route=%2Fwp%2Fv2%2Fmedia&parent=3695"}],"wp:term":[{"taxonomy":"category","embeddable":true,"href":"https:\/\/diarioparanaense.com\/index.php?rest_route=%2Fwp%2Fv2%2Fcategories&post=3695"},{"taxonomy":"post_tag","embeddable":true,"href":"https:\/\/diarioparanaense.com\/index.php?rest_route=%2Fwp%2Fv2%2Ftags&post=3695"}],"curies":[{"name":"wp","href":"https:\/\/api.w.org\/{rel}","templated":true}]}}