{"id":3681,"date":"2024-11-14T14:21:06","date_gmt":"2024-11-14T17:21:06","guid":{"rendered":"https:\/\/diarioparanaense.com\/?p=3681"},"modified":"2024-11-14T14:21:07","modified_gmt":"2024-11-14T17:21:07","slug":"parana-se-prepara-para-passo-importante-rumo-a-computacao-de-alto-desempenho","status":"publish","type":"post","link":"https:\/\/diarioparanaense.com\/?p=3681","title":{"rendered":"Paran\u00e1 se prepara para passo importante rumo \u00e0 computa\u00e7\u00e3o de alto desempenho"},"content":{"rendered":"\n<p class=\"has-medium-font-size\"><em>I Encontro de Computa\u00e7\u00e3o Avan\u00e7ada, uma iniciativa da Assespro-PR, prev\u00ea uma onda de movimentos pelo desenvolvimento da tecnologia no Estado<\/em><\/p>\n\n\n\n<p>O Paran\u00e1 est\u00e1 prestes a dar um passo importante em dire\u00e7\u00e3o ao futuro tecnol\u00f3gico, posicionando-se como refer\u00eancia na computa\u00e7\u00e3o de alto desempenho. No dia 22 de novembro, o Estado recebe o <strong>I Encontro de Computa\u00e7\u00e3o Avan\u00e7ada,<\/strong> que acontecer\u00e1 no audit\u00f3rio do Sebrae em Curitiba, reunindo profissionais e lideran\u00e7as inovadoras do segmento.<\/p>\n\n\n\n<p>\u201cEsse evento marca o in\u00edcio de uma nova era, onde o Paran\u00e1, por meio de uma parceria com a \u00cdndia, est\u00e1 se preparando para implementar uma rede de supercomputadores em suas universidades estaduais\u201d, destaca a presidente da Assespro-PR, Josefina Gonzalez, referindo-se \u00e0 parceria com o Centro de Desenvolvimento de Computa\u00e7\u00e3o Avan\u00e7ada (C-DAC) da \u00cdndia.<\/p>\n\n\n\n<p>A computa\u00e7\u00e3o de alto desempenho, que permite o processamento de dados em velocidades e escalas incompar\u00e1veis, \u00e9 vista como uma <strong>ferramenta essencial para impulsionar pesquisas e solu\u00e7\u00f5es em \u00e1reas cruciais como sa\u00fade, educa\u00e7\u00e3o, agricultura e ind\u00fastria<\/strong>. <strong>O evento \u00e9 organizado pela Assespro-PR em parceria com Sebrae\/PR, Governo do Paran\u00e1 e Funda\u00e7\u00e3o Arauc\u00e1ria.<\/strong><\/p>\n\n\n\n<p>Segundo Adriano Krzyuy, diretor vice-presidente da Assespro-PR, o acordo com a \u00cdndia prev\u00ea n\u00e3o apenas a instala\u00e7\u00e3o de supercomputadores, mas tamb\u00e9m o desenvolvimento de tecnologias voltadas para a intelig\u00eancia artificial, refor\u00e7ando o compromisso do estado com a inova\u00e7\u00e3o. \u201cEstamos falando de mais do que velocidade, estamos redefinindo a forma de resolver problemas complexos com solu\u00e7\u00f5es inteligentes\u201d, conclui Krzyuy.<\/p>\n\n\n\n<p>Com uma programa\u00e7\u00e3o rica e diversificada, o evento abordar\u00e1 a aplica\u00e7\u00e3o da computa\u00e7\u00e3o avan\u00e7ada em seguran\u00e7a de dados, criptografia e intelig\u00eancia artificial.<\/p>\n\n\n\n<p>&nbsp;\u201cQueremos mais do que debater tend\u00eancias. Nosso foco \u00e9 preparar o Brasil para os desafios do futuro, transformando o Paran\u00e1 em um hub de progresso e inova\u00e7\u00e3o&#8221;,&nbsp; enfatiza a presidente Josefina Gonzalez.<\/p>\n\n\n\n<p>A presen\u00e7a de especialistas renomados confirma a import\u00e2ncia do evento. Entre os palestrantes est\u00e3o Kleber Canuto, Diretor de Pesquisa e Analytics do Linked Data, Moys\u00e9s Oliveira, Chapter Lead Data Engineer do Grupo Volvo, e William Hitoshi Tsunoda Meira, Coordenador de Dados &amp; Analytics do Grupo Botic\u00e1rio, al\u00e9m de professores das principais universidades do Estado.<\/p>\n\n\n\n<p>\u201cNosso objetivo \u00e9 criar um espa\u00e7o onde mentes inquietas possam se conectar com as mais avan\u00e7adas inova\u00e7\u00f5es tecnol\u00f3gicas, promovendo uma verdadeira integra\u00e7\u00e3o entre a pr\u00e1tica e a teoria. A computa\u00e7\u00e3o de alto desempenho, essa for\u00e7a motriz da transforma\u00e7\u00e3o tecnol\u00f3gica, deve ser compreendida, debatida e aplicada com a urg\u00eancia necess\u00e1ria. Este encontro ser\u00e1 a oportunidade de presenciar o futuro em a\u00e7\u00e3o, conclui Adriano.<\/p>\n\n\n\n<p>As inscri\u00e7\u00f5es est\u00e3o abertas e dispon\u00edveis para o p\u00fablico pelo site<a href=\"https:\/\/computacaoavancada.com.br\/\"> <\/a><a href=\"https:\/\/computacaoavancada.com.br\/\">https:\/\/computacaoavancada.com.br\/<\/a>.<\/p>\n\n\n\n<p><strong>Servi\u00e7o:<\/strong><\/p>\n\n\n\n<p><strong><em>I Encontro de Computa\u00e7\u00e3o Avan\u00e7ada<\/em><\/strong><\/p>\n\n\n\n<p>Data: 22 de novembro<\/p>\n\n\n\n<p>Hor\u00e1rio: 8h<\/p>\n\n\n\n<p>Local: Sebrae Curitiba &#8211; Rua Caet\u00e9, 150, Prado Velho<\/p>\n\n\n\n<p>Outras informa\u00e7\u00f5es:<a href=\"https:\/\/computacaoavancada.com.br\/\"> <\/a><a href=\"https:\/\/computacaoavancada.com.br\/\">https:\/\/computacaoavancada.com.br\/<\/a><\/p>\n\n\n\n<p>Sobre a Assespro-PR:<a href=\"https:\/\/assespropr.org.br\/\"> <\/a><a href=\"https:\/\/assespropr.org.br\/\">https:\/\/assespropr.org.br\/<\/a><\/p>\n","protected":false},"excerpt":{"rendered":"<p>I Encontro de Computa\u00e7\u00e3o Avan\u00e7ada, uma iniciativa da Assespro-PR, prev\u00ea uma onda de movimentos pelo desenvolvimento da tecnologia no Estado O Paran\u00e1 est\u00e1 prestes a dar um passo importante em dire\u00e7\u00e3o ao futuro tecnol\u00f3gico, posicionando-se como refer\u00eancia na computa\u00e7\u00e3o de alto desempenho. No dia 22 de novembro, o Estado recebe o I Encontro de Computa\u00e7\u00e3o [&hellip;]<\/p>\n","protected":false},"author":1,"featured_media":3682,"comment_status":"open","ping_status":"open","sticky":false,"template":"","format":"standard","meta":{"footnotes":""},"categories":[29,384],"tags":[],"class_list":["post-3681","post","type-post","status-publish","format-standard","has-post-thumbnail","hentry","category-artigos","category-tecnologia"],"_links":{"self":[{"href":"https:\/\/diarioparanaense.com\/index.php?rest_route=\/wp\/v2\/posts\/3681","targetHints":{"allow":["GET"]}}],"collection":[{"href":"https:\/\/diarioparanaense.com\/index.php?rest_route=\/wp\/v2\/posts"}],"about":[{"href":"https:\/\/diarioparanaense.com\/index.php?rest_route=\/wp\/v2\/types\/post"}],"author":[{"embeddable":true,"href":"https:\/\/diarioparanaense.com\/index.php?rest_route=\/wp\/v2\/users\/1"}],"replies":[{"embeddable":true,"href":"https:\/\/diarioparanaense.com\/index.php?rest_route=%2Fwp%2Fv2%2Fcomments&post=3681"}],"version-history":[{"count":1,"href":"https:\/\/diarioparanaense.com\/index.php?rest_route=\/wp\/v2\/posts\/3681\/revisions"}],"predecessor-version":[{"id":3683,"href":"https:\/\/diarioparanaense.com\/index.php?rest_route=\/wp\/v2\/posts\/3681\/revisions\/3683"}],"wp:featuredmedia":[{"embeddable":true,"href":"https:\/\/diarioparanaense.com\/index.php?rest_route=\/wp\/v2\/media\/3682"}],"wp:attachment":[{"href":"https:\/\/diarioparanaense.com\/index.php?rest_route=%2Fwp%2Fv2%2Fmedia&parent=3681"}],"wp:term":[{"taxonomy":"category","embeddable":true,"href":"https:\/\/diarioparanaense.com\/index.php?rest_route=%2Fwp%2Fv2%2Fcategories&post=3681"},{"taxonomy":"post_tag","embeddable":true,"href":"https:\/\/diarioparanaense.com\/index.php?rest_route=%2Fwp%2Fv2%2Ftags&post=3681"}],"curies":[{"name":"wp","href":"https:\/\/api.w.org\/{rel}","templated":true}]}}