{"id":3678,"date":"2024-11-14T13:48:29","date_gmt":"2024-11-14T16:48:29","guid":{"rendered":"https:\/\/diarioparanaense.com\/?p=3678"},"modified":"2024-11-14T13:48:29","modified_gmt":"2024-11-14T16:48:29","slug":"elas-sao-tech-celebra-o-protagonismo-feminino-na-lideranca-de-empresas-de-tecnologia","status":"publish","type":"post","link":"https:\/\/diarioparanaense.com\/?p=3678","title":{"rendered":"Elas s\u00e3o Tech&#8217; celebra o protagonismo feminino na lideran\u00e7a de empresas de tecnologia"},"content":{"rendered":"\n<p class=\"has-medium-font-size\">Evento idealizado pela Assespro-PR vai reunir, no dia 18 de novembro, mulheres que atuam no mercado inovador.<\/p>\n\n\n\n<p>A Associa\u00e7\u00e3o das Empresas Brasileiras de Tecnologia da Informa\u00e7\u00e3o (Assespro-PR) organiza o evento \u201cElas s\u00e3o Tech\u201d, agendado para 18 de novembro, \u00e0s 14h, no Bloco Bege da Universidade Positivo.<br>\u201cO \u2018Elas s\u00e3o Tech\u2019 \u00e9 uma celebra\u00e7\u00e3o em homenagem ao Dia do Empreendedorismo Feminino, comemorado em 19 de novembro. Vamos reunir mulheres atuantes no mercado para compartilhar suas experi\u00eancias em palestras e intera\u00e7\u00f5es com a comunidade empresarial, destacando tamb\u00e9m as grandes cientistas que pavimentaram o caminho na tecnologia\u201d, revela Raquel Uch\u00f4a Moreira, da Diretoria de Mulheres na TI da Assespro-PR.<\/p>\n\n\n\n<p>Para Josefina Gonzalez, primeira mulher a assumir a presid\u00eancia da Assespro-PR, a participa\u00e7\u00e3o feminina no setor de TI est\u00e1 em ascens\u00e3o, mas ainda \u00e9 insuficiente. \u201cDevemos celebrar cada vez mais a presen\u00e7a das mulheres na tecnologia. H\u00e1 talentos brilhantes nas universidades e nas lideran\u00e7as. Como entidade, \u00e9 nossa responsabilidade refor\u00e7ar esse protagonismo inato\u201d, enfatiza.<\/p>\n\n\n\n<p>O evento \u201cElas s\u00e3o Tech\u201d conta com a parceria do Ecohub, do Centro de Pesquisa Positivo, al\u00e9m do apoio da Funda\u00e7\u00e3o Arauc\u00e1ria e do Governo do Paran\u00e1.<\/p>\n\n\n\n<p><strong>Uma pausa para o caf\u00e9!<\/strong><\/p>\n\n\n\n<p>O \u201cElas s\u00e3o Tech\u201d se desdobra como uma extens\u00e3o do Coffee Time, um encontro promovido pela Assespro-PR que destaca o papel das empreendedoras de TI do Paran\u00e1. O Coffee Time nasceu como um espa\u00e7o para networking, \u201cacolhendo mulheres empreendedoras que desejam ir mais longe\u201d. Os encontros continuam a ser realizados regularmente em Curitiba, com a programa\u00e7\u00e3o sendo divulgada nos canais da entidade.<\/p>\n\n\n\n<p><strong>Lugar de mulher<\/strong><\/p>\n\n\n\n<p>Cheias de sonhos e ambi\u00e7\u00f5es, elas se destacam como chefes de cozinha, empres\u00e1rias, professoras e profissionais na tecnologia da informa\u00e7\u00e3o (TI). Embora o setor de inova\u00e7\u00e3o ainda seja dominado por homens, a presen\u00e7a feminina j\u00e1 \u00e9 not\u00e1vel, com um percentual que, embora crescente, ainda est\u00e1 aqu\u00e9m do ideal. Segundo dados do Sebrae (Servi\u00e7o Brasileiro de Apoio \u00e0s Micro e Pequenas Empresas), o Brasil \u00e9 o s\u00e9timo pa\u00eds com o maior n\u00famero de empreendedoras, mas em 2021, as mulheres representavam apenas 15% do ecossistema de startups e 12% das fundadoras, conforme a Associa\u00e7\u00e3o Brasileira de Startups. <\/p>\n\n\n\n<p><strong>SERVI\u00c7O<\/strong><\/p>\n\n\n\n<p>\u2018Elas s\u00e3o Tech\u2019<\/p>\n\n\n\n<p><strong>Onde<\/strong><br>Bloco Bege, campus UP Ecoville<\/p>\n\n\n\n<p><strong>Quando<br><\/strong>18 de novembro<\/p>\n\n\n\n<p><strong>Hor\u00e1rio<\/strong><br>14 horas<\/p>\n\n\n\n<p><strong>Mais informa\u00e7\u00f5es<br><\/strong><a href=\"https:\/\/assespropr.org.br\/\">https:\/\/assespropr.org.br\/<\/a><\/p>\n\n\n\n<p><a href=\"https:\/\/www.sympla.com.br\/evento\/elasaotech\/2703923?referrer=www.google.com\">https:\/\/www.sympla.com.br\/evento\/elasaotech\/2703923?referrer=www.google.com<\/a><\/p>\n","protected":false},"excerpt":{"rendered":"<p>Evento idealizado pela Assespro-PR vai reunir, no dia 18 de novembro, mulheres que atuam no mercado inovador. A Associa\u00e7\u00e3o das Empresas Brasileiras de Tecnologia da Informa\u00e7\u00e3o (Assespro-PR) organiza o evento \u201cElas s\u00e3o Tech\u201d, agendado para 18 de novembro, \u00e0s 14h, no Bloco Bege da Universidade Positivo.\u201cO \u2018Elas s\u00e3o Tech\u2019 \u00e9 uma celebra\u00e7\u00e3o em homenagem ao [&hellip;]<\/p>\n","protected":false},"author":1,"featured_media":3679,"comment_status":"open","ping_status":"open","sticky":false,"template":"","format":"standard","meta":{"footnotes":""},"categories":[324,384],"tags":[],"class_list":["post-3678","post","type-post","status-publish","format-standard","has-post-thumbnail","hentry","category-negocios","category-tecnologia"],"_links":{"self":[{"href":"https:\/\/diarioparanaense.com\/index.php?rest_route=\/wp\/v2\/posts\/3678","targetHints":{"allow":["GET"]}}],"collection":[{"href":"https:\/\/diarioparanaense.com\/index.php?rest_route=\/wp\/v2\/posts"}],"about":[{"href":"https:\/\/diarioparanaense.com\/index.php?rest_route=\/wp\/v2\/types\/post"}],"author":[{"embeddable":true,"href":"https:\/\/diarioparanaense.com\/index.php?rest_route=\/wp\/v2\/users\/1"}],"replies":[{"embeddable":true,"href":"https:\/\/diarioparanaense.com\/index.php?rest_route=%2Fwp%2Fv2%2Fcomments&post=3678"}],"version-history":[{"count":1,"href":"https:\/\/diarioparanaense.com\/index.php?rest_route=\/wp\/v2\/posts\/3678\/revisions"}],"predecessor-version":[{"id":3680,"href":"https:\/\/diarioparanaense.com\/index.php?rest_route=\/wp\/v2\/posts\/3678\/revisions\/3680"}],"wp:featuredmedia":[{"embeddable":true,"href":"https:\/\/diarioparanaense.com\/index.php?rest_route=\/wp\/v2\/media\/3679"}],"wp:attachment":[{"href":"https:\/\/diarioparanaense.com\/index.php?rest_route=%2Fwp%2Fv2%2Fmedia&parent=3678"}],"wp:term":[{"taxonomy":"category","embeddable":true,"href":"https:\/\/diarioparanaense.com\/index.php?rest_route=%2Fwp%2Fv2%2Fcategories&post=3678"},{"taxonomy":"post_tag","embeddable":true,"href":"https:\/\/diarioparanaense.com\/index.php?rest_route=%2Fwp%2Fv2%2Ftags&post=3678"}],"curies":[{"name":"wp","href":"https:\/\/api.w.org\/{rel}","templated":true}]}}