{"id":3675,"date":"2024-11-13T15:53:40","date_gmt":"2024-11-13T18:53:40","guid":{"rendered":"https:\/\/diarioparanaense.com\/?p=3675"},"modified":"2024-11-13T15:53:41","modified_gmt":"2024-11-13T18:53:41","slug":"gioia-no-ecoville-e-o-primeiro-lancamento-da-embraed-em-curitiba","status":"publish","type":"post","link":"https:\/\/diarioparanaense.com\/?p=3675","title":{"rendered":"Gioia, no Ecoville, \u00e9 o primeiro lan\u00e7amento da Embraed em Curitiba"},"content":{"rendered":"\n<p class=\"has-medium-font-size\">Reconhecida pelo padr\u00e3o de seus empreendimentos, incorporadora apresenta residencial de luxo em localiza\u00e7\u00e3o privilegiada<\/p>\n\n\n\n<p>O primeiro lan\u00e7amento da Embraed em Curitiba (PR) j\u00e1 tem endere\u00e7o e previs\u00e3o de data de entrega. Batizado Gioia, o residencial de luxo que traz o padr\u00e3o Embraed de qualidade para a capital paranaense ser\u00e1 constru\u00eddo na rua Deputado Heitor Alencar Furtado, 2.944, no Ecoville, j\u00e1 est\u00e1 em obras e ser\u00e1 conclu\u00eddo em mar\u00e7o de 2029, m\u00eas de anivers\u00e1rio da cidade.<\/p>\n\n\n\n<p>A torre \u00fanica de 140,32 metros contempla 37 apartamentos, sendo um por andar, ofertados em quatro plantas distintas. A cobertura duplex ter\u00e1 723,43 m\u00b2 de \u00e1rea privativa, com cinco su\u00edtes e cinco vagas de garagem, al\u00e9m de estar \u00edntimo com bar, fireplace e piscina. Na exclusiva unidade tipo B diferenciado, s\u00e3o 377,35 m\u00b2 privativos, que incluem quatro su\u00edtes e terra\u00e7o descoberto. As plantas tipo B, que ocupam do 36\u00ba ao 38\u00ba pavimento, somam 365,90 m\u00b2, com destaque para a sacada com churrasqueira a carv\u00e3o e quatro su\u00edtes. J\u00e1 os padr\u00f5es tipo A concentram 32 unidades, com 378,32 m\u00b2 por apartamento e quatro su\u00edtes. Todas as unidades t\u00eam um ponto para recarga de ve\u00edculos el\u00e9tricos e quatro vagas de garagem &#8211; com exce\u00e7\u00e3o da cobertura duplex, com cinco vagas.<\/p>\n\n\n\n<p>Os apartamentos ser\u00e3o entregues com infraestrutura para piso aquecido nas su\u00edtes e banheiros (exceto \u00e1rea do box), para automa\u00e7\u00e3o (ilumina\u00e7\u00e3o, audiovisual e climatiza\u00e7\u00e3o) e p\u00e9-direito livre de 2,65 m. O acesso \u00e0s unidades se d\u00e1 por tr\u00eas elevadores: um social, um de servi\u00e7o e um para emerg\u00eancias. As entradas social e de servi\u00e7o nas unidades s\u00e3o independentes.<\/p>\n\n\n\n<p><strong>Espa\u00e7os comuns<\/strong><\/p>\n\n\n\n<p>O conforto e a seguran\u00e7a dos moradores est\u00e3o entre os diferenciais do GIOIA Embraed. Para tanto, o projeto prev\u00ea mais de 20 \u00e1reas comuns para o empreendimento, como saunas seca e \u00famida, spa, sala de massagem, yoga, academia e duas piscinas: uma aquecida e coberta (com raia de aproximadamente 20 m de comprimento) e outra externa (com comprimento de cerca de 12 m).<\/p>\n\n\n\n<p>Os moradores tamb\u00e9m contar\u00e3o com espa\u00e7os dedicados a momentos de lazer, celebra\u00e7\u00e3o e cria\u00e7\u00e3o de mem\u00f3rias com as fam\u00edlias e amigos. Entre eles est\u00e3o os espa\u00e7os gourmet, lounge lareira, sal\u00e3o e terra\u00e7o de festas, playground e brinquedoteca.<\/p>\n\n\n\n<p>O condom\u00ednio ocupa uma \u00e1rea de terreno de 4,9 mil m\u00b2 e disp\u00f5e de biciclet\u00e1rio para a guarda e manuten\u00e7\u00e3o dos equipamentos, dep\u00f3sito de res\u00edduos comum e reciclado no subsolo com lixeiras exclusivas para coleta seletiva, medidores individuais de \u00e1gua, g\u00e1s e eletricidade e gerador pr\u00f3prio para casos de queda de energia, al\u00e9m de sistema de monitoramento por c\u00e2meras e acesso por eclusas de seguran\u00e7a.<\/p>\n\n\n\n<p><strong>Expans\u00e3o<\/strong><\/p>\n\n\n\n<p>\u201cO lan\u00e7amento do Gioia marca o processo de expans\u00e3o da Embraed, que celebra seus 40 anos em 2024 ampliando sua atua\u00e7\u00e3o no Paran\u00e1, estado que concentra cerca de 30% da base de nossos compradores\u201d, destaca Tatiana Cequinel, CEO da Embraed. Al\u00e9m da capital, a incorporadora j\u00e1 atua em Maring\u00e1 com o empreendimento Solaia Exclusive Residences.<\/p>\n\n\n\n<p>A chegada a Curitiba acompanha o momento de crescimento do mercado imobili\u00e1rio local, cujas vendas de im\u00f3veis foram a maior dos \u00faltimos tr\u00eas anos no acumulado do primeiro semestre de 2024, segundo dados do Instituto Paranaense de Pesquisa e Desenvolvimento do Mercado Imobili\u00e1rio e Condominial (Inpespar), integrante do Sistema (Secovi-PR). O \u00edndice tem como base o montante arrecadado com as guias de ITBI (Imposto sobre a Transmiss\u00e3o de Bens Im\u00f3veis) no per\u00edodo, que apresentou crescimento de 17,1% e somou cerca de R$ 282,5 milh\u00f5es, no comparativo com 2023.<\/p>\n\n\n\n<p>Os anos recentes tamb\u00e9m foram de avan\u00e7os significativos para a Embraed, que triplicou seu faturamento para mais de R$ 600 milh\u00f5es e lan\u00e7ou R$ 4 bilh\u00f5es em Valor Geral de Vendas (VGV) nos \u00faltimos tr\u00eas anos. O ticket m\u00e9dio dos im\u00f3veis da marca tamb\u00e9m cresceu, passando de R$ 2,5 milh\u00f5es para R$ 5,6 milh\u00f5es desde 2019.<\/p>\n\n\n\n<p><strong>Sobre a Embraed<\/strong><\/p>\n\n\n\n<p>Pioneira no segmento de empreendimentos de alto padr\u00e3o em Balne\u00e1rio Cambori\u00fa (SC), a Embraed celebra 40 anos em 2024 com mais de 750 mil m\u00b2 constru\u00eddos, 48 empreendimentos entregues e parcerias internacionais, como a realizada com a grife italiana Tonino Lamborghini para o desenvolvimento do primeiro projeto imobili\u00e1rio da marca no Brasil. A empresa \u00e9 reconhecida pela excel\u00eancia de seus empreendimentos, fruto do investimento constante no desenvolvimento de projetos exclusivos e no centro de produ\u00e7\u00e3o pr\u00f3prio, que garante o padr\u00e3o Embraed de qualidade em todos os detalhes, das \u00e1reas comuns dos condom\u00ednios aos espa\u00e7os privativos dos apartamentos. Al\u00e9m de Balne\u00e1rio Cambori\u00fa, a Embraed tamb\u00e9m atua em Itapema (SC), Maring\u00e1 (PR) e, mais recentemente,&nbsp;em&nbsp;Curitiba.<\/p>\n","protected":false},"excerpt":{"rendered":"<p>Reconhecida pelo padr\u00e3o de seus empreendimentos, incorporadora apresenta residencial de luxo em localiza\u00e7\u00e3o privilegiada O primeiro lan\u00e7amento da Embraed em Curitiba (PR) j\u00e1 tem endere\u00e7o e previs\u00e3o de data de entrega. Batizado Gioia, o residencial de luxo que traz o padr\u00e3o Embraed de qualidade para a capital paranaense ser\u00e1 constru\u00eddo na rua Deputado Heitor Alencar [&hellip;]<\/p>\n","protected":false},"author":1,"featured_media":3676,"comment_status":"open","ping_status":"open","sticky":false,"template":"","format":"standard","meta":{"footnotes":""},"categories":[424,324],"tags":[],"class_list":["post-3675","post","type-post","status-publish","format-standard","has-post-thumbnail","hentry","category-curitiba","category-negocios"],"_links":{"self":[{"href":"https:\/\/diarioparanaense.com\/index.php?rest_route=\/wp\/v2\/posts\/3675","targetHints":{"allow":["GET"]}}],"collection":[{"href":"https:\/\/diarioparanaense.com\/index.php?rest_route=\/wp\/v2\/posts"}],"about":[{"href":"https:\/\/diarioparanaense.com\/index.php?rest_route=\/wp\/v2\/types\/post"}],"author":[{"embeddable":true,"href":"https:\/\/diarioparanaense.com\/index.php?rest_route=\/wp\/v2\/users\/1"}],"replies":[{"embeddable":true,"href":"https:\/\/diarioparanaense.com\/index.php?rest_route=%2Fwp%2Fv2%2Fcomments&post=3675"}],"version-history":[{"count":1,"href":"https:\/\/diarioparanaense.com\/index.php?rest_route=\/wp\/v2\/posts\/3675\/revisions"}],"predecessor-version":[{"id":3677,"href":"https:\/\/diarioparanaense.com\/index.php?rest_route=\/wp\/v2\/posts\/3675\/revisions\/3677"}],"wp:featuredmedia":[{"embeddable":true,"href":"https:\/\/diarioparanaense.com\/index.php?rest_route=\/wp\/v2\/media\/3676"}],"wp:attachment":[{"href":"https:\/\/diarioparanaense.com\/index.php?rest_route=%2Fwp%2Fv2%2Fmedia&parent=3675"}],"wp:term":[{"taxonomy":"category","embeddable":true,"href":"https:\/\/diarioparanaense.com\/index.php?rest_route=%2Fwp%2Fv2%2Fcategories&post=3675"},{"taxonomy":"post_tag","embeddable":true,"href":"https:\/\/diarioparanaense.com\/index.php?rest_route=%2Fwp%2Fv2%2Ftags&post=3675"}],"curies":[{"name":"wp","href":"https:\/\/api.w.org\/{rel}","templated":true}]}}