{"id":3671,"date":"2024-11-12T14:41:58","date_gmt":"2024-11-12T17:41:58","guid":{"rendered":"https:\/\/diarioparanaense.com\/?p=3671"},"modified":"2024-11-12T14:41:59","modified_gmt":"2024-11-12T17:41:59","slug":"flavio-venturini-fecha-parceria-com-top-cat-comandada-por-steve-altit","status":"publish","type":"post","link":"https:\/\/diarioparanaense.com\/?p=3671","title":{"rendered":"FLAVIO VENTURINI FECHA PARCERIA COM TOP CAT, COMANDADA POR STEVE ALTIT"},"content":{"rendered":"\n<p>Ap\u00f3s o sucesso no retorno ao empresariamento art\u00edstico com a turn\u00ea vitoriosa de \u201cA Vida Tem Dessas Coisas\u201d, de Ritchie em 2023\/2024, a TOP CAT, comandada por Steve Altit, fecha parceria com Fl\u00e1vio Venturini e promete entregar mais uma vez, um dos melhores projetos para 2025.<\/p>\n\n\n\n<p>Para Venturini j\u00e1 est\u00e1 programado um \u00e1lbum com 12 faixas e muitas surpresas em parceria com a Biscoito Fino e uma grande turn\u00ea nacional envolvendo profissionais renomados como Torcuato Mariano, Jorge Esp\u00edrito Santo, Alexandre Arrabal e Cesio Lima.<\/p>\n\n\n\n<p>\u201cConsidero que a administra\u00e7\u00e3o art\u00edstica seja a percep\u00e7\u00e3o para se envolver apenas com os trabalhos que voc\u00ea acredite e se apaixone! \u00c9 preciso se envolver, entender o artista e seu repert\u00f3rio!\u201d, diz Altit<\/p>\n\n\n\n<p>\u201c Aliado a isto, \u00e9 necess\u00e1rio acertar na escolha dos melhores profissionais do mercado para fazer o espet\u00e1culo acontecer e ser desfrutado pelo p\u00fablico, transformando esta grande mistura em eventos inesquec\u00edveis para todos. Sou muito feliz em trabalhar apenas em projetos pelos quais me apaixono e ter a meu lado os melhores profissionais do mundo!\u201d, completa o empres\u00e1rio.<\/p>\n\n\n\n<blockquote class=\"wp-block-quote is-layout-flow wp-block-quote-is-layout-flow\">\n<p>\u201cFeliz por ter encontrado um empres\u00e1rio experiente como Steve Altit que acredita no meu trabalho e com quem juntos estamos criando uma nova e importante fase da minha carreira, muitas novidades vir\u00e3o em breve!\u201d, declara Flavio Venturini.<\/p>\n<\/blockquote>\n","protected":false},"excerpt":{"rendered":"<p>Ap\u00f3s o sucesso no retorno ao empresariamento art\u00edstico com a turn\u00ea vitoriosa de \u201cA Vida Tem Dessas Coisas\u201d, de Ritchie em 2023\/2024, a TOP CAT, comandada por Steve Altit, fecha parceria com Fl\u00e1vio Venturini e promete entregar mais uma vez, um dos melhores projetos para 2025. Para Venturini j\u00e1 est\u00e1 programado um \u00e1lbum com 12 [&hellip;]<\/p>\n","protected":false},"author":1,"featured_media":3672,"comment_status":"open","ping_status":"open","sticky":false,"template":"","format":"standard","meta":{"footnotes":""},"categories":[27],"tags":[],"class_list":["post-3671","post","type-post","status-publish","format-standard","has-post-thumbnail","hentry","category-musica"],"_links":{"self":[{"href":"https:\/\/diarioparanaense.com\/index.php?rest_route=\/wp\/v2\/posts\/3671","targetHints":{"allow":["GET"]}}],"collection":[{"href":"https:\/\/diarioparanaense.com\/index.php?rest_route=\/wp\/v2\/posts"}],"about":[{"href":"https:\/\/diarioparanaense.com\/index.php?rest_route=\/wp\/v2\/types\/post"}],"author":[{"embeddable":true,"href":"https:\/\/diarioparanaense.com\/index.php?rest_route=\/wp\/v2\/users\/1"}],"replies":[{"embeddable":true,"href":"https:\/\/diarioparanaense.com\/index.php?rest_route=%2Fwp%2Fv2%2Fcomments&post=3671"}],"version-history":[{"count":1,"href":"https:\/\/diarioparanaense.com\/index.php?rest_route=\/wp\/v2\/posts\/3671\/revisions"}],"predecessor-version":[{"id":3673,"href":"https:\/\/diarioparanaense.com\/index.php?rest_route=\/wp\/v2\/posts\/3671\/revisions\/3673"}],"wp:featuredmedia":[{"embeddable":true,"href":"https:\/\/diarioparanaense.com\/index.php?rest_route=\/wp\/v2\/media\/3672"}],"wp:attachment":[{"href":"https:\/\/diarioparanaense.com\/index.php?rest_route=%2Fwp%2Fv2%2Fmedia&parent=3671"}],"wp:term":[{"taxonomy":"category","embeddable":true,"href":"https:\/\/diarioparanaense.com\/index.php?rest_route=%2Fwp%2Fv2%2Fcategories&post=3671"},{"taxonomy":"post_tag","embeddable":true,"href":"https:\/\/diarioparanaense.com\/index.php?rest_route=%2Fwp%2Fv2%2Ftags&post=3671"}],"curies":[{"name":"wp","href":"https:\/\/api.w.org\/{rel}","templated":true}]}}