{"id":3668,"date":"2024-11-12T10:25:37","date_gmt":"2024-11-12T13:25:37","guid":{"rendered":"https:\/\/diarioparanaense.com\/?p=3668"},"modified":"2024-11-12T10:25:38","modified_gmt":"2024-11-12T13:25:38","slug":"novembro-azul-psicologa-elisangela-passos-alerta-sobre-o-tabu-da-saude-mental-masculina","status":"publish","type":"post","link":"https:\/\/diarioparanaense.com\/?p=3668","title":{"rendered":"Novembro Azul: Psic\u00f3loga Elis\u00e2ngela Passos alerta sobre o tabu da sa\u00fade mental masculina"},"content":{"rendered":"\n<p class=\"has-medium-font-size\">Resist\u00eancia dos homens em buscar apoio psicol\u00f3gico compromete o autocuidado e preven\u00e7\u00e3o ao c\u00e2ncer de pr\u00f3stata<\/p>\n\n\n\n<p>Com a chegada do Novembro Azul, a campanha de conscientiza\u00e7\u00e3o sobre a preven\u00e7\u00e3o ao c\u00e2ncer de pr\u00f3stata ressalta tamb\u00e9m a import\u00e2ncia do cuidado integral com a sa\u00fade do homem, indo al\u00e9m da sa\u00fade f\u00edsica. A psic\u00f3loga cl\u00ednica e organizacional Elis\u00e2ngela Passos chama aten\u00e7\u00e3o para um tema essencial: o tabu que muitos homens ainda carregam ao buscar ajuda psicol\u00f3gica. Segundo ela, essa resist\u00eancia pode comprometer tanto a sa\u00fade mental quanto o bem-estar f\u00edsico, afastando-os de pr\u00e1ticas de autocuidado necess\u00e1rias para uma vida saud\u00e1vel.<\/p>\n\n\n\n<p>\u201cMuitos homens sentem vergonha de procurar um psic\u00f3logo e acabam adiando esse cuidado. Em muitos casos, quem agenda a primeira consulta \u00e9 uma mulher pr\u00f3xima, como a esposa, a m\u00e3e ou at\u00e9 mesmo uma filha, mas isso vem mudando aos poucos\u201d, relata Elis\u00e2ngela. Ela explica que essa falta de abertura ao apoio psicol\u00f3gico impacta a vida pessoal e profissional dos homens, acumulando estresse e tornando dif\u00edcil o desenvolvimento emocional.<\/p>\n\n\n\n<p>Para a psic\u00f3loga, a campanha Novembro Azul \u00e9 um momento oportuno para abordar o autocuidado integral, pois a sa\u00fade mental, ao lado da f\u00edsica, \u00e9 crucial para uma qualidade de vida completa. A preven\u00e7\u00e3o ao c\u00e2ncer de pr\u00f3stata inclui exames regulares, mas tamb\u00e9m exige um olhar atento para a sa\u00fade emocional, que pode ser fundamental na preven\u00e7\u00e3o de v\u00e1rias doen\u00e7as e no fortalecimento do equil\u00edbrio emocional dos homens.<\/p>\n\n\n\n<p>Al\u00e9m de participar ativamente dessa campanha, Elis\u00e2ngela Passos lan\u00e7ou recentemente o livro &#8220;Al\u00e9m do Infarto \u2013 Uma Jornada de Redescoberta e Carreira&#8221;, na Bienal Internacional do Livro de S\u00e3o Paulo, de 6 a 8 de setembro. Em sua obra, ela compartilha sua pr\u00f3pria experi\u00eancia de supera\u00e7\u00e3o ap\u00f3s sofrer um infarto, que a fez reavaliar suas prioridades e descobrir novos caminhos para o desenvolvimento pessoal e profissional.<\/p>\n\n\n\n<p>\u201cEm uma d\u00e9cada de profiss\u00e3o, j\u00e1 passei por momentos dif\u00edceis e encontrei na psicologia uma forma de superar e transformar, e \u00e9 essa experi\u00eancia que quero passar no livro ap\u00f3s sofrer um infarto\u201d, afirma a autora. Com uma linguagem pr\u00e1tica e acess\u00edvel, &#8220;Al\u00e9m do Infarto&#8221; aborda temas como autoconhecimento, resili\u00eancia emocional e a busca por equil\u00edbrio entre vida pessoal e profissional. Elis\u00e2ngela acredita que adversidades podem ser transformadas em oportunidades de crescimento, e v\u00ea o livro como uma inspira\u00e7\u00e3o para aqueles que buscam alinhamento entre bem-estar, prop\u00f3sito&nbsp;e&nbsp;carreira.<\/p>\n","protected":false},"excerpt":{"rendered":"<p>Resist\u00eancia dos homens em buscar apoio psicol\u00f3gico compromete o autocuidado e preven\u00e7\u00e3o ao c\u00e2ncer de pr\u00f3stata Com a chegada do Novembro Azul, a campanha de conscientiza\u00e7\u00e3o sobre a preven\u00e7\u00e3o ao c\u00e2ncer de pr\u00f3stata ressalta tamb\u00e9m a import\u00e2ncia do cuidado integral com a sa\u00fade do homem, indo al\u00e9m da sa\u00fade f\u00edsica. A psic\u00f3loga cl\u00ednica e organizacional [&hellip;]<\/p>\n","protected":false},"author":1,"featured_media":3669,"comment_status":"open","ping_status":"open","sticky":false,"template":"","format":"standard","meta":{"footnotes":""},"categories":[29,164],"tags":[],"class_list":["post-3668","post","type-post","status-publish","format-standard","has-post-thumbnail","hentry","category-artigos","category-saude-2"],"_links":{"self":[{"href":"https:\/\/diarioparanaense.com\/index.php?rest_route=\/wp\/v2\/posts\/3668","targetHints":{"allow":["GET"]}}],"collection":[{"href":"https:\/\/diarioparanaense.com\/index.php?rest_route=\/wp\/v2\/posts"}],"about":[{"href":"https:\/\/diarioparanaense.com\/index.php?rest_route=\/wp\/v2\/types\/post"}],"author":[{"embeddable":true,"href":"https:\/\/diarioparanaense.com\/index.php?rest_route=\/wp\/v2\/users\/1"}],"replies":[{"embeddable":true,"href":"https:\/\/diarioparanaense.com\/index.php?rest_route=%2Fwp%2Fv2%2Fcomments&post=3668"}],"version-history":[{"count":1,"href":"https:\/\/diarioparanaense.com\/index.php?rest_route=\/wp\/v2\/posts\/3668\/revisions"}],"predecessor-version":[{"id":3670,"href":"https:\/\/diarioparanaense.com\/index.php?rest_route=\/wp\/v2\/posts\/3668\/revisions\/3670"}],"wp:featuredmedia":[{"embeddable":true,"href":"https:\/\/diarioparanaense.com\/index.php?rest_route=\/wp\/v2\/media\/3669"}],"wp:attachment":[{"href":"https:\/\/diarioparanaense.com\/index.php?rest_route=%2Fwp%2Fv2%2Fmedia&parent=3668"}],"wp:term":[{"taxonomy":"category","embeddable":true,"href":"https:\/\/diarioparanaense.com\/index.php?rest_route=%2Fwp%2Fv2%2Fcategories&post=3668"},{"taxonomy":"post_tag","embeddable":true,"href":"https:\/\/diarioparanaense.com\/index.php?rest_route=%2Fwp%2Fv2%2Ftags&post=3668"}],"curies":[{"name":"wp","href":"https:\/\/api.w.org\/{rel}","templated":true}]}}