{"id":3662,"date":"2024-11-11T16:41:15","date_gmt":"2024-11-11T19:41:15","guid":{"rendered":"https:\/\/diarioparanaense.com\/?p=3662"},"modified":"2024-11-11T16:41:16","modified_gmt":"2024-11-11T19:41:16","slug":"escola-atuacao-mobiliza-os-estudantes-em-acao-sustentavel","status":"publish","type":"post","link":"https:\/\/diarioparanaense.com\/?p=3662","title":{"rendered":"Escola Atua\u00e7\u00e3o mobiliza os estudantes em a\u00e7\u00e3o sustent\u00e1vel"},"content":{"rendered":"\n<p class=\"has-medium-font-size\">Durante o projeto foram arrecadadas 13.788 latas de alum\u00ednio e 60.855 garrafas PET<\/p>\n\n\n\n<p>Com o objetivo de promover a responsabilidade ambiental e conscientizar sobre a import\u00e2ncia da reciclagem, a Escola Atua\u00e7\u00e3o desenvolve, anualmente, um projeto de coleta de materiais recicl\u00e1veis. Desde o in\u00edcio do ano letivo, estudantes das duas unidades, localizadas nos bairros Boqueir\u00e3o e Santa Quit\u00e9ria, participaram das a\u00e7\u00f5es e campanhas promovidas pela escola, refor\u00e7ando a mensagem de preserva\u00e7\u00e3o ambiental.<\/p>\n\n\n\n<p>Durante o projeto, as turmas arrecadaram 5.460 kg de papel, 5.171 bandejas de isopor, 7.705 garrafas de vidro, 13.788 latas de alum\u00ednio e 60.855 garrafas PET. Os recolhimentos, realizados a cada 15 dias, come\u00e7aram em mar\u00e7o e terminaram no in\u00edcio de novembro, para o fechamento e an\u00e1lise dos resultados do projeto.<\/p>\n\n\n\n<p>Para a diretora da Escola Atua\u00e7\u00e3o, Carolina Pereira Frizon, o ambiente escolar \u00e9 ideal para promover a coleta seletiva e o descarte correto de res\u00edduos, contribuindo para o desenvolvimento de h\u00e1bitos sustent\u00e1veis desde cedo. \u201cAqui, conseguimos destinar os res\u00edduos de maneira correta. Por exemplo, o isopor \u00e9 direcionado para a \u00fanica empresa da cidade que aceita o material, o Ecocidad\u00e3o, o que fortalece o ciclo de reaproveitamento\u201d, explica.<\/p>\n\n\n\n<p>Carolina tamb\u00e9m destaca o valor do projeto para a forma\u00e7\u00e3o de uma consci\u00eancia ambiental s\u00f3lida entre os estudantes, incentivando-os a levar as pr\u00e1ticas para a vida cotidiana. \u201cAs crian\u00e7as se dedicaram e quiseram contribuir ao m\u00e1ximo, demonstrando grande interesse e responsabilidade. Essas iniciativas s\u00e3o fundamentais para ensin\u00e1-los como levar essa pr\u00e1tica para suas casas e comunidades\u201d, concluiu a diretora.<\/p>\n\n\n\n<p>A Escola Atua\u00e7\u00e3o tamb\u00e9m incentiva a arrecada\u00e7\u00e3o dos materiais com uma competi\u00e7\u00e3o saud\u00e1vel entre as turmas. Os que mais reuniram papel ganhar\u00e3o um buffet de sorvete. J\u00e1 os estudantes que mais arrecadaram garrafas PET, vidros e isopor poder\u00e3o desfrutar de um caf\u00e9 colonial. Os vencedores da arrecada\u00e7\u00e3o de latas de alum\u00ednio ir\u00e3o saborear uma pizza com um familiar&nbsp;na&nbsp;escola.<\/p>\n","protected":false},"excerpt":{"rendered":"<p>Durante o projeto foram arrecadadas 13.788 latas de alum\u00ednio e 60.855 garrafas PET Com o objetivo de promover a responsabilidade ambiental e conscientizar sobre a import\u00e2ncia da reciclagem, a Escola Atua\u00e7\u00e3o desenvolve, anualmente, um projeto de coleta de materiais recicl\u00e1veis. Desde o in\u00edcio do ano letivo, estudantes das duas unidades, localizadas nos bairros Boqueir\u00e3o e [&hellip;]<\/p>\n","protected":false},"author":1,"featured_media":3663,"comment_status":"open","ping_status":"open","sticky":false,"template":"","format":"standard","meta":{"footnotes":""},"categories":[29],"tags":[],"class_list":["post-3662","post","type-post","status-publish","format-standard","has-post-thumbnail","hentry","category-artigos"],"_links":{"self":[{"href":"https:\/\/diarioparanaense.com\/index.php?rest_route=\/wp\/v2\/posts\/3662","targetHints":{"allow":["GET"]}}],"collection":[{"href":"https:\/\/diarioparanaense.com\/index.php?rest_route=\/wp\/v2\/posts"}],"about":[{"href":"https:\/\/diarioparanaense.com\/index.php?rest_route=\/wp\/v2\/types\/post"}],"author":[{"embeddable":true,"href":"https:\/\/diarioparanaense.com\/index.php?rest_route=\/wp\/v2\/users\/1"}],"replies":[{"embeddable":true,"href":"https:\/\/diarioparanaense.com\/index.php?rest_route=%2Fwp%2Fv2%2Fcomments&post=3662"}],"version-history":[{"count":1,"href":"https:\/\/diarioparanaense.com\/index.php?rest_route=\/wp\/v2\/posts\/3662\/revisions"}],"predecessor-version":[{"id":3664,"href":"https:\/\/diarioparanaense.com\/index.php?rest_route=\/wp\/v2\/posts\/3662\/revisions\/3664"}],"wp:featuredmedia":[{"embeddable":true,"href":"https:\/\/diarioparanaense.com\/index.php?rest_route=\/wp\/v2\/media\/3663"}],"wp:attachment":[{"href":"https:\/\/diarioparanaense.com\/index.php?rest_route=%2Fwp%2Fv2%2Fmedia&parent=3662"}],"wp:term":[{"taxonomy":"category","embeddable":true,"href":"https:\/\/diarioparanaense.com\/index.php?rest_route=%2Fwp%2Fv2%2Fcategories&post=3662"},{"taxonomy":"post_tag","embeddable":true,"href":"https:\/\/diarioparanaense.com\/index.php?rest_route=%2Fwp%2Fv2%2Ftags&post=3662"}],"curies":[{"name":"wp","href":"https:\/\/api.w.org\/{rel}","templated":true}]}}