{"id":3650,"date":"2024-11-07T14:58:01","date_gmt":"2024-11-07T17:58:01","guid":{"rendered":"https:\/\/diarioparanaense.com\/?p=3650"},"modified":"2024-11-07T14:58:01","modified_gmt":"2024-11-07T17:58:01","slug":"rafyah-e-rebel-layonn-unem-vozes-potentes-conectando-fe-e-amor-no-single-por-ti","status":"publish","type":"post","link":"https:\/\/diarioparanaense.com\/?p=3650","title":{"rendered":"Rafyah e Rebel Layonn unem vozes potentes, conectando f\u00e9 e amor no single &#8220;Por Ti&#8221;"},"content":{"rendered":"\n<p>Com lan\u00e7amento marcado para 8 de novembro, o cantor lan\u00e7a a nova parceria e aborda f\u00e9 e espiritualidade Rastaf\u00e1ri.<\/p>\n\n\n\n<p><strong>Rafyah<\/strong> apresenta seu mais novo single, &#8220;Por Ti&#8221;, em parceria com <strong>Rebel Layonn<\/strong>, expoente do reggae diretamente do Haiti. A faixa chega aos apps de m\u00fasica em 8 de novembro, marcando mais um passo importante na trajet\u00f3ria do m\u00fasico dentro da m\u00fasica reggae, com a produ\u00e7\u00e3o da faixa assinada por ele e o selo da Blessed Records, gravadora que tem se destacado pelo pioneirismo em utilizar mixagens Dolby Atmos, uma das tecnologias mais modernas no mercado fonogr\u00e1fico, especialmente no reggae.<\/p>\n\n\n\n<p>A m\u00fasica traz uma mensagem de f\u00e9, gratid\u00e3o e for\u00e7a, voltada para Jah (Deus) e a espiritualidade Rastaf\u00e1ri. Segundo Rafyah, a can\u00e7\u00e3o explora a busca por sabedoria e amor para superar os desafios da vida:<\/p>\n\n\n\n<p><em>&#8220;O mais legal da m\u00fasica pra mim \u00e9 que ela tanto pode ser voltada para o Pai Celestial (Deus) ou para seu pai biol\u00f3gico, pois ambas as conota\u00e7\u00f5es s\u00e3o pertinentes e d\u00e3o sentido \u00e0 reconex\u00e3o que voc\u00ea tem com a cria\u00e7\u00e3o e suas nuances de autodesenvolvimento e transcend\u00eancias&#8221;, diz Rafyah.<\/em><\/p>\n\n\n\n<p>A letra reflete momentos de resist\u00eancia, em que a ora\u00e7\u00e3o e a f\u00e9 em Jah s\u00e3o essenciais para enfrentar as adversidades. Com s\u00edmbolos como o le\u00e3o e a pomba, a m\u00fasica destaca a humildade e a for\u00e7a, refor\u00e7ando o poder do amor e da paz para transformar o mundo.<\/p>\n\n\n\n<p><strong>Audiovisual<\/strong><\/p>\n\n\n\n<p>Al\u00e9m da faixa, &#8220;Por Ti&#8221; ganhar\u00e1 um videoclipe dirigido por<strong> Jonas Mattoso<\/strong>. O v\u00eddeo ser\u00e1 gravado em uma praia \u00e0 noite, sob a luz da lua, com uma grande fogueira no centro. O cen\u00e1rio simboliza a chama da f\u00e9 e a purifica\u00e7\u00e3o, enquanto o som dos tambores Nyahbhingi cria uma atmosfera de comunh\u00e3o espiritual.<\/p>\n\n\n\n<p><em>\u201cO videoclipe culmina em uma grande celebra\u00e7\u00e3o, onde os participantes, conectados pelo amor e pela f\u00e9, expressam sua gratid\u00e3o por Jah, dan\u00e7ando e cantando em un\u00edssono. O cen\u00e1rio natural da praia, com o mar ao fundo, representa a imensid\u00e3o do amor divino que permeia todas as coisas, enquanto a comunidade se une, fortalecida, para espalhar a luz e o amor de Rastafari ao mundo.\u201d, revela.<\/em><\/p>\n\n\n\n<p><strong>Influ\u00eancias e colabora\u00e7\u00f5es<\/strong><\/p>\n\n\n\n<p>Musicalmente, &#8220;Por Ti&#8221; se inspira na velha guarda do reggae jamaicano, com refer\u00eancias a nomes como<strong> Inna the Yard, The Congos e Midnite<\/strong>. A colabora\u00e7\u00e3o com Rebel Layonn foi natural, fruto de uma longa amizade entre os m\u00fasicos, al\u00e9m de que sua escolha tamb\u00e9m combina com a mensagem da faixa.<\/p>\n\n\n\n<p><em>\u201cNos conhecemos quando ele veio visitar o Brasil, nossas fam\u00edlias viraram amigas e montamos uma banda juntos. Essa amizade perdura at\u00e9 hoje com muita cumplicidade e contribui\u00e7\u00f5es positivas n\u00e3o s\u00f3 para a m\u00fasica, mas tamb\u00e9m as conex\u00f5es espirituais, al\u00e9m de ele ter uma voz potente que toca cora\u00e7\u00f5es como ningu\u00e9m.\u201d, afirmou.<\/em><\/p>\n","protected":false},"excerpt":{"rendered":"<p>Com lan\u00e7amento marcado para 8 de novembro, o cantor lan\u00e7a a nova parceria e aborda f\u00e9 e espiritualidade Rastaf\u00e1ri. Rafyah apresenta seu mais novo single, &#8220;Por Ti&#8221;, em parceria com Rebel Layonn, expoente do reggae diretamente do Haiti. A faixa chega aos apps de m\u00fasica em 8 de novembro, marcando mais um passo importante na [&hellip;]<\/p>\n","protected":false},"author":1,"featured_media":3651,"comment_status":"open","ping_status":"open","sticky":false,"template":"","format":"standard","meta":{"footnotes":""},"categories":[27],"tags":[],"class_list":["post-3650","post","type-post","status-publish","format-standard","has-post-thumbnail","hentry","category-musica"],"_links":{"self":[{"href":"https:\/\/diarioparanaense.com\/index.php?rest_route=\/wp\/v2\/posts\/3650","targetHints":{"allow":["GET"]}}],"collection":[{"href":"https:\/\/diarioparanaense.com\/index.php?rest_route=\/wp\/v2\/posts"}],"about":[{"href":"https:\/\/diarioparanaense.com\/index.php?rest_route=\/wp\/v2\/types\/post"}],"author":[{"embeddable":true,"href":"https:\/\/diarioparanaense.com\/index.php?rest_route=\/wp\/v2\/users\/1"}],"replies":[{"embeddable":true,"href":"https:\/\/diarioparanaense.com\/index.php?rest_route=%2Fwp%2Fv2%2Fcomments&post=3650"}],"version-history":[{"count":1,"href":"https:\/\/diarioparanaense.com\/index.php?rest_route=\/wp\/v2\/posts\/3650\/revisions"}],"predecessor-version":[{"id":3652,"href":"https:\/\/diarioparanaense.com\/index.php?rest_route=\/wp\/v2\/posts\/3650\/revisions\/3652"}],"wp:featuredmedia":[{"embeddable":true,"href":"https:\/\/diarioparanaense.com\/index.php?rest_route=\/wp\/v2\/media\/3651"}],"wp:attachment":[{"href":"https:\/\/diarioparanaense.com\/index.php?rest_route=%2Fwp%2Fv2%2Fmedia&parent=3650"}],"wp:term":[{"taxonomy":"category","embeddable":true,"href":"https:\/\/diarioparanaense.com\/index.php?rest_route=%2Fwp%2Fv2%2Fcategories&post=3650"},{"taxonomy":"post_tag","embeddable":true,"href":"https:\/\/diarioparanaense.com\/index.php?rest_route=%2Fwp%2Fv2%2Ftags&post=3650"}],"curies":[{"name":"wp","href":"https:\/\/api.w.org\/{rel}","templated":true}]}}