{"id":3647,"date":"2024-11-07T10:23:23","date_gmt":"2024-11-07T13:23:23","guid":{"rendered":"https:\/\/diarioparanaense.com\/?p=3647"},"modified":"2024-11-07T10:23:24","modified_gmt":"2024-11-07T13:23:24","slug":"patricia-ahmaral-lanca-single-de-cajuina-com-feat-de-fernanda-takai-e-producao-musical-de-john-ulhoa-para-homenagear-os-80-anos-de-nascimento-do-poeta-torquato-neto-1944-1972","status":"publish","type":"post","link":"https:\/\/diarioparanaense.com\/?p=3647","title":{"rendered":"PATR\u00cdCIA AHMARAL LAN\u00c7A SINGLE DE \u201cCAJU\u00cdNA\u201d COM FEAT DE FERNANDA TAKAI E PRODU\u00c7\u00c3O MUSICAL DE JOHN ULHOA, PARA HOMENAGEAR OS 80 ANOS DE NASCIMENTO DO POETA TORQUATO NETO (1944-1972)."},"content":{"rendered":"\n<p>Com a grava\u00e7\u00e3o da ic\u00f4nica can\u00e7\u00e3o de Caetano Veloso, a cantora belo-horizontina quer lembrar a efem\u00e9ride, que acontece em 9 de novembro. Na sequ\u00eancia, ela tamb\u00e9m faz dois shows em Belo Horizonte, com repert\u00f3rio de seu \u00e1lbum tributo \u201cPatr\u00edcia Ahmaral Canta Torquato Neto\u201d.<\/p>\n\n\n\n<p>No pr\u00f3ximo dia 9 de novembro de 2024, o poeta, letrista e multiartista piauiense Torquato Neto (1944-1972) faria 80 anos. A partir de Belo Horizonte, o autor recebe da cantora Patr\u00edcia Ahmaral, homenagem simb\u00f3lica, com grava\u00e7\u00e3o e lan\u00e7amento em single, da faixa&nbsp; \u201cCaju\u00edna\u201d, a ic\u00f4nica can\u00e7\u00e3o de Caetano Veloso, composta depois de uma visita do m\u00fasico ao pai de Torquato, Heli da Rocha Nunes, alguns anos ap\u00f3s a morte do poeta.<\/p>\n\n\n\n<p>O projeto chega j\u00e1 est\u00e1 nas plataformas digitais trazendo duas colabora\u00e7\u00f5es pra l\u00e1 de especiais: produ\u00e7\u00e3o musical de John Ulhoa e feat de Fernanda Takai.<\/p>\n\n\n\n<p>Patr\u00edcia comenta sobre a faixa: \u201cEmbora os versos de Caju\u00edna retratem o momento do encontro de Caetano Veloso com o Sr. Heli, em Teresina, terra natal de Torquato, a letra nos conecta com a passagem breve e marcante de Torquato entre n\u00f3s. E traz talvez uma met\u00e1fora da dualidade, a fragilidade e a for\u00e7a que marcaram sua vida:&nbsp; \u00b4&#8230; apenas a mat\u00e9ria vida era t\u00e3o fina\/\u00b4. Achei que seria uma homenagem bonita, na sequ\u00eancia do songbook que lancei em 2023 com as suas parcerias (confira:&nbsp;<a href=\"https:\/\/linktr.ee\/patricia_canta_torqua_duplo\" target=\"_blank\" rel=\"noreferrer noopener\">https:\/\/linktr.ee\/patricia_canta_torqua_duplo<\/a>), e na perspectiva do octogen\u00e1rio.<\/p>\n\n\n\n<p>Al\u00e9m de assinar a produ\u00e7\u00e3o musical do single, John Ulhoa executa todos os instrumentos. O arranjo traz uma atmosfera po\u00e9tica, delicada e dram\u00e1tica ao mesmo tempo, no di\u00e1logo entre instrumentos tocados e efeitos eletr\u00f4nicos, sem abrir m\u00e3o das belezas mel\u00f3dica e harm\u00f4nica originais da can\u00e7\u00e3o. Com dois especiais instrumentais inclu\u00eddos, a letra da m\u00fasica \u00e9 cantada duas vezes, uma por Patr\u00edcia e outra por Fernanda Takai. Ao final da m\u00fasica, elas dialogam com palavras chave do poema.<\/p>\n\n\n\n<p>\u201cA colabora\u00e7\u00e3o do John e da Fernanda na faixa \u00e9 cheia de sentidos muito simb\u00f3licos pra mim\u201d, explica Patr\u00edcia. \u201cS\u00e3o dois artistas da minha gera\u00e7\u00e3o que admiro demais, e que s\u00e3o linkados aos territ\u00f3rios mais inventivos da cena! E isso tem tudo a ver com Torquato Neto. Tanto John, na produ\u00e7\u00e3o, quanto Fernanda, cantando, deslocam e criam um contexto muito especial para a can\u00e7\u00e3o! Sem falar que foi uma honra pra mim, t\u00ea-los junto no projeto!\u201d<\/p>\n\n\n\n<p>LAN\u00c7AMENTO SINGLE \u201cCAJU\u00cdNA\u201d:<\/p>\n\n\n\n<p>Faixa: Caju\u00edna (Caetano Veloso)<\/p>\n\n\n\n<p>Data de lan\u00e7amento: 07\/11, a partir da 00h, em todas as plataformas digitais.<\/p>\n\n\n\n<p>Ficha T\u00e9cnica single:<\/p>\n\n\n\n<p>Artista: Patr\u00edcia Ahmaral<\/p>\n\n\n\n<p>Feat: Fernanda Takai (artista gentilmente cedida pela Deck)<\/p>\n\n\n\n<p>Produ\u00e7\u00e3o musical, contrabaixo, guitarra, teclados, respira\u00e7\u00e3o, programa\u00e7\u00f5es: John Ulhoa<\/p>\n\n\n\n<p>Gravado, mixado e masterizado por John Ulhoa, no est\u00fadio 128 Japs (BH)<\/p>\n\n\n\n<p>Arte gr\u00e1fica capa: Andrea Pedro<\/p>\n\n\n\n<p>Foto capa: Marlon de Paula<\/p>\n\n\n\n<p>Distribui\u00e7\u00e3o digital: Tratore<\/p>\n\n\n\n<p>O SHOW TORQUATO 80<\/p>\n\n\n\n<p>J\u00e1 no show \u201cTorquato 80\u201d,&nbsp; dias 13 e 19 de novembro, no Atelier Art\u00edstico Casa da Voz, em BH, Patr\u00edcia leva para o palco pela primeira vez o repert\u00f3rio do \u00e1lbum \u201cPatr\u00edcia Ahmaral Canta Torquato Neto &#8211; Um Poeta Desfolha A Bandeira (1) &amp; A Coisa Mais Linda Que Existe (2)\u201d, projeto celebrado dentro da m\u00fasica brasileira, como o primeiro songbook de grava\u00e7\u00f5es dedicadas ao cancioneiro do autor. Com 19 faixas e divulgado nas plataformas em dezembro de 2023, o \u00e1lbum duplo contou com dire\u00e7\u00e3o art\u00edstica do cantor e compositor Zeca Baleiro e produ\u00e7\u00e3o musical do multi-instrumentista e produtor Rog\u00e9rio Delayon (BH) e da dupla de produtores Marion Lemonnier (Houfleur &#8211; FR) e Walter Costa (Niter\u00f3i).<\/p>\n\n\n\n<p>No show com ela, Rog\u00e9rio Delayon (cordas e dire\u00e7\u00e3o musical) e D\u00e9bora Costa (percuss\u00e3o eletr\u00f4nica). A dire\u00e7\u00e3o c\u00eanica \u00e9 do ator, diretor e cantor Marcelo Veronez, que tamb\u00e9m faz participa\u00e7\u00e3o.<\/p>\n\n\n\n<p>Vendas antecipadas, pelo Sympla: R$ 60,00 (inteira) e R$ 30,00 (meia):<\/p>\n\n\n\n<p><a href=\"https:\/\/www.sympla.com.br\/evento\/torquato-80-patricia-ahmaral-canta-torquato-neto\/2667044?share_id=copiarlink\">https:\/\/www.sympla.com.br\/evento\/torquato-80-patricia-ahmaral-canta-torquato-neto\/2667044?share_id=copiarlink<\/a><\/p>\n\n\n\n<p>CONTATO<\/p>\n\n\n\n<p>Ana Paula Romeiro Assessoria de Imprensa<\/p>\n\n\n\n<p><a href=\"mailto:apaula.romeiro@gmail.com\" target=\"_blank\" rel=\"noreferrer noopener\">apaula.romeiro@gmail.com<\/a>&nbsp;\/ Tel.: (21) 99601.3908 \/ 3283.8258<\/p>\n\n\n\n<p>SOBRE PATR\u00cdCIA AHMARAL &#8211; PATR\u00cdCIA AHMARAL desenvolveu sua carreira a partir dos anos 1990, em efervescente cena cultural belo-horizontina. Artista reconhecida dentro da m\u00fasica produzida a partir de Minas Gerais, participou de projetos importante no pa\u00eds, como \u201cPrata Da Casa\u201d (Sesc Pompeia), \u201cNovo Canto\u201d (RJ), \u201cBem Brasil\u201d (TV Cultura &#8211; SP) e, \u201cConex\u00e3o Vivo\u201d (MG e capitais no pa\u00eds), entre outros.<\/p>\n\n\n\n<p>Com cinco \u00e1lbuns lan\u00e7ados at\u00e9 o momento, dedica-se atualmente \u00e0 divulga\u00e7\u00e3o de seu trabalho mais acalentado, um \u00e1lbum duplo que gravou, reunindo as parcerias musicais do poeta e multiartista piauiense TORQUATO NETO (1944-1972), projeto in\u00e9dito na m\u00fasica brasileira. O tributo contou com a dire\u00e7\u00e3o art\u00edstica do compositor ZECA BALEIRO e produ\u00e7\u00e3o musical do multiinstrumentista ROG\u00c9RIO DELAYON (Belo Horizonte) e da dupla de produtores MARION LEMONNER (Honfleur-FR)&nbsp; e WALTER COSTA (Petr\u00f3polis) e participa\u00e7\u00f5es especiais da BANDA DE PAU E CORDA, de CHICO C\u00c9SAR, JARDS MACAL\u00c9, MAUR\u00cdCIO PEREIRA E TONHO PENHASCO, N\u00c1 OZZETTI, PAULINHO MOSKA e ZECA BALEIRO. Com o trabalho, venceu o \u201cPR\u00caMIO FL\u00c1VIO HENRIQUE &#8211; 2024\u2019, do BDMG Cultural, na categoria Int\u00e9rprete.<\/p>\n\n\n\n<p>Seus \u00e1lbuns anteriores s\u00e3o \u201cAh!\u201d (1999), produzido por ZECA BALEIRO,\u201cVitrola Alquimista\u201d (2004), produzido por RENATO VILLA\u00c7A e \u201cSuperpoder\u201d (2011), produzido por FERNANDO NUNES. Em 2021, ap\u00f3s um per\u00edodo sem cantar e gravar, retoma a carreira e lan\u00e7a o \u00e1lbum \u201cAh!Vivo!\u201d registro do show celebrat\u00f3rio do tempo de carreira discogr\u00e1fica, realizado no Grande Teatro Cine Theatro Brasil Vallourec, em 2019.<\/p>\n\n\n\n<p>Em seus primeiros discos, ela celebra com paix\u00e3o a obra de compositores como S\u00c9RGIO SAMPAIO, WALTER FRANCO, RAUL SEIXAS, ALCEU VALEN\u00c7A, os associando a nomes da cena independente, como MATHILDA K\u00d3VAK, SUELY MESQUITA, KALIC, LUI\u00cdS CAPUCHO, EDVALDO SANTANA e a compositores expoentes de sua gera\u00e7\u00e3o, como FERNANDA TAKAI, ZECA BALEIRO, VANDER LEE e CHICO C\u00c9SAR. Gravou releituras inspiradas para cl\u00e1ssicos, como \u201cN\u00e3o Creio Em Mais Nada\u201d (Tot\u00f3) e \u201cA Volta Do Bo\u00eamio\u201d (Adelino Moreira).<\/p>\n\n\n\n<p>Entre seus trabalhos de maior visibilidade, destaque para a abertura da NOVELA \u201cXica Da Silva\u201d, o tema \u201cXica Rainha\u201d, e &#8220;Quenda&#8221; tema do personagem principal, na trilha de MARCUS VIANA para a trama (Rede Manchete).<\/p>\n\n\n\n<p>Atrav\u00e9s de festivais e de seus projetos pessoais, j\u00e1 cantou ao lado de nomes como RITA BENEDITO, OTTO, VANDER LEE, TONINHO HORTA, PAULINHO MOSKA, TITANE, N\u00c1 OZZETTI, CHICO C\u00c9SAR, MAUR\u00cdCIO PEREIRA, entre outros.<\/p>\n\n\n\n<p>Patr\u00edcia \u00e9 tamb\u00e9m compositora e prepara \u00e1lbum com can\u00e7\u00f5es suas e em parcerias, para 2025, atrav\u00e9s de projeto contemplado pela Lei Paulo Gustavo &#8211; editais Minas Gerais.<\/p>\n\n\n\n<p>\u00c9 formada em canto l\u00edrico pela UFMG e, paralelamente ao canto popular, tem atua\u00e7\u00f5es como solista em \u00f3peras e concertos.<\/p>\n\n\n\n<p>Para hist\u00f3rico completo:&nbsp;<a href=\"https:\/\/patriciaahmaral.com.br\/\" target=\"_blank\" rel=\"noreferrer noopener\">https:\/\/patriciaahmaral.com.br\/<\/a><\/p>\n\n\n\n<p><a href=\"https:\/\/www.instagram.com\/patriciapereiraamaral\">https:\/\/www.instagram.com\/patriciapereiraamaral<\/a><\/p>\n\n\n\n<figure class=\"wp-block-embed is-type-rich is-provider-spotify wp-block-embed-spotify wp-embed-aspect-21-9 wp-has-aspect-ratio\"><div class=\"wp-block-embed__wrapper\">\n<iframe title=\"Spotify Embed: Patr\u00edcia Ahmaral\" style=\"border-radius: 12px\" width=\"100%\" height=\"352\" frameborder=\"0\" allowfullscreen allow=\"autoplay; clipboard-write; encrypted-media; fullscreen; picture-in-picture\" loading=\"lazy\" src=\"https:\/\/open.spotify.com\/embed\/artist\/2iWBU8uSOix81wnZtwDqLx?si=pIUodlKoSDaIt_HGSSrxGw&#038;utm_source=oembed\"><\/iframe>\n<\/div><\/figure>\n\n\n\n<p>SOBRE TORQUATO NETO&nbsp; &#8211; O poeta, letrista, jornalista, cineasta e ator Torquato Neto nasceu em 1944, em Teresina (PI). Ap\u00f3s seu anivers\u00e1rio de 28 anos, cometeu suic\u00eddio, na madrugada de 10 de novembro de 1972, abrindo o g\u00e1s no banheiro do apartamento onde morava, no Rio de Janeiro, cidade para onde se transferiu em 1962. Parceiro e amigo de Gilberto Gil, de Caetano Veloso, de Jards Macal\u00e9, amigo do artista pl\u00e1stico H\u00e9lio Oiticica, interlocutor do poeta D\u00e9cio Pignatari, do cineasta Ivan Cardoso e de outros nomes expoentes, foi defensor das artes de vanguarda como o cinema marginal e a poesia concreta e um dos principais mentores da Tropic\u00e1lia, segundo atesta Gilberto Gil: Ele, Capinam e Caetano formavam um trip\u00e9.&nbsp; Torquato figura na capa do \u00e1lbum manifesto Tropic\u00e1lia Ou Panis Et Circensis e assina duas das faixas, Gel\u00e9ia Geral, com Gil e Mam\u00e3e Coragem, com Caetano.<\/p>\n\n\n\n<p>Entre 1967 e 1972, escreveu colunas culturais, dentre elas, a mais famosa, Gel\u00e9ia Geral, que manteve&nbsp; por alguns meses entre 1971 e 1972, no Jornal \u00daltima Hora, inaugurando um estilo singular, numa impressionante cr\u00f4nica sobre a revolu\u00e7\u00e3o que acontecia na m\u00fasica e nas artes nacionais naquele per\u00edodo. Torquato deixou um legado breve, fragment\u00e1rio e plural, em jornalismo, poesia, cinema e composi\u00e7\u00f5es, cada vez mais reverenciado em teses acad\u00eamicas, document\u00e1rios e compila\u00e7\u00f5es. Segundo o poeta e pesquisador Marcelo Dolabela (1957 &#8211; 2020), \u201cTorquato Neto \u00e9 um dos poucos que se inserem no selet\u00edssimo grupo de artistas que, ap\u00f3s a morte, tiveram mais obras lan\u00e7adas do que quando em vida. Est\u00e1 ao lado de Carlos Drummond de Andrade, Paulo Leminski e Vin\u00edcius de Morais\u201d.&nbsp; Em 2023, as obras de Torquato foram declaradas \u201cPatrim\u00f4nio Cultural Imaterial do Brasil\u201d pela C\u00e2mara dos Deputados. O ano de 2024 trar\u00e1 os 80 anos de nascimento do artista.<\/p>\n\n\n\n<p>Site Torquato Neto:&nbsp;<a href=\"https:\/\/www.torquatoneto.com.br\/\" target=\"_blank\" rel=\"noreferrer noopener\">https:\/\/www.torquatoneto.com.br\/<\/a><\/p>\n\n\n\n<p>Refer\u00eancias:<\/p>\n\n\n\n<p>Gilberto Gil em Torquato Neto &#8211; o v\u00f4o de fogo do poeta terminal, Tarik de Souza, 1984:<\/p>\n\n\n\n<p>(Torquato) foi uma das pessoas mais influentes no sentido do levantamento ideol\u00f3gico da postura tropicalista. Ele, Capinam e Caetano formavam um trip\u00e9 (&#8230;).<\/p>\n\n\n\n<p>Cl\u00e1udio Portella, no pref\u00e1cio de Melhores Poemas, 2018:<\/p>\n\n\n\n<p>Conforme (afirma) Jos\u00e9 Miguel Wisnik, ele \u00e9 o primeiro a unificar a densidade entre a poesia escrita e a cantada.<\/p>\n\n\n\n<p>Paulo Leminski, em Folha De S\u00e3o Paulo, Folhetim, 7\/11\/1982:<\/p>\n\n\n\n<p>Torquato marca uma mudan\u00e7a radical, um salto quantitativo, na hist\u00f3ria disso que se chama, na falta de termo melhor, poesia brasileira. Poesia que, hoje, n\u00e3o apenas se l\u00ea nos livros, mas se escuta nas can\u00e7\u00f5es, nos discos, nos r\u00e1dios, na TV, na vida, enfim. Torquato tem muito que ver com isso (&#8230;) Porque, com Torquato, come\u00e7a a existir essa estranha estirpe de poetas: os letristas.<\/p>\n\n\n\n<p>Tom Z\u00e9 fala sobre Torquato Neto<\/p>\n\n\n\n<p>Gilberto Gil fala sobre Torquato Neto<\/p>\n\n\n\n<p>Documento Especial\u05c3&nbsp;Torquato Neto, O Anjo Torto da Tropic\u00e1lia Ivan Cardoso, 1992 Parte 1 de 2<\/p>\n\n\n\n<p>Ou\u00e7a o \u00fanico registro da voz de Torquato Neto, \u00e1udio recuperado em 2014 pelo radialista Vanderlei Malta, que o entrevistou no festival da Record de 1968.<\/p>\n\n\n\n<figure class=\"wp-block-embed is-type-video is-provider-youtube wp-block-embed-youtube wp-embed-aspect-4-3 wp-has-aspect-ratio\"><div class=\"wp-block-embed__wrapper\">\n<iframe loading=\"lazy\" title=\"Encontrada grava\u00e7\u00e3o in\u00e9dita com \u00fanico registro de voz de Torquato Neto\" width=\"696\" height=\"522\" src=\"https:\/\/www.youtube.com\/embed\/yTdCid6sQz0?feature=oembed\" frameborder=\"0\" allow=\"accelerometer; autoplay; clipboard-write; encrypted-media; gyroscope; picture-in-picture; web-share\" referrerpolicy=\"strict-origin-when-cross-origin\" allowfullscreen><\/iframe>\n<\/div><\/figure>\n","protected":false},"excerpt":{"rendered":"<p>Com a grava\u00e7\u00e3o da ic\u00f4nica can\u00e7\u00e3o de Caetano Veloso, a cantora belo-horizontina quer lembrar a efem\u00e9ride, que acontece em 9 de novembro. Na sequ\u00eancia, ela tamb\u00e9m faz dois shows em Belo Horizonte, com repert\u00f3rio de seu \u00e1lbum tributo \u201cPatr\u00edcia Ahmaral Canta Torquato Neto\u201d. No pr\u00f3ximo dia 9 de novembro de 2024, o poeta, letrista e [&hellip;]<\/p>\n","protected":false},"author":1,"featured_media":3648,"comment_status":"open","ping_status":"open","sticky":false,"template":"","format":"standard","meta":{"footnotes":""},"categories":[27],"tags":[],"class_list":["post-3647","post","type-post","status-publish","format-standard","has-post-thumbnail","hentry","category-musica"],"_links":{"self":[{"href":"https:\/\/diarioparanaense.com\/index.php?rest_route=\/wp\/v2\/posts\/3647","targetHints":{"allow":["GET"]}}],"collection":[{"href":"https:\/\/diarioparanaense.com\/index.php?rest_route=\/wp\/v2\/posts"}],"about":[{"href":"https:\/\/diarioparanaense.com\/index.php?rest_route=\/wp\/v2\/types\/post"}],"author":[{"embeddable":true,"href":"https:\/\/diarioparanaense.com\/index.php?rest_route=\/wp\/v2\/users\/1"}],"replies":[{"embeddable":true,"href":"https:\/\/diarioparanaense.com\/index.php?rest_route=%2Fwp%2Fv2%2Fcomments&post=3647"}],"version-history":[{"count":1,"href":"https:\/\/diarioparanaense.com\/index.php?rest_route=\/wp\/v2\/posts\/3647\/revisions"}],"predecessor-version":[{"id":3649,"href":"https:\/\/diarioparanaense.com\/index.php?rest_route=\/wp\/v2\/posts\/3647\/revisions\/3649"}],"wp:featuredmedia":[{"embeddable":true,"href":"https:\/\/diarioparanaense.com\/index.php?rest_route=\/wp\/v2\/media\/3648"}],"wp:attachment":[{"href":"https:\/\/diarioparanaense.com\/index.php?rest_route=%2Fwp%2Fv2%2Fmedia&parent=3647"}],"wp:term":[{"taxonomy":"category","embeddable":true,"href":"https:\/\/diarioparanaense.com\/index.php?rest_route=%2Fwp%2Fv2%2Fcategories&post=3647"},{"taxonomy":"post_tag","embeddable":true,"href":"https:\/\/diarioparanaense.com\/index.php?rest_route=%2Fwp%2Fv2%2Ftags&post=3647"}],"curies":[{"name":"wp","href":"https:\/\/api.w.org\/{rel}","templated":true}]}}