{"id":3644,"date":"2024-11-06T16:15:50","date_gmt":"2024-11-06T19:15:50","guid":{"rendered":"https:\/\/diarioparanaense.com\/?p=3644"},"modified":"2024-11-06T16:15:51","modified_gmt":"2024-11-06T19:15:51","slug":"nico-rezende-lanca-album-autoral-apos-12-anos","status":"publish","type":"post","link":"https:\/\/diarioparanaense.com\/?p=3644","title":{"rendered":"Nico Rezende lan\u00e7a \u00e1lbum autoral ap\u00f3s 12 anos"},"content":{"rendered":"\n<p><strong>Ou\u00e7a aqui \u201cPrimeira Vez\u201d:<\/strong><\/p>\n\n\n\n<p><a href=\"https:\/\/tratore.ffm.to\/nicorezendeprimeiravez\">https:\/\/tratore.ffm.to\/nicorezendeprimeiravez<\/a><\/p>\n\n\n\n<p>Nico Rezende lan\u00e7a, depois de 12 anos, novo \u00e1lbum autoral \u201cPrimeira vez\u201d. \u00c9 o seu 10\u00ba \u00e1lbum autoral, sendo lan\u00e7ado 40 anos depois do compacto simples em 1984.<\/p>\n\n\n\n<p>\u201cPrimeira vez\u201d \u00e9 o 1\u00ba disco autoral desde \u201cPiano e voz\u201d (2012), e traz participa\u00e7\u00f5es especial\u00edssimas de Isabella Taviani, em \u201cPrimeira vez\u201d (parceria com Nelson Motta), que d\u00e1 t\u00edtulo ao \u00e1lbum, Roberta Campos em \u201cUm amor puro\u201d (parceria Nico\/Roberta) ,e tamb\u00e9m Ive, na faixa \u201cEsquece e vem\u201d, (parceria com Paulinho Lima).<\/p>\n\n\n\n<p>\u201cAdmirando o sol, que surge com o mesmo vigor e beleza a cada manh\u00e3, procuro olhar pra tr\u00e1s e lembrar dessa estrada, cheia de altos e baixos, mas&nbsp; sempre acompanhada de belos acordes e lindas melodias. Chegar aqui n\u00e3o foi f\u00e1cil, com certeza, mas observando a trajet\u00f3ria do sol, rompendo o horizonte a cada novo dia, como se fosse a \u201cPrimeira vez\u201d, me sinto uma crian\u00e7a, com o peito cheio de amor e esperan\u00e7a, compondo e cantando, tocando e tocando&#8230;\u201d, diz um emocionado Nico.<\/p>\n\n\n\n<p>O \u00e1lbum foi concebido e teve todas as bases gravadas no est\u00fadio de Rezende, o Studiobeat, e finalizado com baterias, baixos e metais no Estudio 2, de Andr\u00e9 Vasconcelos e Fabricio Matos.<\/p>\n\n\n\n<p>\u201cPrimeira vez\u201d, uma melodia que passeou pelos meus ouvidos at\u00e9 ser gravada e enviada pro Nelsinho, um antigo sonho de consumo, como parceiro. Quando recebi a letra e toquei no piano, as l\u00e1grimas brotaram, tamanha sensibilidade, encaixe e precis\u00e3o dos versos com a melodia\u201d, conta Nico Rezende.<\/p>\n\n\n\n<p>\u201cFoi uma alegria a parceria com o Nico, que sempre admirei, nessa balada\u00e7a bem romantica, como eu gosto, e letra e m\u00fasica se misturarm com naturalidade. \u00c9 de chorar.\u201d, comenta Nelson Motta.<\/p>\n\n\n\n<p>J\u00e1 Isabella trouxe um sabor especial, convidada pelo amigo Andr\u00e9 Neiva, e arrasou na interpreta\u00e7\u00e3o.<\/p>\n\n\n\n<p>\u201cUm amor puro\u201d foi uma m\u00fasica escrita em plena pandemia, em parceria com a Roberta Campos, \u201cum amor de pessoa, uma menina iluminada e uma compositora de m\u00e3o cheia. Enviei a melodia pra ela, que me retornou rapidamente com essa letra maravilhosa. Um presente que deixa seus sinais. Gravamos as vozes, eu no Rio e ela em Sampa, depois fizemos um clipe no Rio de Janeiro e a coisa fluiu pra uma segunda can\u00e7\u00e3o, ainda in\u00e9dita. Um presente!\u201d, destaca o artista<\/p>\n\n\n\n<p>\u201cDe volta pro frio\u201d, faixa do 4\u00ba \u00e1lbum de Nico, \u201cTudo ficou pra tr\u00e1s\u201d, foi revisitada depois de Nico ouvir v\u00e1rias vezes a original e tamb\u00e9m uma linda vers\u00e3o, gravada pelo Paulo Ricardo. A fam\u00edlia tamb\u00e9m pesou na decis\u00e3o de regravar essa can\u00e7\u00e3o, com letra do talentoso Claudio Rabello. O resultado surpreendeu, com o afiado naipe de metais, com Vander Nascimento pilotando.<\/p>\n\n\n\n<p>\u201cEsquece e vem\u201c, com participa\u00e7\u00e3o da Ive, \u00e9 um dos grandes cl\u00e1ssicos de Nico, sen\u00e3o o maior, com letra inspirad\u00edssima do grande Paulinho Lima, num arranjo em clima de luau, com viol\u00f5es e um clipe gravado&nbsp; entre Rio e Lisboa.<\/p>\n\n\n\n<p>\u201cPra que serve uma can\u00e7\u00e3o\u201d \u00e9 uma prova do talento de um garimpeiro das palavras, Dudu Falc\u00e3o, que letrou uma melodia, enviada por Nico. \u201cOs versos andariam soltos se o amor n\u00e3o fosse uma pris\u00e3o\u201d. Com direito a clipe gravado no Teatro Municipal de Niter\u00f3i. \u201cNa minha vis\u00e3o, uma das mais belas can\u00e7\u00f5es que j\u00e1 escrevi\u201d.<\/p>\n\n\n\n<p>\u201cVida que segue\u201d, surgiu em um sonho, literalmente, durante a pandemia. Nico acordou de madrugada e gravou no celular a melodia, j\u00e1 com boa parte da letra, ele voltou a dormir e, de manh\u00e3, percebeu que n\u00e3o era um devaneio, e sim uma can\u00e7\u00e3o de verdade, que fala sobre a esperan\u00e7a e o futuro promissor, com clipe em est\u00fadio, dirigido por Olivio Petit.<\/p>\n\n\n\n<p>\u201cSigno de ar\u201d, parceria com o meu querido libriano, Jorge Vercillo, pro qual enviei uma melodia e fomos construindo a letra, nas ruas do condom\u00ednio onde ele mora, com direito a seguran\u00e7a nos abordando na madrugada, questionando se \u00e9ramos \u201cdesocupados\u201d, he, he. O resultado maravilhoso foi registrado em disco pelo pr\u00f3prio Jorge e agora por mim, num clima lounge bossa-nova.<\/p>\n\n\n\n<p>\u201cPegadas\u201d, \u00e9 uma can\u00e7\u00e3o composta em parceria com Alex Moreira, querido amigo, irm\u00e3o, m\u00fasico que nos deixou recentemente, deixando uma saudade imensa, do tamanho da beleza dos seus versos, na can\u00e7\u00e3o, como: \u201cPegadas que eu deixei pela areia s\u00e3o marcas que eu guardei no cora\u00e7\u00e3o\u201d.Um irm\u00e3o que se foi e deixa um legado imenso. A can\u00e7\u00e3o \u00e9 prima-irm\u00e3 de \u201cEsquece e vem\u201d, meu primeiro sucesso.\u201d<\/p>\n\n\n\n<p>\u201cMelodia sem final\u201d, \u00e9 uma can\u00e7\u00e3o composta na mesa de um bar, sem instrumento, anos atr\u00e1s, no dia em que Maria Rita, ex-esposa do rei Roberto Carlos, amigo querido de Nico, se foi, \u201ce eu escrevi melodia e letra simultaneamente e estou tirando, finalmente, do ba\u00fa, e gravando pela \u201cPrimeira vez\u201d.<\/p>\n\n\n\n<p>40 anos de estrada, regados com muita m\u00fasica&#8230;<\/p>\n","protected":false},"excerpt":{"rendered":"<p>Ou\u00e7a aqui \u201cPrimeira Vez\u201d: https:\/\/tratore.ffm.to\/nicorezendeprimeiravez Nico Rezende lan\u00e7a, depois de 12 anos, novo \u00e1lbum autoral \u201cPrimeira vez\u201d. \u00c9 o seu 10\u00ba \u00e1lbum autoral, sendo lan\u00e7ado 40 anos depois do compacto simples em 1984. \u201cPrimeira vez\u201d \u00e9 o 1\u00ba disco autoral desde \u201cPiano e voz\u201d (2012), e traz participa\u00e7\u00f5es especial\u00edssimas de Isabella Taviani, em \u201cPrimeira vez\u201d [&hellip;]<\/p>\n","protected":false},"author":1,"featured_media":3645,"comment_status":"open","ping_status":"open","sticky":false,"template":"","format":"standard","meta":{"footnotes":""},"categories":[27],"tags":[],"class_list":["post-3644","post","type-post","status-publish","format-standard","has-post-thumbnail","hentry","category-musica"],"_links":{"self":[{"href":"https:\/\/diarioparanaense.com\/index.php?rest_route=\/wp\/v2\/posts\/3644","targetHints":{"allow":["GET"]}}],"collection":[{"href":"https:\/\/diarioparanaense.com\/index.php?rest_route=\/wp\/v2\/posts"}],"about":[{"href":"https:\/\/diarioparanaense.com\/index.php?rest_route=\/wp\/v2\/types\/post"}],"author":[{"embeddable":true,"href":"https:\/\/diarioparanaense.com\/index.php?rest_route=\/wp\/v2\/users\/1"}],"replies":[{"embeddable":true,"href":"https:\/\/diarioparanaense.com\/index.php?rest_route=%2Fwp%2Fv2%2Fcomments&post=3644"}],"version-history":[{"count":1,"href":"https:\/\/diarioparanaense.com\/index.php?rest_route=\/wp\/v2\/posts\/3644\/revisions"}],"predecessor-version":[{"id":3646,"href":"https:\/\/diarioparanaense.com\/index.php?rest_route=\/wp\/v2\/posts\/3644\/revisions\/3646"}],"wp:featuredmedia":[{"embeddable":true,"href":"https:\/\/diarioparanaense.com\/index.php?rest_route=\/wp\/v2\/media\/3645"}],"wp:attachment":[{"href":"https:\/\/diarioparanaense.com\/index.php?rest_route=%2Fwp%2Fv2%2Fmedia&parent=3644"}],"wp:term":[{"taxonomy":"category","embeddable":true,"href":"https:\/\/diarioparanaense.com\/index.php?rest_route=%2Fwp%2Fv2%2Fcategories&post=3644"},{"taxonomy":"post_tag","embeddable":true,"href":"https:\/\/diarioparanaense.com\/index.php?rest_route=%2Fwp%2Fv2%2Ftags&post=3644"}],"curies":[{"name":"wp","href":"https:\/\/api.w.org\/{rel}","templated":true}]}}