{"id":3635,"date":"2024-11-05T11:01:16","date_gmt":"2024-11-05T14:01:16","guid":{"rendered":"https:\/\/diarioparanaense.com\/?p=3635"},"modified":"2024-11-05T11:01:17","modified_gmt":"2024-11-05T14:01:17","slug":"associacao-dos-profissionais-da-copel-tem-nova-diretoria-executiva","status":"publish","type":"post","link":"https:\/\/diarioparanaense.com\/?p=3635","title":{"rendered":"Associa\u00e7\u00e3o dos Profissionais da Copel tem nova diretoria executiva"},"content":{"rendered":"\n<p class=\"has-medium-font-size\"><em>Durante a posse, foi anunciado que o fortalecimento de parcerias e novas atribui\u00e7\u00f5es ser\u00e3o o foco da nova gest\u00e3o<\/em><\/p>\n\n\n\n<p>A Associa\u00e7\u00e3o dos Profissionais da Copel (APC) j\u00e1 tem uma nova diretoria executiva. Sob a presid\u00eancia de Jo\u00e3o Santos, os atuais membros foram apresentados durante solenidade realizada no Instituto de Engenharia do Paran\u00e1 (IEP), no \u00faltimo dia 30 de outubro.<\/p>\n\n\n\n<p>Na ocasi\u00e3o, foram expostas as novas diretrizes e atribui\u00e7\u00f5es da APC, que contam, por exemplo, com o fortalecimento de parcerias que cumpram as expectativas dos associados. Esse momento representa um marco na hist\u00f3ria da representatividade dos profissionais de todos os n\u00edveis da Companhia Paranaense de Energia, pois \u00e9 a primeira diretoria a assumir a gest\u00e3o da associa\u00e7\u00e3o depois da privatiza\u00e7\u00e3o da Copel.<\/p>\n\n\n\n<p>Segundo o presidente da APC, Jo\u00e3o Santos, al\u00e9m de atuar na preserva\u00e7\u00e3o dos interesses dos empregados e aposentados, a gest\u00e3o ter\u00e1 horizontes mais desafiadores:<\/p>\n\n\n\n<p>\u201cExpandir a atua\u00e7\u00e3o da associa\u00e7\u00e3o proporcionar\u00e1 uma contribui\u00e7\u00e3o efetiva no cen\u00e1rio corporativo e na vida dos associados. A cria\u00e7\u00e3o de uma cooperativa de servi\u00e7os pode consolidar a APC como um f\u00f3rum que vai al\u00e9m dos debates, tornando-se uma entidade visivelmente engajada em estimular a participa\u00e7\u00e3o ativa dos profissionais da Copel na constru\u00e7\u00e3o de novos valores\u201d.<\/p>\n\n\n\n<p>A coopera\u00e7\u00e3o com outras institui\u00e7\u00f5es e associa\u00e7\u00f5es tamb\u00e9m est\u00e1 na pauta, junto \u00e0 cria\u00e7\u00e3o de parcerias estrat\u00e9gicas com a Funda\u00e7\u00e3o Copel e empresas patrocinadoras da funda\u00e7\u00e3o, todas direcionadas \u00e0 busca por alternativas que garantam a sustentabilidade dos benef\u00edcios oferecidos aos assistidos e familiares.<\/p>\n\n\n\n<p>\u201cEssas a\u00e7\u00f5es s\u00e3o fundamentais para preservar a sa\u00fade financeira da Funda\u00e7\u00e3o Copel, ao mesmo tempo em que ampliam o atendimento de qualidade para os benefici\u00e1rios\u201d, ressalta Santos.<\/p>\n\n\n\n<p>O Instituto de Engenharia de Paran\u00e1 (IEP) \u00e9 um dos \u00f3rg\u00e3os que pretende estabelecer parcerias com a associa\u00e7\u00e3o. Segundo o presidente do IEP, especialista em gest\u00e3o e engenharia ambiental, Jos\u00e9 Carlos Lopes da Concei\u00e7\u00e3o, as propostas est\u00e3o sendo amadurecidas:<\/p>\n\n\n\n<p>&#8220;Estamos aprimorando algumas ideias para futuras parcerias, com foco em capacita\u00e7\u00e3o e desenvolvimento profissional. A inten\u00e7\u00e3o \u00e9 oferecer desde cursos t\u00e9cnicos at\u00e9 programas de qualifica\u00e7\u00e3o, estruturando projetos s\u00f3lidos que fazem a diferen\u00e7a. Queremos somar for\u00e7as para trazer recursos e implementar essas iniciativas, plantando sementes para o futuro da engenharia civil\u201d, destaca.<\/p>\n\n\n\n<p>Durante o evento, foram citados assuntos como aposentadoria e os benef\u00edcios destinados aos colaboradores em atividade e tamb\u00e9m aos aposentados. Embora a diretoria ainda esteja estudando as melhores op\u00e7\u00f5es, Jo\u00e3o Santos adianta que haver\u00e1 mudan\u00e7as, mas tamb\u00e9m oportunidades:<\/p>\n\n\n\n<p>\u201cEstamos diante de um grande desafio: esta \u00e9 a primeira diretoria a assumir essa nova fase, e nossa meta \u00e9 clara. Queremos aproveitar o conhecimento dos profissionais para promover atividades que realmente impactem e melhorem a qualidade de vida das pessoas. H\u00e1 uma preocupa\u00e7\u00e3o sincera com os interesses dos associados, e consideramos que, juntos, podemos transformar nossa comunidade\u201d, explica.<\/p>\n\n\n\n<p>A diretoria quer motivar todos os profissionais a se associarem \u00e0 APC para consolidar a for\u00e7a da entidade e ampliar sua base de apoio, representatividade e influ\u00eancia. Os copelianos, inclusive aposentados, podem se associar pelo site oficial da associa\u00e7\u00e3o: <a href=\"https:\/\/apccopel.org.br\">https:\/\/apccopel.org.br<\/a><\/p>\n","protected":false},"excerpt":{"rendered":"<p>Durante a posse, foi anunciado que o fortalecimento de parcerias e novas atribui\u00e7\u00f5es ser\u00e3o o foco da nova gest\u00e3o A Associa\u00e7\u00e3o dos Profissionais da Copel (APC) j\u00e1 tem uma nova diretoria executiva. Sob a presid\u00eancia de Jo\u00e3o Santos, os atuais membros foram apresentados durante solenidade realizada no Instituto de Engenharia do Paran\u00e1 (IEP), no \u00faltimo [&hellip;]<\/p>\n","protected":false},"author":1,"featured_media":3636,"comment_status":"open","ping_status":"open","sticky":false,"template":"","format":"standard","meta":{"footnotes":""},"categories":[324],"tags":[],"class_list":["post-3635","post","type-post","status-publish","format-standard","has-post-thumbnail","hentry","category-negocios"],"_links":{"self":[{"href":"https:\/\/diarioparanaense.com\/index.php?rest_route=\/wp\/v2\/posts\/3635","targetHints":{"allow":["GET"]}}],"collection":[{"href":"https:\/\/diarioparanaense.com\/index.php?rest_route=\/wp\/v2\/posts"}],"about":[{"href":"https:\/\/diarioparanaense.com\/index.php?rest_route=\/wp\/v2\/types\/post"}],"author":[{"embeddable":true,"href":"https:\/\/diarioparanaense.com\/index.php?rest_route=\/wp\/v2\/users\/1"}],"replies":[{"embeddable":true,"href":"https:\/\/diarioparanaense.com\/index.php?rest_route=%2Fwp%2Fv2%2Fcomments&post=3635"}],"version-history":[{"count":1,"href":"https:\/\/diarioparanaense.com\/index.php?rest_route=\/wp\/v2\/posts\/3635\/revisions"}],"predecessor-version":[{"id":3637,"href":"https:\/\/diarioparanaense.com\/index.php?rest_route=\/wp\/v2\/posts\/3635\/revisions\/3637"}],"wp:featuredmedia":[{"embeddable":true,"href":"https:\/\/diarioparanaense.com\/index.php?rest_route=\/wp\/v2\/media\/3636"}],"wp:attachment":[{"href":"https:\/\/diarioparanaense.com\/index.php?rest_route=%2Fwp%2Fv2%2Fmedia&parent=3635"}],"wp:term":[{"taxonomy":"category","embeddable":true,"href":"https:\/\/diarioparanaense.com\/index.php?rest_route=%2Fwp%2Fv2%2Fcategories&post=3635"},{"taxonomy":"post_tag","embeddable":true,"href":"https:\/\/diarioparanaense.com\/index.php?rest_route=%2Fwp%2Fv2%2Ftags&post=3635"}],"curies":[{"name":"wp","href":"https:\/\/api.w.org\/{rel}","templated":true}]}}