{"id":3617,"date":"2024-11-01T14:18:55","date_gmt":"2024-11-01T17:18:55","guid":{"rendered":"https:\/\/diarioparanaense.com\/?p=3617"},"modified":"2024-11-01T14:18:55","modified_gmt":"2024-11-01T17:18:55","slug":"aretha-duarte-embarca-rumo-a-africa-com-grupo-de-montanhistas-negros","status":"publish","type":"post","link":"https:\/\/diarioparanaense.com\/?p=3617","title":{"rendered":"Aretha Duarte embarca rumo \u00e0 \u00c1frica com grupo de montanhistas negros"},"content":{"rendered":"\n<p class=\"has-medium-font-size\">Jornada in\u00e9dita celebra ancestralidade africana e promove inclus\u00e3o no montanhismo, inspirando novas gera\u00e7\u00f5es de aventureiros<\/p>\n\n\n\n<p>A montanhista Aretha Duarte, primeira mulher negra latino-americana a alcan\u00e7ar o topo do Everest, j\u00e1 deu in\u00edcio \u00e0 sua nova jornada \u00e9pica e simb\u00f3lica: uma expedi\u00e7\u00e3o ao Monte Kilimanjaro, o pico mais alto da \u00c1frica, com 5.895 metros de altitude no cume Uhuru. Essa expedi\u00e7\u00e3o representa mais que um desafio f\u00edsico; \u00e9 um resgate da ancestralidade e um marco pela equidade e inclus\u00e3o social.<\/p>\n\n\n\n<p>Para essa aventura, Aretha reuniu uma equipe de montanhistas negros que compartilham o prop\u00f3sito de supera\u00e7\u00e3o e transforma\u00e7\u00e3o pessoal. \u201cO Kilimanjaro simboliza mais que uma conquista de altitude; \u00e9 uma conex\u00e3o profunda com nossas ra\u00edzes. Quero que cada pessoa nessa jornada enxergue o quanto \u00e9 capaz de se desafiar, de descobrir for\u00e7as interiores e de abrir caminhos para outros, porque ocupar esse espa\u00e7o \u00e9 poderoso,\u201d afirma Aretha.<\/p>\n\n\n\n<p>Jorge Afonso, 41 anos, analista de sistemas e um dos integrantes da expedi\u00e7\u00e3o, expressa a emo\u00e7\u00e3o de participar da jornada: \u201cEstou ansioso porque \u00e9 uma viagem hist\u00f3rica. Ningu\u00e9m da minha fam\u00edlia nunca foi para a \u00c1frica. Eu, enquanto homem preto, estou descobrindo agora a necessidade de buscar a ancestralidade e resgatar a beleza negra e a autoestima preta. E nossa origem. Poder curtir uma aventura, conhecer um lugar diferente, alegre e inteligente. Poder viver isso de perto \u00e9 enriquecedor.\u201d<\/p>\n\n\n\n<p>Outro membro da equipe, Danilo Mendes, 39 anos, operador de terminal, destaca o desafio da escalada e o apoio de Aretha: \u201cEu sei que n\u00e3o vai ser f\u00e1cil. A gente sabe que s\u00e3o quase seis mil metros, ent\u00e3o \u00e9 bem desafiador mesmo. Tem diversas esta\u00e7\u00f5es, ent\u00e3o a gente sabe que vai ser algo bem desafiador, mas fico tranquilo por estar ao lado da Aretha. A Aretha \u00e9 uma grande refer\u00eancia, \u00e9 uma grande profissional no esporte. Ela \u00e9 uma grande guia, ent\u00e3o isso nos d\u00e1 tranquilidade, mas ela j\u00e1 deixou bem claro que n\u00e3o vai ser f\u00e1cil.\u201d<\/p>\n\n\n\n<p><strong>Uma Expedi\u00e7\u00e3o Afirmativa<\/strong><\/p>\n\n\n\n<p>Al\u00e9m do desafio f\u00edsico, a equipe vivencia a diversidade clim\u00e1tica \u00fanica do Kilimanjaro, que passa de florestas tropicais na base a campos glaciais no topo. Patrim\u00f4nio da Humanidade desde 1987, o Kilimanjaro simboliza a ancestralidade africana, profundamente presente na forma\u00e7\u00e3o cultural brasileira, ressaltando a import\u00e2ncia da hist\u00f3ria e da cultura do continente para o Brasil.<\/p>\n\n\n\n<p>Aretha deseja inspirar novas gera\u00e7\u00f5es negras a se aventurarem pelo montanhismo e a explorarem a natureza, \u00e1reas onde sua representatividade \u00e9 baixa. Patrocinada pela empresa Moove, a expedi\u00e7\u00e3o conta com bolsistas que puderam realizar o sonho de participar dessa jornada transformadora, especialmente significativa no m\u00eas da Consci\u00eancia Negra.<\/p>\n\n\n\n<p>Os montanhistas selecionados passaram por um criterioso processo, exigindo, al\u00e9m do condicionamento f\u00edsico avan\u00e7ado, experi\u00eancia em acampamento e o desejo de superar desafios em um contexto&nbsp;internacional.<\/p>\n","protected":false},"excerpt":{"rendered":"<p>Jornada in\u00e9dita celebra ancestralidade africana e promove inclus\u00e3o no montanhismo, inspirando novas gera\u00e7\u00f5es de aventureiros A montanhista Aretha Duarte, primeira mulher negra latino-americana a alcan\u00e7ar o topo do Everest, j\u00e1 deu in\u00edcio \u00e0 sua nova jornada \u00e9pica e simb\u00f3lica: uma expedi\u00e7\u00e3o ao Monte Kilimanjaro, o pico mais alto da \u00c1frica, com 5.895 metros de altitude [&hellip;]<\/p>\n","protected":false},"author":1,"featured_media":3621,"comment_status":"open","ping_status":"open","sticky":false,"template":"","format":"standard","meta":{"footnotes":""},"categories":[29,21],"tags":[],"class_list":["post-3617","post","type-post","status-publish","format-standard","has-post-thumbnail","hentry","category-artigos","category-news"],"_links":{"self":[{"href":"https:\/\/diarioparanaense.com\/index.php?rest_route=\/wp\/v2\/posts\/3617","targetHints":{"allow":["GET"]}}],"collection":[{"href":"https:\/\/diarioparanaense.com\/index.php?rest_route=\/wp\/v2\/posts"}],"about":[{"href":"https:\/\/diarioparanaense.com\/index.php?rest_route=\/wp\/v2\/types\/post"}],"author":[{"embeddable":true,"href":"https:\/\/diarioparanaense.com\/index.php?rest_route=\/wp\/v2\/users\/1"}],"replies":[{"embeddable":true,"href":"https:\/\/diarioparanaense.com\/index.php?rest_route=%2Fwp%2Fv2%2Fcomments&post=3617"}],"version-history":[{"count":1,"href":"https:\/\/diarioparanaense.com\/index.php?rest_route=\/wp\/v2\/posts\/3617\/revisions"}],"predecessor-version":[{"id":3622,"href":"https:\/\/diarioparanaense.com\/index.php?rest_route=\/wp\/v2\/posts\/3617\/revisions\/3622"}],"wp:featuredmedia":[{"embeddable":true,"href":"https:\/\/diarioparanaense.com\/index.php?rest_route=\/wp\/v2\/media\/3621"}],"wp:attachment":[{"href":"https:\/\/diarioparanaense.com\/index.php?rest_route=%2Fwp%2Fv2%2Fmedia&parent=3617"}],"wp:term":[{"taxonomy":"category","embeddable":true,"href":"https:\/\/diarioparanaense.com\/index.php?rest_route=%2Fwp%2Fv2%2Fcategories&post=3617"},{"taxonomy":"post_tag","embeddable":true,"href":"https:\/\/diarioparanaense.com\/index.php?rest_route=%2Fwp%2Fv2%2Ftags&post=3617"}],"curies":[{"name":"wp","href":"https:\/\/api.w.org\/{rel}","templated":true}]}}