{"id":3614,"date":"2024-10-31T16:48:31","date_gmt":"2024-10-31T19:48:31","guid":{"rendered":"https:\/\/diarioparanaense.com\/?p=3614"},"modified":"2024-10-31T16:48:32","modified_gmt":"2024-10-31T19:48:32","slug":"farmacias-nissei-investe-em-saude-preventiva-com-novo-programa-farmaclin","status":"publish","type":"post","link":"https:\/\/diarioparanaense.com\/?p=3614","title":{"rendered":"Farm\u00e1cias Nissei investe em sa\u00fade preventiva com novo programa Farmaclin"},"content":{"rendered":"\n<p class=\"has-medium-font-size\">Com orienta\u00e7\u00e3o de farmac\u00eauticos cl\u00ednicos especializados, servi\u00e7o oferece exames e cuidados b\u00e1sicos nas mais de 420 lojas da rede<\/p>\n\n\n\n<p>A Rede de Farm\u00e1cias Nissei anunciou a reformula\u00e7\u00e3o de seus servi\u00e7os cl\u00ednicos, anteriormente conhecidos como SAN (Servi\u00e7os Avan\u00e7ados Nissei), para o novo programa Farmaclin. A iniciativa visa consolidar e expandir a oferta de servi\u00e7os de sa\u00fade nas mais de 420 lojas da marca. Atualmente, a empresa se classifica como a s\u00e9tima maior do setor no Brasil, segundo ranking da Associa\u00e7\u00e3o Brasileira de Redes de Farm\u00e1cias e Drogarias (Abrafarma).<\/p>\n\n\n\n<p>O nome do novo projeto deriva de uma combina\u00e7\u00e3o dos termos &#8220;farma&#8221; e &#8220;clin&#8221; e foi pensado para indicar claramente que se trata de um servi\u00e7o farmac\u00eautico e cl\u00ednico integrado. O conceito do Farmaclin centraliza os cuidados, orienta\u00e7\u00f5es e exames de triagem na figura do farmac\u00eautico, facilitando o dia a dia e promovendo a sa\u00fade integral dos clientes, oferecendo um atendimento mais abrangente, que vai al\u00e9m da dispensa\u00e7\u00e3o de medicamentos.<\/p>\n\n\n\n<p>A l\u00edder farmac\u00eautica da marca, Priscila Ramos, destaca que a principal vantagem do programa \u00e9 levar cuidado e preven\u00e7\u00e3o em sa\u00fade ao alcance de todos, especialmente para aqueles sem plano de sa\u00fade ou com dificuldades para enfrentar longas filas em unidades de sa\u00fade.\u201cTemos como foco promover a sa\u00fade preventiva e assegurar um atendimento acess\u00edvel e cont\u00ednuo. Nosso objetivo \u00e9 estabelecer uma cultura em que a Nissei seja reconhecida como um ponto de apoio fundamental para o bem-estar da popula\u00e7\u00e3o\u201d, explica.<\/p>\n\n\n\n<p>Diferentes n\u00edveis de servi\u00e7os &#8211; Os servi\u00e7os oferecidos pelo Farmaclin s\u00e3o classificados em tr\u00eas n\u00edveis: b\u00e1sico, intermedi\u00e1rio e avan\u00e7ado. Todos os estabelecimentos oferecem servi\u00e7os b\u00e1sicos, como aferi\u00e7\u00e3o de press\u00e3o e aplica\u00e7\u00e3o de injet\u00e1veis; as lojas com servi\u00e7os intermedi\u00e1rios realizam, adicionalmente, a coloca\u00e7\u00e3o de brincos e testes de glicemia; e as unidades com servi\u00e7os avan\u00e7ados incluem an\u00e1lises cl\u00ednicas e imuniza\u00e7\u00f5es.<\/p>\n\n\n\n<p>A rede garante que mais de 90% de suas lojas possuem salas equipadas para a realiza\u00e7\u00e3o desses servi\u00e7os, com farmac\u00eauticos qualificados e treinados continuamente. A Universidade Nissei oferece cursos e treinamentos te\u00f3ricos e pr\u00e1ticos para esses profissionais, al\u00e9m de atualiza\u00e7\u00f5es trimestrais. &#8220;Cada colaborador passa por um processo de treinamento completo quando inicia sua jornada na empresa&#8221;, esclarece a especialista.<\/p>\n\n\n\n<p><strong>Exames dispon\u00edveis &#8211;<\/strong> O portf\u00f3lio de exames dispon\u00edveis inclui testes para gravidez, colesterol, glicemia, dengue, n\u00edveis prost\u00e1ticos para detec\u00e7\u00e3o de altera\u00e7\u00f5es da pr\u00f3stata, tireoide e Covid-19. O agendamento pode ser realizado diretamente nas lojas ou pelo site da Nissei, facilitando o acesso para os clientes.<\/p>\n\n\n\n<p><strong>Sobre a Nissei<\/strong><\/p>\n\n\n\n<p>Com mais de 35 anos de tradi\u00e7\u00e3o no mercado paranaense e atua\u00e7\u00e3o nos estados do Paran\u00e1, S\u00e3o Paulo, Santa Catarina, Goi\u00e1s e Distrito Federal, a Nissei \u00e9 considerada a s\u00e9tima maior rede de farm\u00e1cias do pa\u00eds em n\u00famero de lojas, segundo a Abrafarma (Associa\u00e7\u00e3o Brasileira de Redes de Farm\u00e1cias e Drogarias). A rede \u00e9 credenciada do Programa do Governo Federal Farm\u00e1cia Popular, que oferta descontos especiais e at\u00e9 rem\u00e9dios essenciais gratuitos. A Nissei conta com mais de 420 lojas, que geram mais de 7 mil empregos diretos e atendem a mais de 3,5 milh\u00f5es de clientes por m\u00eas. A rede foi respons\u00e1vel por introduzir o conceito de drugstore no mercado paranaense e oferece ao estado o maior n\u00famero de farm\u00e1cias 24 horas. As lojas s\u00e3o conhecidas por seus espa\u00e7os modernos, de f\u00e1cil localiza\u00e7\u00e3o, amplos estacionamentos, diversidade de produtos e disponibilidade de farmac\u00eauticos qualificados, que promovem o melhor atendimento&nbsp;profissional.<\/p>\n","protected":false},"excerpt":{"rendered":"<p>Com orienta\u00e7\u00e3o de farmac\u00eauticos cl\u00ednicos especializados, servi\u00e7o oferece exames e cuidados b\u00e1sicos nas mais de 420 lojas da rede A Rede de Farm\u00e1cias Nissei anunciou a reformula\u00e7\u00e3o de seus servi\u00e7os cl\u00ednicos, anteriormente conhecidos como SAN (Servi\u00e7os Avan\u00e7ados Nissei), para o novo programa Farmaclin. A iniciativa visa consolidar e expandir a oferta de servi\u00e7os de sa\u00fade [&hellip;]<\/p>\n","protected":false},"author":1,"featured_media":3615,"comment_status":"open","ping_status":"open","sticky":false,"template":"","format":"standard","meta":{"footnotes":""},"categories":[324,164],"tags":[],"class_list":["post-3614","post","type-post","status-publish","format-standard","has-post-thumbnail","hentry","category-negocios","category-saude-2"],"_links":{"self":[{"href":"https:\/\/diarioparanaense.com\/index.php?rest_route=\/wp\/v2\/posts\/3614","targetHints":{"allow":["GET"]}}],"collection":[{"href":"https:\/\/diarioparanaense.com\/index.php?rest_route=\/wp\/v2\/posts"}],"about":[{"href":"https:\/\/diarioparanaense.com\/index.php?rest_route=\/wp\/v2\/types\/post"}],"author":[{"embeddable":true,"href":"https:\/\/diarioparanaense.com\/index.php?rest_route=\/wp\/v2\/users\/1"}],"replies":[{"embeddable":true,"href":"https:\/\/diarioparanaense.com\/index.php?rest_route=%2Fwp%2Fv2%2Fcomments&post=3614"}],"version-history":[{"count":1,"href":"https:\/\/diarioparanaense.com\/index.php?rest_route=\/wp\/v2\/posts\/3614\/revisions"}],"predecessor-version":[{"id":3616,"href":"https:\/\/diarioparanaense.com\/index.php?rest_route=\/wp\/v2\/posts\/3614\/revisions\/3616"}],"wp:featuredmedia":[{"embeddable":true,"href":"https:\/\/diarioparanaense.com\/index.php?rest_route=\/wp\/v2\/media\/3615"}],"wp:attachment":[{"href":"https:\/\/diarioparanaense.com\/index.php?rest_route=%2Fwp%2Fv2%2Fmedia&parent=3614"}],"wp:term":[{"taxonomy":"category","embeddable":true,"href":"https:\/\/diarioparanaense.com\/index.php?rest_route=%2Fwp%2Fv2%2Fcategories&post=3614"},{"taxonomy":"post_tag","embeddable":true,"href":"https:\/\/diarioparanaense.com\/index.php?rest_route=%2Fwp%2Fv2%2Ftags&post=3614"}],"curies":[{"name":"wp","href":"https:\/\/api.w.org\/{rel}","templated":true}]}}