{"id":3607,"date":"2024-10-31T13:43:25","date_gmt":"2024-10-31T16:43:25","guid":{"rendered":"https:\/\/diarioparanaense.com\/?p=3607"},"modified":"2024-10-31T13:43:25","modified_gmt":"2024-10-31T16:43:25","slug":"a-producao-de-sentidos-pela-dialetica-da-imagem-marca-a-trajetoria-do-cineasta-fabio-freitas","status":"publish","type":"post","link":"https:\/\/diarioparanaense.com\/?p=3607","title":{"rendered":"A produ\u00e7\u00e3o de sentidos pela dial\u00e9tica da imagem marca a trajet\u00f3ria do cineasta Fabio Freitas"},"content":{"rendered":"\n<p class=\"has-medium-font-size\"><em>Experi\u00eancias visuais do artista desafiam o olhar comum por meio das percep\u00e7\u00f5es<\/em><\/p>\n\n\n\n<p>Conhecido pela habilidade de transformar a imagem em experi\u00eancia est\u00e9tica, o cineasta e rep\u00f3rter cinematogr\u00e1fico Fabio Freitas completa 40 anos de trajet\u00f3ria dedicada \u00e0 arte do cinema e da fotografia.<\/p>\n\n\n\n<p>Ao longo dos anos, o artista e jornalista desenvolveu uma linguagem visual pr\u00f3pria, marcada por um olhar cuidadoso e profundo sobre a complexidade humana. De acordo com ele, a imagem pode desafiar o olhar comum, extrapolando o padr\u00e3o tradicional de di\u00e1logo pautado pelo pensamento.<\/p>\n\n\n\n<p>\u201cA imagem \u00e9 capaz de ir al\u00e9m do mero registro visual, revelando-se como criadora de sentidos. Gosto de criar conex\u00f5es com as pessoas por meio da corporeidade, em que as percep\u00e7\u00f5es abrem um universo infinito de di\u00e1logos quando transcendem o \u00f3bivo&#8221;, destaca.<\/p>\n\n\n\n<p>Admirador do cinema russo, F\u00e1bio observa em seu pr\u00f3prio trabalho as refer\u00eancias de diretores como Andrei Tarkovsky e Mikhail Kalat\u00f3zov. Segundo ele, a influ\u00eancia de outros artistas n\u00e3o \u00e9 pensada de forma l\u00f3gica durante a cria\u00e7\u00e3o; faz parte do seu repert\u00f3rio org\u00e2nico adquirido ao longo dos anos:<\/p>\n\n\n\n<p>\u201cH\u00e1 um processo intuitivo durante as filmagens e, mesmo sem inten\u00e7\u00e3o deliberada, observo como as linguagens desses \u00edcones do cinema s\u00e3o ressignificadas no meu processo criativo de forma espont\u00e2nea. Ou seja, n\u00e3o h\u00e1 uma l\u00f3gica estruturalmente tradicional nessas influ\u00eancias, mas uma forma sensorial de atuar relacionada \u00e0s minhas viv\u00eancias pessoais\u201d, explica.<\/p>\n\n\n\n<p>Paralelamente \u00e0 arte, Fabio tamb\u00e9m se dedica \u00e0 reportagem cinematogr\u00e1fica, tendo participado de eventos de grande porte, como a cobertura da Copa do Mundo na \u00c1frica do Sul, em 2010, as Paraolimp\u00edadas no Rio de Janeiro, em 2016, al\u00e9m de shows e eventos internacionais. As conquistas do jornalista tamb\u00e9m o tornaram uma refer\u00eancia como profissional da informa\u00e7\u00e3o, mas a paix\u00e3o pela arte \u00e9 o que o move:<\/p>\n\n\n\n<p>\u201cAs artes permitem que as pessoas revejam o mundo sob novas perspectivas e, com isso, surgem possibilidades de transforma\u00e7\u00f5es sociais e pessoais tanto para quem as contempla quanto para quem atua com elas\u201d, finaliza.<\/p>\n","protected":false},"excerpt":{"rendered":"<p>Experi\u00eancias visuais do artista desafiam o olhar comum por meio das percep\u00e7\u00f5es Conhecido pela habilidade de transformar a imagem em experi\u00eancia est\u00e9tica, o cineasta e rep\u00f3rter cinematogr\u00e1fico Fabio Freitas completa 40 anos de trajet\u00f3ria dedicada \u00e0 arte do cinema e da fotografia. Ao longo dos anos, o artista e jornalista desenvolveu uma linguagem visual pr\u00f3pria, [&hellip;]<\/p>\n","protected":false},"author":1,"featured_media":3608,"comment_status":"open","ping_status":"open","sticky":false,"template":"","format":"standard","meta":{"footnotes":""},"categories":[431],"tags":[],"class_list":["post-3607","post","type-post","status-publish","format-standard","has-post-thumbnail","hentry","category-cultura"],"_links":{"self":[{"href":"https:\/\/diarioparanaense.com\/index.php?rest_route=\/wp\/v2\/posts\/3607","targetHints":{"allow":["GET"]}}],"collection":[{"href":"https:\/\/diarioparanaense.com\/index.php?rest_route=\/wp\/v2\/posts"}],"about":[{"href":"https:\/\/diarioparanaense.com\/index.php?rest_route=\/wp\/v2\/types\/post"}],"author":[{"embeddable":true,"href":"https:\/\/diarioparanaense.com\/index.php?rest_route=\/wp\/v2\/users\/1"}],"replies":[{"embeddable":true,"href":"https:\/\/diarioparanaense.com\/index.php?rest_route=%2Fwp%2Fv2%2Fcomments&post=3607"}],"version-history":[{"count":1,"href":"https:\/\/diarioparanaense.com\/index.php?rest_route=\/wp\/v2\/posts\/3607\/revisions"}],"predecessor-version":[{"id":3609,"href":"https:\/\/diarioparanaense.com\/index.php?rest_route=\/wp\/v2\/posts\/3607\/revisions\/3609"}],"wp:featuredmedia":[{"embeddable":true,"href":"https:\/\/diarioparanaense.com\/index.php?rest_route=\/wp\/v2\/media\/3608"}],"wp:attachment":[{"href":"https:\/\/diarioparanaense.com\/index.php?rest_route=%2Fwp%2Fv2%2Fmedia&parent=3607"}],"wp:term":[{"taxonomy":"category","embeddable":true,"href":"https:\/\/diarioparanaense.com\/index.php?rest_route=%2Fwp%2Fv2%2Fcategories&post=3607"},{"taxonomy":"post_tag","embeddable":true,"href":"https:\/\/diarioparanaense.com\/index.php?rest_route=%2Fwp%2Fv2%2Ftags&post=3607"}],"curies":[{"name":"wp","href":"https:\/\/api.w.org\/{rel}","templated":true}]}}