{"id":3601,"date":"2024-10-30T13:05:35","date_gmt":"2024-10-30T16:05:35","guid":{"rendered":"https:\/\/diarioparanaense.com\/?p=3601"},"modified":"2024-10-30T13:05:36","modified_gmt":"2024-10-30T16:05:36","slug":"nova-diretoria-da-associacao-dos-profissionais-da-copel-toma-posse-na-proxima-quarta-feira-30","status":"publish","type":"post","link":"https:\/\/diarioparanaense.com\/?p=3601","title":{"rendered":"Nova diretoria da Associa\u00e7\u00e3o dos Profissionais da Copel toma posse na pr\u00f3xima quarta-feira (30)"},"content":{"rendered":"\n<p class=\"has-medium-font-size\"><em>Fortalecimento de parcerias e compromisso com interesses dos associados ser\u00e3o o foco da nova gest\u00e3o<\/em><\/p>\n\n\n\n<p>Na pr\u00f3xima quarta-feira, 30 de outubro, haver\u00e1 a posse da nova diretoria executiva da Associa\u00e7\u00e3o dos Profissionais da Copel (APC). O evento ser\u00e1 realizado no Instituto de Engenharia do Paran\u00e1 (IEP) \u00e0s 19h, e representa um marco na hist\u00f3ria de representatividade dos profissionais da Companhia Paranaense de Energia, pois \u00e9 a primeira diretoria a assumir a gest\u00e3o depois da privatiza\u00e7\u00e3o da Copel.<\/p>\n\n\n\n<p>Segundo o presidente da APC, Jo\u00e3o Santos, al\u00e9m de atuar na preserva\u00e7\u00e3o dos interesses dos empregados e aposentados, a gest\u00e3o ter\u00e1 horizontes mais desafiadores:<\/p>\n\n\n\n<p>\u201cExpandir a atua\u00e7\u00e3o da associa\u00e7\u00e3o proporcionar\u00e1 uma contribui\u00e7\u00e3o efetiva no cen\u00e1rio corporativo e na vida dos associados.&nbsp; A cria\u00e7\u00e3o de uma cooperativa de servi\u00e7os pode consolidar a APC como um f\u00f3rum que vai al\u00e9m dos debates, mas tamb\u00e9m em uma entidade visivelmente engajada em estimular a participa\u00e7\u00e3o ativa dos profissionais da Copel na constru\u00e7\u00e3o de novos valores\u201d, afirma.<\/p>\n\n\n\n<p>A coopera\u00e7\u00e3o com outras institui\u00e7\u00f5es e associa\u00e7\u00f5es tamb\u00e9m est\u00e1 na pauta, junto \u00e0 cria\u00e7\u00e3o de parcerias estrat\u00e9gicas com a Funda\u00e7\u00e3o Copel e empresas patrocinadas pela funda\u00e7\u00e3o, todas direcionadas \u00e0 busca por alternativas que garantam a sustentabilidade dos benef\u00edcios oferecidos aos assistidos e familiares:<\/p>\n\n\n\n<p>\u201cEssas a\u00e7\u00f5es s\u00e3o fundamentais para preservar a sa\u00fade financeira da Funda\u00e7\u00e3o Copel, ao mesmo tempo em que ampliam o atendimento de qualidade para os benefici\u00e1rios\u201d, finaliza Santos.<\/p>\n\n\n\n<p>A diretoria quer motivar todos os profissionais a se associarem \u00e0 APC, consolidando a for\u00e7a da entidade e ampliando sua base de apoio, representatividade e influ\u00eancia.<\/p>\n\n\n\n<p><strong>Para realizar o pr\u00e9-cadastro, os interessados \u200b\u200bpodem acessar o site oficial da associa\u00e7\u00e3o: <\/strong><a href=\"#_top\">https:\/\/apccopel.org.br<\/a>. J\u00e1 para participar da solenidade, \u00e9 necess\u00e1rio confirmar presen\u00e7a pelo e-mail \u00a0<a href=\"mailto:apccopel@apccopel.org.br\">apccopel@apccopel.org.br<\/a> ou pelo <em>WhatsApp<\/em> <a href=\"#_top\">41 974015859<\/a>.<\/p>\n\n\n\n<p><\/p>\n","protected":false},"excerpt":{"rendered":"<p>Fortalecimento de parcerias e compromisso com interesses dos associados ser\u00e3o o foco da nova gest\u00e3o Na pr\u00f3xima quarta-feira, 30 de outubro, haver\u00e1 a posse da nova diretoria executiva da Associa\u00e7\u00e3o dos Profissionais da Copel (APC). O evento ser\u00e1 realizado no Instituto de Engenharia do Paran\u00e1 (IEP) \u00e0s 19h, e representa um marco na hist\u00f3ria de [&hellip;]<\/p>\n","protected":false},"author":1,"featured_media":3602,"comment_status":"open","ping_status":"open","sticky":false,"template":"","format":"standard","meta":{"footnotes":""},"categories":[324,21],"tags":[],"class_list":["post-3601","post","type-post","status-publish","format-standard","has-post-thumbnail","hentry","category-negocios","category-news"],"_links":{"self":[{"href":"https:\/\/diarioparanaense.com\/index.php?rest_route=\/wp\/v2\/posts\/3601","targetHints":{"allow":["GET"]}}],"collection":[{"href":"https:\/\/diarioparanaense.com\/index.php?rest_route=\/wp\/v2\/posts"}],"about":[{"href":"https:\/\/diarioparanaense.com\/index.php?rest_route=\/wp\/v2\/types\/post"}],"author":[{"embeddable":true,"href":"https:\/\/diarioparanaense.com\/index.php?rest_route=\/wp\/v2\/users\/1"}],"replies":[{"embeddable":true,"href":"https:\/\/diarioparanaense.com\/index.php?rest_route=%2Fwp%2Fv2%2Fcomments&post=3601"}],"version-history":[{"count":1,"href":"https:\/\/diarioparanaense.com\/index.php?rest_route=\/wp\/v2\/posts\/3601\/revisions"}],"predecessor-version":[{"id":3603,"href":"https:\/\/diarioparanaense.com\/index.php?rest_route=\/wp\/v2\/posts\/3601\/revisions\/3603"}],"wp:featuredmedia":[{"embeddable":true,"href":"https:\/\/diarioparanaense.com\/index.php?rest_route=\/wp\/v2\/media\/3602"}],"wp:attachment":[{"href":"https:\/\/diarioparanaense.com\/index.php?rest_route=%2Fwp%2Fv2%2Fmedia&parent=3601"}],"wp:term":[{"taxonomy":"category","embeddable":true,"href":"https:\/\/diarioparanaense.com\/index.php?rest_route=%2Fwp%2Fv2%2Fcategories&post=3601"},{"taxonomy":"post_tag","embeddable":true,"href":"https:\/\/diarioparanaense.com\/index.php?rest_route=%2Fwp%2Fv2%2Ftags&post=3601"}],"curies":[{"name":"wp","href":"https:\/\/api.w.org\/{rel}","templated":true}]}}