{"id":3562,"date":"2024-10-18T14:06:29","date_gmt":"2024-10-18T17:06:29","guid":{"rendered":"https:\/\/diarioparanaense.com\/?p=3562"},"modified":"2024-10-18T14:06:30","modified_gmt":"2024-10-18T17:06:30","slug":"sindrome-de-burnout-um-risco-para-as-empresas","status":"publish","type":"post","link":"https:\/\/diarioparanaense.com\/?p=3562","title":{"rendered":"S\u00edndrome de Burnout: Um risco para as empresas"},"content":{"rendered":"\n<p class=\"has-medium-font-size\">Como as s\u00edndromes psicol\u00f3gicas se destacam<\/p>\n\n\n\n<p>A S\u00edndrome de Burnout, conhecida como s\u00edndrome do esgotamento profissional, tem se tornado um problema crescente nas empresas, n\u00e3o apenas por seus efeitos na sa\u00fade dos colaboradores, mas tamb\u00e9m pelos impactos financeiros e jur\u00eddicos que pode causar. Segundo a advogada trabalhista patronal Juliana Stacechen, \u00e9 fundamental que os empres\u00e1rios compreendam a gravidade desse problema, pois ele pode afetar diretamente a produtividade e a sa\u00fade financeira da empresa.<\/p>\n\n\n\n<p>Recentemente a Organiza\u00e7\u00e3o Mundial da Sa\u00fade (OMS) incluiu o Burnout na 11\u00aa Revis\u00e3o da Classifica\u00e7\u00e3o Internacional de Doen\u00e7as (CID-11) como um fen\u00f4meno ocupacional, resultado do estresse cr\u00f4nico no local de trabalho que n\u00e3o \u00e9 gerenciado adequadamente. De acordo com Stacechen, o Burnout pode levar a empresa a enfrentar custos substanciais, desde a queda na produtividade at\u00e9 despesas legais decorrentes de processos trabalhistas. &#8220;O diagn\u00f3stico de Burnout pode resultar em licen\u00e7as m\u00e9dicas prolongadas, direitos a indeniza\u00e7\u00f5es por danos morais e materiais e at\u00e9 mesmo em rescis\u00f5es contratuais indiretas&#8221;, explica a advogada.<\/p>\n\n\n\n<p>O Brasil \u00e9 o segundo pa\u00eds com mais casos de Burnout, e a tend\u00eancia \u00e9 que esses n\u00fameros aumentem devido ao mercado de trabalho cada vez mais exigente. Stacechen destaca que, al\u00e9m das quest\u00f5es jur\u00eddicas, a falta de uma pol\u00edtica eficaz para lidar com o Burnout pode gerar um ambiente de trabalho t\u00f3xico, elevando o \u00edndice de rotatividade de funcion\u00e1rios e aumentando os custos de contrata\u00e7\u00e3o e treinamento. &#8220;A estabilidade empregat\u00edcia de 12 meses ap\u00f3s o tratamento \u00e9 apenas um dos desafios que as empresas enfrentam ao lidar com casos de Burnout&#8221;, acrescenta.<\/p>\n\n\n\n<p>Para evitar esses problemas, a advogada sugere que os empres\u00e1rios invistam na cria\u00e7\u00e3o de um ambiente de trabalho saud\u00e1vel. Isso inclui o monitoramento das condi\u00e7\u00f5es de trabalho, a promo\u00e7\u00e3o de pr\u00e1ticas de bem-estar e a oferta de suporte psicol\u00f3gico. &#8220;Investir no bem-estar dos colaboradores n\u00e3o \u00e9 apenas uma quest\u00e3o de responsabilidade social, mas tamb\u00e9m uma estrat\u00e9gia inteligente para manter a produtividade e reduzir os custos associados ao Burnout&#8221;, aconselha Stacechen.<\/p>\n\n\n\n<p>Por fim, a advogada ressalta a import\u00e2ncia de pol\u00edticas preventivas e de uma gest\u00e3o proativa em sa\u00fade ocupacional. &#8220;Prevenir a S\u00edndrome de Burnout \u00e9 essencial para manter um ambiente de trabalho saud\u00e1vel e evitar os altos custos financeiros e jur\u00eddicos que a s\u00edndrome pode gerar para as empresas&#8221;, conclui. Dessa forma, a informa\u00e7\u00e3o e o planejamento se tornam aliados importantes dos empres\u00e1rios na prote\u00e7\u00e3o da sa\u00fade financeira de suas organiza\u00e7\u00f5es.<\/p>\n\n\n\n<p><strong>Servi\u00e7o: Juliana Stacechen<br><\/strong>Advogada especialista em Direito Trabalhista<br>@julianastacechen<br>(41) 999048404<br>juliana@stacechen.adv.br<br><a href=\"https:\/\/stacechen.adv.br\/\">https:\/\/stacechen.adv.br\/<\/a><\/p>\n","protected":false},"excerpt":{"rendered":"<p>Como as s\u00edndromes psicol\u00f3gicas se destacam A S\u00edndrome de Burnout, conhecida como s\u00edndrome do esgotamento profissional, tem se tornado um problema crescente nas empresas, n\u00e3o apenas por seus efeitos na sa\u00fade dos colaboradores, mas tamb\u00e9m pelos impactos financeiros e jur\u00eddicos que pode causar. Segundo a advogada trabalhista patronal Juliana Stacechen, \u00e9 fundamental que os empres\u00e1rios [&hellip;]<\/p>\n","protected":false},"author":1,"featured_media":3563,"comment_status":"open","ping_status":"open","sticky":false,"template":"","format":"standard","meta":{"footnotes":""},"categories":[29],"tags":[],"class_list":["post-3562","post","type-post","status-publish","format-standard","has-post-thumbnail","hentry","category-artigos"],"_links":{"self":[{"href":"https:\/\/diarioparanaense.com\/index.php?rest_route=\/wp\/v2\/posts\/3562","targetHints":{"allow":["GET"]}}],"collection":[{"href":"https:\/\/diarioparanaense.com\/index.php?rest_route=\/wp\/v2\/posts"}],"about":[{"href":"https:\/\/diarioparanaense.com\/index.php?rest_route=\/wp\/v2\/types\/post"}],"author":[{"embeddable":true,"href":"https:\/\/diarioparanaense.com\/index.php?rest_route=\/wp\/v2\/users\/1"}],"replies":[{"embeddable":true,"href":"https:\/\/diarioparanaense.com\/index.php?rest_route=%2Fwp%2Fv2%2Fcomments&post=3562"}],"version-history":[{"count":1,"href":"https:\/\/diarioparanaense.com\/index.php?rest_route=\/wp\/v2\/posts\/3562\/revisions"}],"predecessor-version":[{"id":3564,"href":"https:\/\/diarioparanaense.com\/index.php?rest_route=\/wp\/v2\/posts\/3562\/revisions\/3564"}],"wp:featuredmedia":[{"embeddable":true,"href":"https:\/\/diarioparanaense.com\/index.php?rest_route=\/wp\/v2\/media\/3563"}],"wp:attachment":[{"href":"https:\/\/diarioparanaense.com\/index.php?rest_route=%2Fwp%2Fv2%2Fmedia&parent=3562"}],"wp:term":[{"taxonomy":"category","embeddable":true,"href":"https:\/\/diarioparanaense.com\/index.php?rest_route=%2Fwp%2Fv2%2Fcategories&post=3562"},{"taxonomy":"post_tag","embeddable":true,"href":"https:\/\/diarioparanaense.com\/index.php?rest_route=%2Fwp%2Fv2%2Ftags&post=3562"}],"curies":[{"name":"wp","href":"https:\/\/api.w.org\/{rel}","templated":true}]}}