{"id":3560,"date":"2024-10-18T14:08:23","date_gmt":"2024-10-18T17:08:23","guid":{"rendered":"https:\/\/diarioparanaense.com\/?p=3560"},"modified":"2024-10-18T14:08:23","modified_gmt":"2024-10-18T17:08:23","slug":"cultura-organizacional-pilar-essencial-na-gestao-de-crises-empresariais","status":"publish","type":"post","link":"https:\/\/diarioparanaense.com\/?p=3560","title":{"rendered":"Cultura organizacional: pilar essencial na gest\u00e3o de crises empresariais"},"content":{"rendered":"\n<p class=\"has-medium-font-size\">Como a cultura organizacional pode definir o sucesso em momentos de adversidade<\/p>\n\n\n\n<p>A cultura organizacional \u00e9 um dos pilares fundamentais que moldam o comportamento, as decis\u00f5es e o desempenho de uma empresa, especialmente em tempos de crise. Ela abrange os valores, cren\u00e7as e pr\u00e1ticas compartilhadas dentro da organiza\u00e7\u00e3o, funcionando como um guia invis\u00edvel que orienta a forma como os colaboradores se comunicam, tomam decis\u00f5es e enfrentam desafios.<\/p>\n\n\n\n<p>Segundo Ivaneide Villa\u00e7a, especialista em gest\u00e3o empresarial, \u201ctoda cultura \u00e9 forte, resta saber se ela trabalha a favor da sua empresa, de acordo com as estrat\u00e9gias, ou n\u00e3o\u201d. Isso significa que, tanto uma cultura positiva quanto uma negativa, podem ser poderosas influ\u00eancias sobre a organiza\u00e7\u00e3o. Pr\u00e1ticas prejudiciais, como fofocas ou a falta de comprometimento com metas, tamb\u00e9m fazem parte de uma cultura que pode impactar a empresa durante crises.<\/p>\n\n\n\n<p>Uma cultura organizacional forte, alinhada aos objetivos estrat\u00e9gicos da empresa, promove um ambiente onde os colaboradores se sentem seguros para compartilhar ideias, identificar problemas e sugerir solu\u00e7\u00f5es. Essa solidez cultural cria uma base robusta para enfrentar qualquer adversidade. Em contrapartida, uma cultura desalinhada, marcada por comportamentos como fofocas ou descompromisso, pode dificultar a gest\u00e3o de crises, comprometendo a capacidade da organiza\u00e7\u00e3o de se adaptar e reagir rapidamente.<\/p>\n\n\n\n<p>A relev\u00e2ncia dessa estrutura cultural fica ainda mais clara ao analisar casos de empresas que n\u00e3o apenas sobreviveram, mas cresceram durante per\u00edodos desafiadores. Ivaneide Villa\u00e7a, por exemplo, vivenciou o impacto de uma cultura organizacional bem alinhada com as estrat\u00e9gias da empresa durante a pandemia, um per\u00edodo de crise global. Sua empresa registrou um crescimento de 76%, e para ela, o diferencial foi uma cultura baseada em valores de transpar\u00eancia, confian\u00e7a e inova\u00e7\u00e3o. \u201cA cultura organizacional \u00e9 sempre forte\u201d, ressalta Ivaneide, \u201cmas cabe \u00e0 lideran\u00e7a garantir que ela esteja trabalhando a favor dos objetivos da empresa, especialmente em tempos dif\u00edceis.\u201d<\/p>\n\n\n\n<p>Empresas que incentivam a aprendizagem cont\u00ednua e a inova\u00e7\u00e3o tendem a encontrar solu\u00e7\u00f5es criativas para os desafios que surgem. Ao encarar crises como oportunidades de aprendizado e melhoria, essas empresas se destacam, revisando processos e implementando mudan\u00e7as que fortalecem a opera\u00e7\u00e3o. \u201cEnxergar a crise como uma chance de crescimento \u00e9 o que separa as empresas que prosperam daquelas que ficam pelo caminho\u201d, explica Ivaneide.<\/p>\n\n\n\n<p>Por outro lado, culturas organizacionais fracas, caracterizadas por comunica\u00e7\u00e3o deficiente, hierarquias r\u00edgidas e resist\u00eancia \u00e0 mudan\u00e7a, podem agravar situa\u00e7\u00f5es de crise. Nesses cen\u00e1rios, a falta de confian\u00e7a e transpar\u00eancia dificulta a colabora\u00e7\u00e3o, levando a decis\u00f5es mal-informadas que prejudicam ainda mais a gest\u00e3o da crise. Ivaneide alerta que, sem um ambiente de apoio e abertura, a empresa perde a capacidade de responder com agilidade e efic\u00e1cia.<\/p>\n\n\n\n<p>Portanto, investir no fortalecimento da cultura organizacional, alinhando-a com as estrat\u00e9gias, miss\u00e3o, vis\u00e3o e valores da empresa, n\u00e3o \u00e9 apenas uma medida preventiva, mas uma estrat\u00e9gia essencial para garantir a resili\u00eancia empresarial. Empresas que cultivam um ambiente positivo, engajam seus colaboradores e promovem valores s\u00f3lidos est\u00e3o mais preparadas para enfrentar crises e emergir mais fortes. Como destaca Ivaneide, \u201ca cultura organizacional \u00e9 a b\u00fassola que orienta as empresas em tempos de adversidade, definindo o sucesso na gest\u00e3o de crises e na recupera\u00e7\u00e3o\u201d.<\/p>\n\n\n\n<p><strong>Ivaneide Villa\u00e7a<br><\/strong>Mentora de L\u00edderes e Empres\u00e1rios<br>Contato: (41) 99985-4870<br>Instagram: @ivavillaca<br>E-mail: ivaneide@automacaocuritiba.com.br<br>Site: <a href=\"http:\/\/www.culturasistemica.com.br\">www.culturasistemica.com.br<\/a><br>Endere\u00e7o: Rua Guilherme Ihlenfeldt, 788 &#8211; Tingui,\u00a0Curitiba\u00a0&#8211;\u00a0PR<\/p>\n","protected":false},"excerpt":{"rendered":"<p>Como a cultura organizacional pode definir o sucesso em momentos de adversidade A cultura organizacional \u00e9 um dos pilares fundamentais que moldam o comportamento, as decis\u00f5es e o desempenho de uma empresa, especialmente em tempos de crise. Ela abrange os valores, cren\u00e7as e pr\u00e1ticas compartilhadas dentro da organiza\u00e7\u00e3o, funcionando como um guia invis\u00edvel que orienta [&hellip;]<\/p>\n","protected":false},"author":1,"featured_media":3567,"comment_status":"open","ping_status":"open","sticky":false,"template":"","format":"standard","meta":{"footnotes":""},"categories":[29],"tags":[],"class_list":["post-3560","post","type-post","status-publish","format-standard","has-post-thumbnail","hentry","category-artigos"],"_links":{"self":[{"href":"https:\/\/diarioparanaense.com\/index.php?rest_route=\/wp\/v2\/posts\/3560","targetHints":{"allow":["GET"]}}],"collection":[{"href":"https:\/\/diarioparanaense.com\/index.php?rest_route=\/wp\/v2\/posts"}],"about":[{"href":"https:\/\/diarioparanaense.com\/index.php?rest_route=\/wp\/v2\/types\/post"}],"author":[{"embeddable":true,"href":"https:\/\/diarioparanaense.com\/index.php?rest_route=\/wp\/v2\/users\/1"}],"replies":[{"embeddable":true,"href":"https:\/\/diarioparanaense.com\/index.php?rest_route=%2Fwp%2Fv2%2Fcomments&post=3560"}],"version-history":[{"count":1,"href":"https:\/\/diarioparanaense.com\/index.php?rest_route=\/wp\/v2\/posts\/3560\/revisions"}],"predecessor-version":[{"id":3568,"href":"https:\/\/diarioparanaense.com\/index.php?rest_route=\/wp\/v2\/posts\/3560\/revisions\/3568"}],"wp:featuredmedia":[{"embeddable":true,"href":"https:\/\/diarioparanaense.com\/index.php?rest_route=\/wp\/v2\/media\/3567"}],"wp:attachment":[{"href":"https:\/\/diarioparanaense.com\/index.php?rest_route=%2Fwp%2Fv2%2Fmedia&parent=3560"}],"wp:term":[{"taxonomy":"category","embeddable":true,"href":"https:\/\/diarioparanaense.com\/index.php?rest_route=%2Fwp%2Fv2%2Fcategories&post=3560"},{"taxonomy":"post_tag","embeddable":true,"href":"https:\/\/diarioparanaense.com\/index.php?rest_route=%2Fwp%2Fv2%2Ftags&post=3560"}],"curies":[{"name":"wp","href":"https:\/\/api.w.org\/{rel}","templated":true}]}}