{"id":3547,"date":"2024-10-17T15:15:48","date_gmt":"2024-10-17T18:15:48","guid":{"rendered":"https:\/\/diarioparanaense.com\/?p=3547"},"modified":"2024-10-17T15:15:49","modified_gmt":"2024-10-17T18:15:49","slug":"a-relacao-entre-o-alimento-e-a-saude","status":"publish","type":"post","link":"https:\/\/diarioparanaense.com\/?p=3547","title":{"rendered":"A rela\u00e7\u00e3o entre o alimento e a sa\u00fade"},"content":{"rendered":"\n<p class=\"has-medium-font-size\">Trofoterapia e nutri\u00e7\u00e3o funcional s\u00e3o fonte de sa\u00fade na Cl\u00ednica O\u00e1sis<\/p>\n\n\n\n<p>A rela\u00e7\u00e3o entre alimenta\u00e7\u00e3o e sa\u00fade \u00e9 um tema frequentemente debatido, muitas vezes levando \u00e0 demoniza\u00e7\u00e3o de certos alimentos. De tempos em tempos, surgem not\u00edcias contradit\u00f3rias: &#8220;ovo faz bem&#8221;, &#8220;ovo faz mal&#8221;, &#8220;gl\u00faten \u00e9 saud\u00e1vel&#8221;, &#8220;evite o gl\u00faten&#8221;. Mas ser\u00e1 que h\u00e1 uma ci\u00eancia por tr\u00e1s dessas afirma\u00e7\u00f5es? Abordagens como a trofoterapia e a nutri\u00e7\u00e3o funcional t\u00eam ganhado destaque por proporem o uso dos alimentos n\u00e3o apenas como fonte de nutri\u00e7\u00e3o, mas tamb\u00e9m como ferramentas terap\u00eauticas. Geraldo Cardoso, gestor cl\u00ednico da Cl\u00ednica O\u00e1sis, em Almirante Tamandar\u00e9, explica como essas pr\u00e1ticas s\u00e3o aplicadas na cl\u00ednica para promover a sa\u00fade dos pacientes de forma natural e personalizada.<\/p>\n\n\n\n<p>A trofoterapia, como o pr\u00f3prio nome sugere (trofo = alimenta\u00e7\u00e3o e terapia = tratamento), \u00e9 uma pr\u00e1tica que utiliza a alimenta\u00e7\u00e3o como forma de prevenir e tratar doen\u00e7as. Segundo Cardoso, essa abordagem baseia-se no uso de alimentos espec\u00edficos para purificar e regenerar o organismo, adaptando a dieta \u00e0s necessidades individuais de cada paciente. \u201cNa Cl\u00ednica O\u00e1sis, utilizamos alimentos frescos e org\u00e2nicos, como frutas suculentas e vegetais, que atuam como catalisadores naturais na recupera\u00e7\u00e3o do corpo\u201d, comenta. A cl\u00ednica, que conta com uma horta org\u00e2nica pr\u00f3pria, refor\u00e7a a import\u00e2ncia de uma alimenta\u00e7\u00e3o que respeita a natureza e promove a cura.<\/p>\n\n\n\n<p>A nutri\u00e7\u00e3o funcional, por sua vez, vai al\u00e9m ao integrar a rela\u00e7\u00e3o entre todos os sistemas do corpo, proporcionando um tratamento mais hol\u00edstico. Essa abordagem se fundamenta em cinco princ\u00edpios, entre eles a individualidade bioqu\u00edmica e o tratamento centrado no paciente. \u201cCada pessoa \u00e9 \u00fanica, com necessidades espec\u00edficas. Na nutri\u00e7\u00e3o funcional, analisamos o hist\u00f3rico do paciente, os fatores que desencadeiam doen\u00e7as e como o corpo interage com o ambiente\u201d, explica Cardoso. Essa an\u00e1lise minuciosa permite personalizar a dieta e os tratamentos, promovendo o equil\u00edbrio nutricional e a vitalidade do organismo.<\/p>\n\n\n\n<p>Cardoso ressalta que, na nutri\u00e7\u00e3o funcional, a alimenta\u00e7\u00e3o vai al\u00e9m do que se come; envolve a qualidade e a biodisponibilidade dos nutrientes, que precisam ser absorvidos de forma eficiente pelo corpo. Na Cl\u00ednica O\u00e1sis, a \u00eanfase est\u00e1 na escolha de alimentos que interajam positivamente com a fisiologia e a bioqu\u00edmica de cada paciente. \u201cOrientamos nossos pacientes a compreender a import\u00e2ncia de uma dieta balanceada, que considera n\u00e3o apenas as calorias, mas tamb\u00e9m os impactos emocionais e cognitivos da nutri\u00e7\u00e3o\u201d, refor\u00e7a.<\/p>\n\n\n\n<p>A combina\u00e7\u00e3o da trofoterapia com a nutri\u00e7\u00e3o funcional na Cl\u00ednica O\u00e1sis oferece uma abordagem integrada que considera o indiv\u00edduo como um todo. O ambiente natural da cl\u00ednica, aliado a pr\u00e1ticas terap\u00eauticas que utilizam a alimenta\u00e7\u00e3o como meio de cura, proporciona uma experi\u00eancia de tratamento que busca restaurar a sa\u00fade de forma sustent\u00e1vel e consciente. \u201cNosso objetivo n\u00e3o \u00e9 apenas tratar doen\u00e7as, mas transformar a rela\u00e7\u00e3o dos pacientes com a alimenta\u00e7\u00e3o e com eles mesmos\u201d, conclui Cardoso.<\/p>\n\n\n\n<p>Em um mundo onde o estresse e os h\u00e1bitos alimentares inadequados contribuem significativamente para o desenvolvimento de doen\u00e7as, a abordagem da Cl\u00ednica O\u00e1sis se destaca como um caminho promissor para uma vida mais saud\u00e1vel. A alimenta\u00e7\u00e3o deixa de ser vista apenas como uma necessidade e se torna uma poderosa aliada no cuidado com a sa\u00fade f\u00edsica e mental, reafirmando que a cura come\u00e7a no prato.<\/p>\n\n\n\n<p><strong>Servi\u00e7o: Cl\u00ednica O\u00e1sis Paranaense<\/strong><\/p>\n\n\n\n<p><strong>Geraldo Cardoso<\/strong><\/p>\n\n\n\n<p>Gestor cl\u00ednico<\/p>\n\n\n\n<p>(11)9 8500-6393<\/p>\n\n\n\n<p>Joel.dahora@hotmail.com <a href=\"http:\/\/www.oasisparanaense.com.br\">www.oasisparanaense.com.br<\/a><\/p>\n\n\n\n<p>Rua Frei Jacinto Govaski, 707 &#8211; Botiatuba, Almirante&nbsp;Tamandar\u00e9&nbsp;&#8211;&nbsp;PR<\/p>\n","protected":false},"excerpt":{"rendered":"<p>Trofoterapia e nutri\u00e7\u00e3o funcional s\u00e3o fonte de sa\u00fade na Cl\u00ednica O\u00e1sis A rela\u00e7\u00e3o entre alimenta\u00e7\u00e3o e sa\u00fade \u00e9 um tema frequentemente debatido, muitas vezes levando \u00e0 demoniza\u00e7\u00e3o de certos alimentos. De tempos em tempos, surgem not\u00edcias contradit\u00f3rias: &#8220;ovo faz bem&#8221;, &#8220;ovo faz mal&#8221;, &#8220;gl\u00faten \u00e9 saud\u00e1vel&#8221;, &#8220;evite o gl\u00faten&#8221;. Mas ser\u00e1 que h\u00e1 uma ci\u00eancia [&hellip;]<\/p>\n","protected":false},"author":1,"featured_media":3554,"comment_status":"open","ping_status":"open","sticky":false,"template":"","format":"standard","meta":{"footnotes":""},"categories":[164],"tags":[],"class_list":["post-3547","post","type-post","status-publish","format-standard","has-post-thumbnail","hentry","category-saude-2"],"_links":{"self":[{"href":"https:\/\/diarioparanaense.com\/index.php?rest_route=\/wp\/v2\/posts\/3547","targetHints":{"allow":["GET"]}}],"collection":[{"href":"https:\/\/diarioparanaense.com\/index.php?rest_route=\/wp\/v2\/posts"}],"about":[{"href":"https:\/\/diarioparanaense.com\/index.php?rest_route=\/wp\/v2\/types\/post"}],"author":[{"embeddable":true,"href":"https:\/\/diarioparanaense.com\/index.php?rest_route=\/wp\/v2\/users\/1"}],"replies":[{"embeddable":true,"href":"https:\/\/diarioparanaense.com\/index.php?rest_route=%2Fwp%2Fv2%2Fcomments&post=3547"}],"version-history":[{"count":1,"href":"https:\/\/diarioparanaense.com\/index.php?rest_route=\/wp\/v2\/posts\/3547\/revisions"}],"predecessor-version":[{"id":3555,"href":"https:\/\/diarioparanaense.com\/index.php?rest_route=\/wp\/v2\/posts\/3547\/revisions\/3555"}],"wp:featuredmedia":[{"embeddable":true,"href":"https:\/\/diarioparanaense.com\/index.php?rest_route=\/wp\/v2\/media\/3554"}],"wp:attachment":[{"href":"https:\/\/diarioparanaense.com\/index.php?rest_route=%2Fwp%2Fv2%2Fmedia&parent=3547"}],"wp:term":[{"taxonomy":"category","embeddable":true,"href":"https:\/\/diarioparanaense.com\/index.php?rest_route=%2Fwp%2Fv2%2Fcategories&post=3547"},{"taxonomy":"post_tag","embeddable":true,"href":"https:\/\/diarioparanaense.com\/index.php?rest_route=%2Fwp%2Fv2%2Ftags&post=3547"}],"curies":[{"name":"wp","href":"https:\/\/api.w.org\/{rel}","templated":true}]}}