{"id":3546,"date":"2024-10-17T15:17:08","date_gmt":"2024-10-17T18:17:08","guid":{"rendered":"https:\/\/diarioparanaense.com\/?p=3546"},"modified":"2024-10-17T15:17:09","modified_gmt":"2024-10-17T18:17:09","slug":"campanha-nacional-de-combate-ao-mau-halito-2024","status":"publish","type":"post","link":"https:\/\/diarioparanaense.com\/?p=3546","title":{"rendered":"Campanha Nacional de Combate ao Mau H\u00e1lito 2024"},"content":{"rendered":"\n<p class=\"has-medium-font-size\">Com o apoio da Associa\u00e7\u00e3o Brasileira de Halitose, a\u00e7\u00f5es informam e orientam sobre sa\u00fade bucal e tratamentos<\/p>\n\n\n\n<p>Quantas vezes voc\u00ea j\u00e1 se perguntou se seu h\u00e1lito est\u00e1 fresco? E mais: j\u00e1 imaginou se algu\u00e9m pr\u00f3ximo a voc\u00ea pode estar sofrendo com mau h\u00e1lito? Essa \u00e9 uma situa\u00e7\u00e3o que todos podemos enfrentar, mas o verdadeiro desafio n\u00e3o est\u00e1 apenas em perceber o problema, e sim em decidir como agir. Avisar um amigo que ele pode estar com halitose \u00e9 delicado: como abordar o assunto sem causar embara\u00e7o? E se voc\u00ea fosse o amigo que precisa ser avisado? A d\u00favida e o receio de magoar ou ser magoado s\u00e3o comuns e podem transformar esse dilema silencioso em uma barreira para a comunica\u00e7\u00e3o.<\/p>\n\n\n\n<p>O mau h\u00e1lito, embora seja uma preocupa\u00e7\u00e3o recorrente, ainda \u00e9 cercado por tabus. Recentemente, estudos revelaram que aproximadamente 32% da popula\u00e7\u00e3o mundial sofre com halitose, e no Brasil, cerca de 30% da popula\u00e7\u00e3o, o que representa aproximadamente 71 milh\u00f5es de pessoas, enfrenta essa condi\u00e7\u00e3o. Essa realidade pode levar a inseguran\u00e7as e ao isolamento social, afetando negativamente as rela\u00e7\u00f5es pessoais e profissionais.<\/p>\n\n\n\n<p>\u00c9 com o intuito de quebrar esses tabus e facilitar o di\u00e1logo que a Associa\u00e7\u00e3o Brasileira de Halitose (ABHA) lan\u00e7a a Campanha Nacional de Combate ao Mau H\u00e1lito 2024, que come\u00e7a em 22 de setembro, Dia Nacional de Combate ao Mau H\u00e1lito, e segue at\u00e9 25 de outubro, Dia Nacional do Cirurgi\u00e3o-Dentista. Com o tema &#8220;SOS Mau H\u00e1lito&#8221;, a campanha deste ano visa promover uma comunica\u00e7\u00e3o mais aberta e oferecer uma solu\u00e7\u00e3o pr\u00e1tica e discreta para quem deseja ajudar ou ser ajudado. &#8220;O servi\u00e7o &#8216;SOS Mau H\u00e1lito&#8217; foi criado para ajudar pessoas a avisarem discretamente algu\u00e9m sobre a necessidade de cuidar do h\u00e1lito, sem causar desconforto ou constrangimento&#8221;, explica a associada da ABHA, cirurgi\u00e3-dentista Cl\u00e1udia Gobor. &#8220;A ideia \u00e9 facilitar essa comunica\u00e7\u00e3o delicada, tornando o processo mais simples e menos embara\u00e7oso para todos os envolvidos.&#8221;<\/p>\n\n\n\n<p>A halitose, caracterizada pela forma\u00e7\u00e3o de gases malcheirosos exalados pela boca ou nariz, pode ser causada por doen\u00e7as periodontais, infec\u00e7\u00f5es bucais, saburra lingual, biofilme dental e outras condi\u00e7\u00f5es. O diagn\u00f3stico pode ser feito por meio de consulta com profissionais qualificados, que tamb\u00e9m indicar\u00e3o o tratamento adequado, como equil\u00edbrio da homeostase bucal, higiene bucal individualizada, tratamento periodontal, entre outras interven\u00e7\u00f5es necess\u00e1rias. O mau h\u00e1lito pode afetar significativamente a vida social e profissional de uma pessoa, levando ao isolamento, perda de oportunidades profissionais e dificuldades na comunica\u00e7\u00e3o verbal. &#8220;\u00c9 importante lembrar que o mau h\u00e1lito \u00e9 um problema pelo qual todos n\u00f3s podemos passar. N\u00e3o vale levar o assunto como brincadeira para ofender ou desmerecer qualquer pessoa&#8221;, alerta Cl\u00e1udia.<\/p>\n\n\n\n<p>Neste ano, a campanha promovida pela ABHA tem como principal objetivo facilitar a comunica\u00e7\u00e3o entre pessoas que percebem altera\u00e7\u00f5es no h\u00e1lito de outras, mas se sentem constrangidas em avisar. Para isso, a associa\u00e7\u00e3o promover\u00e1 uma s\u00e9rie de a\u00e7\u00f5es, incluindo palestras voltadas para profissionais e n\u00e3o profissionais da sa\u00fade, estudantes, empresas e entidades p\u00fablicas ou privadas. Al\u00e9m disso, a campanha contar\u00e1 com publica\u00e7\u00f5es nas redes sociais da ABHA e de seus associados, entrevistas e podcasts.<\/p>\n\n\n\n<p class=\"has-medium-font-size\">Mau H\u00e1lito: uma ferramenta para ajudar<\/p>\n\n\n\n<p>A ferramenta &#8220;SOS Mau H\u00e1lito&#8221;, dispon\u00edvel no site da ABHA (www.abha.org.br), \u00e9 um servi\u00e7o destinado a pessoas que desejam informar amigos ou familiares sobre a necessidade de tratamento para halitose, de forma discreta e respeitosa. Ap\u00f3s o envio da solicita\u00e7\u00e3o, a ABHA entrar\u00e1 em contato com a pessoa indicada por e-mail, dentro de um prazo m\u00e9dio de 10 dias \u00fateis. &#8220;Avisar que a pessoa precisa de ajuda e dar algumas orienta\u00e7\u00f5es para que ela busque tratamento s\u00e3o os principais benef\u00edcios que a ferramenta oferece&#8221;, destaca Cl\u00e1udia Gobor.<\/p>\n\n\n\n<p class=\"has-medium-font-size\">Como apoiar a campanha<\/p>\n\n\n\n<p>A ABHA convida todos a se envolverem na Campanha Nacional de Combate ao Mau H\u00e1lito 2024. Participe solicitando palestras, entrevistas informativas e acompanhando as redes sociais da Associa\u00e7\u00e3o. &#8220;Halitose tem tratamento e controle. Se precisar, o SOS \u00e9 um servi\u00e7o da ABHA que pode ajudar!&#8221;, conclui Cl\u00e1udia.<\/p>\n\n\n\n<p>Para mais informa\u00e7\u00f5es, acesse o site <a href=\"http:\/\/www.abha.org.br\">www.abha.org.br<\/a>.<\/p>\n\n\n\n<p><strong>Servi\u00e7o: Bom h\u00e1lito Curitiba<br><\/strong>Dra. Cl\u00e1udia C. Gobor<br>Cirurgi\u00e3 Dentista especialista pelo MEC no tratamento da Halitose<br>Ex-Presidente e atual Diretora Executiva da Associa\u00e7\u00e3o Brasileira de Halitose<br><a href=\"https:\/\/www.bomhalitocuritiba.com.br\/\n\">https:\/\/www.bomhalitocuritiba.com.br\/<br><\/a>(41) 3022-3131 | (41) 99977-7087<br>@bomhalitocuritiba<\/p>\n","protected":false},"excerpt":{"rendered":"<p>Com o apoio da Associa\u00e7\u00e3o Brasileira de Halitose, a\u00e7\u00f5es informam e orientam sobre sa\u00fade bucal e tratamentos Quantas vezes voc\u00ea j\u00e1 se perguntou se seu h\u00e1lito est\u00e1 fresco? E mais: j\u00e1 imaginou se algu\u00e9m pr\u00f3ximo a voc\u00ea pode estar sofrendo com mau h\u00e1lito? Essa \u00e9 uma situa\u00e7\u00e3o que todos podemos enfrentar, mas o verdadeiro desafio [&hellip;]<\/p>\n","protected":false},"author":1,"featured_media":2929,"comment_status":"open","ping_status":"open","sticky":false,"template":"","format":"standard","meta":{"footnotes":""},"categories":[164],"tags":[],"class_list":["post-3546","post","type-post","status-publish","format-standard","has-post-thumbnail","hentry","category-saude-2"],"_links":{"self":[{"href":"https:\/\/diarioparanaense.com\/index.php?rest_route=\/wp\/v2\/posts\/3546","targetHints":{"allow":["GET"]}}],"collection":[{"href":"https:\/\/diarioparanaense.com\/index.php?rest_route=\/wp\/v2\/posts"}],"about":[{"href":"https:\/\/diarioparanaense.com\/index.php?rest_route=\/wp\/v2\/types\/post"}],"author":[{"embeddable":true,"href":"https:\/\/diarioparanaense.com\/index.php?rest_route=\/wp\/v2\/users\/1"}],"replies":[{"embeddable":true,"href":"https:\/\/diarioparanaense.com\/index.php?rest_route=%2Fwp%2Fv2%2Fcomments&post=3546"}],"version-history":[{"count":1,"href":"https:\/\/diarioparanaense.com\/index.php?rest_route=\/wp\/v2\/posts\/3546\/revisions"}],"predecessor-version":[{"id":3556,"href":"https:\/\/diarioparanaense.com\/index.php?rest_route=\/wp\/v2\/posts\/3546\/revisions\/3556"}],"wp:featuredmedia":[{"embeddable":true,"href":"https:\/\/diarioparanaense.com\/index.php?rest_route=\/wp\/v2\/media\/2929"}],"wp:attachment":[{"href":"https:\/\/diarioparanaense.com\/index.php?rest_route=%2Fwp%2Fv2%2Fmedia&parent=3546"}],"wp:term":[{"taxonomy":"category","embeddable":true,"href":"https:\/\/diarioparanaense.com\/index.php?rest_route=%2Fwp%2Fv2%2Fcategories&post=3546"},{"taxonomy":"post_tag","embeddable":true,"href":"https:\/\/diarioparanaense.com\/index.php?rest_route=%2Fwp%2Fv2%2Ftags&post=3546"}],"curies":[{"name":"wp","href":"https:\/\/api.w.org\/{rel}","templated":true}]}}