{"id":3542,"date":"2024-10-17T14:28:55","date_gmt":"2024-10-17T17:28:55","guid":{"rendered":"https:\/\/diarioparanaense.com\/?p=3542"},"modified":"2024-10-17T14:28:56","modified_gmt":"2024-10-17T17:28:56","slug":"corredor-sustentavel-do-parana-conta-com-mais-um-posto-para-abastecimento-com-gnv","status":"publish","type":"post","link":"https:\/\/diarioparanaense.com\/?p=3542","title":{"rendered":"Corredor Sustent\u00e1vel do Paran\u00e1 conta com mais um posto para abastecimento com GNV"},"content":{"rendered":"\n<p class=\"has-medium-font-size\">Este \u00e9 o 12.\u00ba posto em opera\u00e7\u00e3o no estado. Estrat\u00e9gia da Compagas \u00e9 ampliar a oferta de g\u00e1s natural e biometano para ve\u00edculos leves e pesados<\/p>\n\n\n\n<p>Curitiba, 17 de outubro \u2013 A Compagas (Companhia Paranaense do G\u00e1s) firmou parceria com mais um posto para fornecimento de g\u00e1s natural veicular (GNV) no Corredor Sustent\u00e1vel. Este \u00e9 o 12.\u00ba posto de abastecimento com GNV no Projeto que visa implantar rotas de abastecimento de ve\u00edculos pesados movidos a g\u00e1s no Paran\u00e1.<\/p>\n\n\n\n<p>A parceria foi com o Posto Tulio Caraguat\u00e1, que est\u00e1 localizado em Campina Grande do Sul, na Rodovia R\u00e9gis Bittencourt, km 69, e contar\u00e1 a partir de janeiro de 2025 com o combust\u00edvel.<\/p>\n\n\n\n<p>Para a Compagas, distribuidora de g\u00e1s canalizado no Paran\u00e1, o in\u00edcio de opera\u00e7\u00e3o de mais um posto focado no abastecimento de ve\u00edculos pesados \u00e9 um marco na estrat\u00e9gia de ampliar a oferta de g\u00e1s natural e biometano para outros munic\u00edpios. \u201cNossa meta \u00e9 integrar as principais rotas rodovi\u00e1rias do Estado e promover o transporte sustent\u00e1vel para a exporta\u00e7\u00e3o de alimentos e para a agroind\u00fastria. Essa nova opera\u00e7\u00e3o corrobora com nossa estrat\u00e9gia e tamb\u00e9m com a diversifica\u00e7\u00e3o da matriz energ\u00e9tica do setor de transportes, pela inser\u00e7\u00e3o de combust\u00edveis mais limpos e eficientes e redu\u00e7\u00e3o da depend\u00eancia da importa\u00e7\u00e3o do diesel, possibilitando ainda a redu\u00e7\u00e3o da emiss\u00e3o de poluentes na atmosfera\u201d, destaca o CEO da Compagas, Rafael Lamastra Jr.<\/p>\n\n\n\n<p>&#8220;Participar do Corredor Sustent\u00e1vel \u00e9, sem d\u00favida, um grande passo para o futuro da mobilidade no Paran\u00e1&#8221;, afirma Giancarlo Pasa, CEO do Grupo Tulio. &#8220;A cria\u00e7\u00e3o dessa rede de abastecimento com GNV representa uma mudan\u00e7a significativa para o transporte de cargas, especialmente os ve\u00edculos pesados, que poder\u00e3o contar com um combust\u00edvel mais limpo e eficiente. Estamos comprometidos em ser parte dessa transforma\u00e7\u00e3o, oferecendo uma solu\u00e7\u00e3o sustent\u00e1vel e estrat\u00e9gica que contribui tanto para o desenvolvimento econ\u00f4mico quanto para a preserva\u00e7\u00e3o ambiental.&#8221;<\/p>\n\n\n\n<p>Saiba mais sobre os Corredores Sustent\u00e1veis &#8211; Este ano a Compagas deu in\u00edcio a opera\u00e7\u00e3o da primeira rota do Projeto Corredores Sustent\u00e1veis no Paran\u00e1, que conecta os munic\u00edpios de Londrina e Paranagu\u00e1, interligando as regi\u00f5es Leste e Norte do Estado.<\/p>\n\n\n\n<p>Os postos de abastecimento est\u00e3o estrategicamente posicionados para garantir autonomia aos ve\u00edculos no percurso entre o interior e o Porto de Paranagu\u00e1, al\u00e9m de promover a integra\u00e7\u00e3o do Paran\u00e1 com as rotas de S\u00e3o Paulo e Santa Catarina.<\/p>\n\n\n\n<p>Al\u00e9m dos doze postos em opera\u00e7\u00e3o, a Compagas tem como plano adicionar mais um posto at\u00e9 o final do ano.<\/p>\n\n\n\n<p>O projeto Corredores Sustent\u00e1veis come\u00e7ou em 2020 na Compagas, com a identifica\u00e7\u00e3o das principais vias de transporte do estado e dos locais estrat\u00e9gicos para a introdu\u00e7\u00e3o do g\u00e1s na matriz energ\u00e9tica. A estrat\u00e9gia da Companhia \u00e9 ampliar a oferta de g\u00e1s natural e biometano para ve\u00edculos pesados, especialmente caminh\u00f5es e \u00f4nibus, facilitando o transporte da produ\u00e7\u00e3o agroindustrial, inicialmente das regi\u00f5es Norte e Noroeste do Estado, para o Porto de Paranagu\u00e1, integrando o estado \u00e0s principais rotas log\u00edsticas do pa\u00eds e contribuindo para a mobilidade urbana sustent\u00e1vel.<\/p>\n\n\n\n<p>A Compagas tamb\u00e9m est\u00e1 engajada em identificar potenciais investidores para a instala\u00e7\u00e3o de novos postos de abastecimento, estabelecendo parcerias com a ind\u00fastria automotiva especializada em ve\u00edculos pesados e promovendo a conscientiza\u00e7\u00e3o entre os consumidores finais, especialmente entre as grandes frotas de transporte.<\/p>\n\n\n\n<p>G\u00e1s natural &#8211; O g\u00e1s natural \u00e9 menos poluente que outros combust\u00edveis l\u00edquidos, al\u00e9m disso, tem uma queima mais limpa, com menos fuligem e menor gera\u00e7\u00e3o de mon\u00f3xido de carbono, o que contribui para a melhoria da qualidade do ar das cidades.<\/p>\n\n\n\n<p><br><strong>SOBRE A COMPAGAS<\/strong><\/p>\n\n\n\n<p>A Compagas \u00e9 uma empresa privada que conta com uma rede de distribui\u00e7\u00e3o de quase 900 quil\u00f4metros de extens\u00e3o, atende clientes dos segmentos industrial, comercial, residencial, veicular e de gera\u00e7\u00e3o el\u00e9trica, instalados em 16 munic\u00edpios do Estado. Os mais de 55 mil usu\u00e1rios consomem diariamente cerca de 1 milh\u00e3o de metros c\u00fabicos de g\u00e1s natural. Sua atua\u00e7\u00e3o est\u00e1 pautada em bases econ\u00f4micas, sociais e ambientais e com foco na promo\u00e7\u00e3o da expans\u00e3o do uso do g\u00e1s natural. Ciente do seu importante papel para indu\u00e7\u00e3o do desenvolvimento e da necessidade da diversifica\u00e7\u00e3o da matriz energ\u00e9tica, executa a\u00e7\u00f5es em prol da competitividade e da seguran\u00e7a para seu mercado. A Compagas investiu e vai continuar investindo no desenvolvimento&nbsp;do&nbsp;Paran\u00e1.<\/p>\n","protected":false},"excerpt":{"rendered":"<p>Este \u00e9 o 12.\u00ba posto em opera\u00e7\u00e3o no estado. Estrat\u00e9gia da Compagas \u00e9 ampliar a oferta de g\u00e1s natural e biometano para ve\u00edculos leves e pesados Curitiba, 17 de outubro \u2013 A Compagas (Companhia Paranaense do G\u00e1s) firmou parceria com mais um posto para fornecimento de g\u00e1s natural veicular (GNV) no Corredor Sustent\u00e1vel. Este \u00e9 [&hellip;]<\/p>\n","protected":false},"author":1,"featured_media":3543,"comment_status":"open","ping_status":"open","sticky":false,"template":"","format":"standard","meta":{"footnotes":""},"categories":[324],"tags":[],"class_list":["post-3542","post","type-post","status-publish","format-standard","has-post-thumbnail","hentry","category-negocios"],"_links":{"self":[{"href":"https:\/\/diarioparanaense.com\/index.php?rest_route=\/wp\/v2\/posts\/3542","targetHints":{"allow":["GET"]}}],"collection":[{"href":"https:\/\/diarioparanaense.com\/index.php?rest_route=\/wp\/v2\/posts"}],"about":[{"href":"https:\/\/diarioparanaense.com\/index.php?rest_route=\/wp\/v2\/types\/post"}],"author":[{"embeddable":true,"href":"https:\/\/diarioparanaense.com\/index.php?rest_route=\/wp\/v2\/users\/1"}],"replies":[{"embeddable":true,"href":"https:\/\/diarioparanaense.com\/index.php?rest_route=%2Fwp%2Fv2%2Fcomments&post=3542"}],"version-history":[{"count":1,"href":"https:\/\/diarioparanaense.com\/index.php?rest_route=\/wp\/v2\/posts\/3542\/revisions"}],"predecessor-version":[{"id":3544,"href":"https:\/\/diarioparanaense.com\/index.php?rest_route=\/wp\/v2\/posts\/3542\/revisions\/3544"}],"wp:featuredmedia":[{"embeddable":true,"href":"https:\/\/diarioparanaense.com\/index.php?rest_route=\/wp\/v2\/media\/3543"}],"wp:attachment":[{"href":"https:\/\/diarioparanaense.com\/index.php?rest_route=%2Fwp%2Fv2%2Fmedia&parent=3542"}],"wp:term":[{"taxonomy":"category","embeddable":true,"href":"https:\/\/diarioparanaense.com\/index.php?rest_route=%2Fwp%2Fv2%2Fcategories&post=3542"},{"taxonomy":"post_tag","embeddable":true,"href":"https:\/\/diarioparanaense.com\/index.php?rest_route=%2Fwp%2Fv2%2Ftags&post=3542"}],"curies":[{"name":"wp","href":"https:\/\/api.w.org\/{rel}","templated":true}]}}