{"id":3534,"date":"2024-10-17T13:48:01","date_gmt":"2024-10-17T16:48:01","guid":{"rendered":"https:\/\/diarioparanaense.com\/?p=3534"},"modified":"2024-10-17T13:48:01","modified_gmt":"2024-10-17T16:48:01","slug":"1o-rally-de-carros-eletricos-acelera-a-sustentabilidade-na-estrada-da-graciosa","status":"publish","type":"post","link":"https:\/\/diarioparanaense.com\/?p=3534","title":{"rendered":"1\u00ba Rally de Carros El\u00e9tricos acelera a sustentabilidade na Estrada da Graciosa"},"content":{"rendered":"\n<p><strong><em>Com foco na regularidade, o Rally-e \u00e9 um evento pioneiro no Brasil, unindo tecnologia, <\/em><\/strong><strong><em><br><\/em><\/strong><strong><em>mobilidade el\u00e9trica e preserva\u00e7\u00e3o ambiental em um percurso deslumbrante pela Mata Atl\u00e2ntica<\/em><\/strong><\/p>\n\n\n\n<p>A Estrada da Graciosa ser\u00e1 palco de um evento in\u00e9dito no Brasil: o <strong>1\u00ba Rally de Carros El\u00e9tricos<\/strong>. O <strong>Rally-e<\/strong> ocorre no dia 20 de outubro (domingo) e promete ser muito mais do que uma competi\u00e7\u00e3o. O evento pioneiro explora o conceito da mobilidade urbana el\u00e9trica em meio a um cen\u00e1rio exuberante na Mata Atl\u00e2ntica, unindo tecnologia, sustentabilidade e respeito ao meio ambiente.<\/p>\n\n\n\n<p>Com foco na regularidade, a iniciativa tem como objetivo proporcionar um dia de entretenimento para fam\u00edlias e entusiastas de carros el\u00e9tricos, sem priorizar a velocidade. Esses ve\u00edculos, reconhecidos por sua efici\u00eancia, s\u00e3o tamb\u00e9m silenciosos e n\u00e3o emitem poluentes, tornando essa competi\u00e7\u00e3o uma op\u00e7\u00e3o perfeita para percorrer uma das \u00e1reas com maior biodiversidade no Brasil, ao mesmo tempo que reduz os impactos ambientais em zonas de conserva\u00e7\u00e3o.<\/p>\n\n\n\n<p>A prova \u00e9 aberta a todos os modelos e marcas de autom\u00f3veis com emiss\u00e3o zero de gases nocivos, e tamb\u00e9m para modelos h\u00edbridos. A inscri\u00e7\u00e3o pode ser feita no <a href=\"https:\/\/unilivre.org.br\/rally-e\/\">site da Unilivre<\/a>, organizadora da corrida. O rali vai oferecer uma experi\u00eancia tranquila, com trajetos totalmente <em>on road<\/em> e toda a estrutura necess\u00e1ria para garantir que os participantes aproveitem de forma descontra\u00edda essa prova de regularidade pioneira.<\/p>\n\n\n\n<p><strong>Trajeto pelo cora\u00e7\u00e3o da Mata Atl\u00e2ntica<\/strong><\/p>\n\n\n\n<p>A largada ser\u00e1 no Centro Estadual de Educa\u00e7\u00e3o Profissional Newton Freire Maia, em Quatro Barras, e seguir\u00e1 pela charmosa Estrada da Graciosa e seu tra\u00e7ado sinuoso, de visuais deslumbrantes da Mata Atl\u00e2ntica. Durante o percurso, os participantes poder\u00e3o apreciar montanhas cobertas por mata nativa, rios cristalinos e cachoeiras at\u00e9 a chegada a Morretes, cidade hist\u00f3rica, de constru\u00e7\u00f5es coloniais e do tradicional barreado.<\/p>\n\n\n\n<p>O rally tamb\u00e9m passar\u00e1 pelo Porto de Paranagu\u00e1, um dos mais importantes do pa\u00eds. Os competidores ter\u00e3o a possibilidade de reabastecer a energia de seus ve\u00edculos em postos de recarga localizados na sede do Grupo de Ensino Isulpar, na cidade litor\u00e2nea. O trajeto ser\u00e1 conclu\u00eddo no Parque S\u00e3o Jos\u00e9, em S\u00e3o Jos\u00e9 dos Pinhais, ap\u00f3s subida pela BR-277, totalizando 215<strong> <\/strong>km.<\/p>\n\n\n\n<p><strong>Uma corrida pela preserva\u00e7\u00e3o<\/strong><\/p>\n\n\n\n<p>O <strong>Rally-e<\/strong> \u00e9 uma oportunidade para mostrar como os ve\u00edculos el\u00e9tricos est\u00e3o mudando o cen\u00e1rio da mobilidade, e como essa transforma\u00e7\u00e3o est\u00e1 alinhada com os princ\u00edpios de preserva\u00e7\u00e3o ambiental e sustentabilidade.&nbsp;<\/p>\n\n\n\n<p>Durante o evento, ser\u00e1 realizado o monitoramento em tempo real das emiss\u00f5es de CO2 associadas \u00e0 log\u00edstica e deslocamentos, com o compromisso de neutralizar qualquer impacto atrav\u00e9s de a\u00e7\u00f5es ambientais, como o plantio de \u00e1rvores nativas em pontos estrat\u00e9gicos ao longo do percurso. As mudas ser\u00e3o selecionadas e cedidas pelo IAT (Instituto \u00c1gua e Terra)<\/p>\n\n\n\n<p>Cada parada do rali, em cidades como Morretes e Paranagu\u00e1, ser\u00e1 uma oportunidade para os participantes e o p\u00fablico em geral realizarem atividades voltadas \u00e0 conscientiza\u00e7\u00e3o ambiental. Na programa\u00e7\u00e3o est\u00e3o previstas oficinas de educa\u00e7\u00e3o ecol\u00f3gica e a\u00e7\u00f5es pr\u00e1ticas de reflorestamento da Mata Atl\u00e2ntica.&nbsp;<\/p>\n\n\n\n<p>O evento contar\u00e1 ainda com palestras sobre a import\u00e2ncia da biodiversidade local, a destina\u00e7\u00e3o correta do lixo e os benef\u00edcios dos ve\u00edculos el\u00e9tricos na redu\u00e7\u00e3o das emiss\u00f5es de gases de efeito estufa.<\/p>\n\n\n\n<p>&#8220;As paradas n\u00e3o s\u00e3o apenas uma parte do percurso, mas uma chance de envolvimento com a natureza e a comunidade. Queremos que cada participante e visitante saia do evento mais consciente da import\u00e2ncia de preservar a Mata Atl\u00e2ntica&#8221;, ressalta Samir Teffeha, coordenador das a\u00e7\u00f5es de sustentabilidade do Rally-e.&nbsp;<\/p>\n\n\n\n<p><strong>Por que o Rally-e \u00e9 imperd\u00edvel?<\/strong><br>Em um momento em que a pauta ambiental est\u00e1 em alta e a mobilidade el\u00e9trica cresce em relev\u00e2ncia, o 1\u00ba Rally de Carros El\u00e9tricos do Brasil vem para fortalecer a conex\u00e3o entre tecnologia, sustentabilidade e lazer.&nbsp;<\/p>\n\n\n\n<p>\u00c9 uma iniciativa capaz de atrair um p\u00fablico diversificado, de entusiastas do automobilismo a fam\u00edlias em busca de novas experi\u00eancias, al\u00e9m de envolver empresas e marcas comprometidas com o futuro menos poluente.&nbsp;<\/p>\n\n\n\n<p>O <strong>Rally-e<\/strong> coloca o Paran\u00e1 no mapa dos grandes eventos de mobilidade sustent\u00e1vel, consolidando o pa\u00eds como um terreno f\u00e9rtil para a inova\u00e7\u00e3o e a economia verde.<\/p>\n\n\n\n<p>\u201cQueremos mostrar que a mobilidade el\u00e9trica n\u00e3o \u00e9 apenas o futuro, mas o presente. Ao integrar pr\u00e1ticas de compensa\u00e7\u00e3o de carbono, como o plantio de \u00e1rvores, estamos dando um passo al\u00e9m para garantir que eventos como este sejam verdadeiramente sustent\u00e1veis&#8221;, afirma Nat\u00e1lio Stica, organizador do evento<\/p>\n\n\n\n<p>O <strong>Rallye-e<\/strong> \u00e9 organizado pela Universidade Livre do Meio Ambiente, de Curitiba, sob a responsabilidade t\u00e9cnica da Federa\u00e7\u00e3o Paranaense de Automobilismo e do Rallye &amp; Pista Motor Clube (RPM Clube).&nbsp;<\/p>\n\n\n\n<p>O evento tem o patroc\u00ednio da Copel e o apoio da BYD Servopa, Portos do Paran\u00e1 \u2013 Log\u00edstica Inteligente, Tecpar (Instituto de Tecnologia do Paran\u00e1), Grupo de Ensino Isulpar, Serra Verde, Carbontech, Instituto \u00c1gua e Terra, Sistema Fetranspar e prefeituras de S\u00e3o Jos\u00e9 dos Pinhais e de Morretes, al\u00e9m da RICTV.<\/p>\n\n\n\n<p><strong>SERVI\u00c7O<\/strong><\/p>\n\n\n\n<p><strong>Data<\/strong>: 20\/10\/24<\/p>\n\n\n\n<p><strong>Local de In\u00edcio<\/strong>: Centro Estadual de Educa\u00e7\u00e3o Profissional Newton Freire Maia \u2013 Quatro Barras.<\/p>\n\n\n\n<p><strong>Trajeto<\/strong>: descida pela Serra da Graciosa com paradas em Morretes, Paranagu\u00e1 e finaliza\u00e7\u00e3o no Parque S\u00e3o Jos\u00e9, em S\u00e3o Jos\u00e9 dos Pinhais.<\/p>\n\n\n\n<p><strong>A\u00e7\u00f5es sustent\u00e1veis<\/strong>: plantio de mudas nativas, oficinas de educa\u00e7\u00e3o ambiental e monitoramento da emiss\u00e3o de CO2.<\/p>\n\n\n\n<p><strong>Inscri\u00e7\u00f5es e informa\u00e7\u00f5es<\/strong>: <a href=\"https:\/\/unilivre.org.br\/rally-e\/\">https:\/\/unilivre.org.br\/rally-e\/<\/a>.<\/p>\n\n\n\n<p><strong>Instagram<\/strong>: @unlivre <a href=\"https:\/\/www.instagram.com\/unilivre\/\">https:\/\/www.instagram.com\/unilivre\/<\/a><strong><br><\/strong><strong>Cr\u00e9ditos fotos<\/strong>: BYD\/ Divulga\u00e7\u00e3o<br><strong>Cr\u00e9ditos artes<\/strong>: Unilivre<\/p>\n","protected":false},"excerpt":{"rendered":"<p>Com foco na regularidade, o Rally-e \u00e9 um evento pioneiro no Brasil, unindo tecnologia, mobilidade el\u00e9trica e preserva\u00e7\u00e3o ambiental em um percurso deslumbrante pela Mata Atl\u00e2ntica A Estrada da Graciosa ser\u00e1 palco de um evento in\u00e9dito no Brasil: o 1\u00ba Rally de Carros El\u00e9tricos. O Rally-e ocorre no dia 20 de outubro (domingo) e promete [&hellip;]<\/p>\n","protected":false},"author":1,"featured_media":3535,"comment_status":"open","ping_status":"open","sticky":false,"template":"","format":"standard","meta":{"footnotes":""},"categories":[38,186,384],"tags":[],"class_list":["post-3534","post","type-post","status-publish","format-standard","has-post-thumbnail","hentry","category-auto","category-eventos","category-tecnologia"],"_links":{"self":[{"href":"https:\/\/diarioparanaense.com\/index.php?rest_route=\/wp\/v2\/posts\/3534","targetHints":{"allow":["GET"]}}],"collection":[{"href":"https:\/\/diarioparanaense.com\/index.php?rest_route=\/wp\/v2\/posts"}],"about":[{"href":"https:\/\/diarioparanaense.com\/index.php?rest_route=\/wp\/v2\/types\/post"}],"author":[{"embeddable":true,"href":"https:\/\/diarioparanaense.com\/index.php?rest_route=\/wp\/v2\/users\/1"}],"replies":[{"embeddable":true,"href":"https:\/\/diarioparanaense.com\/index.php?rest_route=%2Fwp%2Fv2%2Fcomments&post=3534"}],"version-history":[{"count":1,"href":"https:\/\/diarioparanaense.com\/index.php?rest_route=\/wp\/v2\/posts\/3534\/revisions"}],"predecessor-version":[{"id":3536,"href":"https:\/\/diarioparanaense.com\/index.php?rest_route=\/wp\/v2\/posts\/3534\/revisions\/3536"}],"wp:featuredmedia":[{"embeddable":true,"href":"https:\/\/diarioparanaense.com\/index.php?rest_route=\/wp\/v2\/media\/3535"}],"wp:attachment":[{"href":"https:\/\/diarioparanaense.com\/index.php?rest_route=%2Fwp%2Fv2%2Fmedia&parent=3534"}],"wp:term":[{"taxonomy":"category","embeddable":true,"href":"https:\/\/diarioparanaense.com\/index.php?rest_route=%2Fwp%2Fv2%2Fcategories&post=3534"},{"taxonomy":"post_tag","embeddable":true,"href":"https:\/\/diarioparanaense.com\/index.php?rest_route=%2Fwp%2Fv2%2Ftags&post=3534"}],"curies":[{"name":"wp","href":"https:\/\/api.w.org\/{rel}","templated":true}]}}