{"id":3531,"date":"2024-10-17T10:54:58","date_gmt":"2024-10-17T13:54:58","guid":{"rendered":"https:\/\/diarioparanaense.com\/?p=3531"},"modified":"2024-10-17T10:54:59","modified_gmt":"2024-10-17T13:54:59","slug":"artista-paranaense-gabriel-busarello-lanca-o-primeiro-album-da-carreira","status":"publish","type":"post","link":"https:\/\/diarioparanaense.com\/?p=3531","title":{"rendered":"Artista paranaense, Gabriel Busarello, lan\u00e7a o primeiro \u00e1lbum da carreira"},"content":{"rendered":"\n<p class=\"has-medium-font-size\">Homem de Fases \u00e9 composto por oito faixas, todas escritas e produzidas pelo artista<\/p>\n\n\n\n<p>Curitiba, PR \u2013 Ap\u00f3s dois anos de intenso trabalho e dedica\u00e7\u00e3o, o artista paranaense Gabriel Busarello est\u00e1 lan\u00e7ando o seu primeiro \u00e1lbum. Composto por oito faixas, \u2018Homem de Fases\u2019 est\u00e1 dispon\u00edvel em todas as plataformas digitais. O artista, respons\u00e1vel pela composi\u00e7\u00e3o e produ\u00e7\u00e3o musical de todas as faixas, apresenta no \u00e1lbum uma sonoridade pop rock envolvente, marcada por letras sinceras e reflexivas. &#8220;\u2019Homem de Fases\u2019 n\u00e3o \u00e9 apenas um t\u00edtulo, mas uma met\u00e1fora para as transforma\u00e7\u00f5es que todos enfrentamos ao longo da vida\u201d, aponta.<\/p>\n\n\n\n<p>O \u00e1lbum traz influ\u00eancias de artistas contempor\u00e2neos, como J\u00e3o, cuja m\u00fasica &#8220;Alinhamento Milenar&#8221; inspirou a faixa-t\u00edtulo &#8220;Homem de Fases&#8221;. A can\u00e7\u00e3o &#8220;Nosso Fim&#8221; reflete elementos da m\u00fasica &#8220;Penhasco&#8221;, de Lu\u00edsa Sonza, enquanto &#8220;Futuro&#8221; carrega a ess\u00eancia de &#8220;Golden Hour&#8221;, de Jake Lawson. A faixa &#8220;N\u00f3s Dois&#8221; tem sua raiz em &#8220;Unsaid Emily&#8221;, da s\u00e9rie &#8220;Julie and the Phantoms&#8221;, e &#8220;At\u00e9 o Amanhecer&#8221; evoca a est\u00e9tica do synthwave.<\/p>\n\n\n\n<p>A mensagem central de &#8220;Homem de Fases&#8221; \u00e9 a aceita\u00e7\u00e3o de que a vida \u00e9 feita de ciclos e mudan\u00e7as. Gabriel destaca a import\u00e2ncia de viver cada fase intensamente, valorizando as experi\u00eancias e pessoas que realmente importam. &#8220;Acredito que muitas pessoas v\u00e3o se identificar ao ouvir minhas m\u00fasicas, pois neste \u00e1lbum eu falo abertamente sobre o turbilh\u00e3o de experi\u00eancias e incertezas que vivemos ao longo da vida\u201d.<\/p>\n\n\n\n<p>&#8220;Homem de Fases&#8221; est\u00e1 dispon\u00edvel em todas as plataformas de streaming. Ou\u00e7a: https:\/\/linktr.ee\/gabrielbusarelloartista.<\/p>\n\n\n\n<p>Sobre<br>Gabriel Busarello \u00e9 um artista de 24 anos, natural de Ponta Grossa e criado em Palmeira, residindo em Curitiba desde 2018. Com uma carreira musical que come\u00e7ou aos 18 anos, Gabriel se destaca por sua capacidade de compor e produzir suas pr\u00f3prias m\u00fasicas, explorando sonoridades pop rock e letras que refletem suas viv\u00eancias pessoais e relacionais. Seu \u00e1lbum de estreia, &#8220;Homem de Fases&#8221;, lan\u00e7ado em 05 de outubro de 2024, \u00e9 uma reflex\u00e3o sobre as diversas etapas da vida e as experi\u00eancias que moldam&nbsp;quem&nbsp;somos.<\/p>\n","protected":false},"excerpt":{"rendered":"<p>Homem de Fases \u00e9 composto por oito faixas, todas escritas e produzidas pelo artista Curitiba, PR \u2013 Ap\u00f3s dois anos de intenso trabalho e dedica\u00e7\u00e3o, o artista paranaense Gabriel Busarello est\u00e1 lan\u00e7ando o seu primeiro \u00e1lbum. Composto por oito faixas, \u2018Homem de Fases\u2019 est\u00e1 dispon\u00edvel em todas as plataformas digitais. O artista, respons\u00e1vel pela composi\u00e7\u00e3o [&hellip;]<\/p>\n","protected":false},"author":1,"featured_media":3532,"comment_status":"open","ping_status":"open","sticky":false,"template":"","format":"standard","meta":{"footnotes":""},"categories":[27],"tags":[],"class_list":["post-3531","post","type-post","status-publish","format-standard","has-post-thumbnail","hentry","category-musica"],"_links":{"self":[{"href":"https:\/\/diarioparanaense.com\/index.php?rest_route=\/wp\/v2\/posts\/3531","targetHints":{"allow":["GET"]}}],"collection":[{"href":"https:\/\/diarioparanaense.com\/index.php?rest_route=\/wp\/v2\/posts"}],"about":[{"href":"https:\/\/diarioparanaense.com\/index.php?rest_route=\/wp\/v2\/types\/post"}],"author":[{"embeddable":true,"href":"https:\/\/diarioparanaense.com\/index.php?rest_route=\/wp\/v2\/users\/1"}],"replies":[{"embeddable":true,"href":"https:\/\/diarioparanaense.com\/index.php?rest_route=%2Fwp%2Fv2%2Fcomments&post=3531"}],"version-history":[{"count":1,"href":"https:\/\/diarioparanaense.com\/index.php?rest_route=\/wp\/v2\/posts\/3531\/revisions"}],"predecessor-version":[{"id":3533,"href":"https:\/\/diarioparanaense.com\/index.php?rest_route=\/wp\/v2\/posts\/3531\/revisions\/3533"}],"wp:featuredmedia":[{"embeddable":true,"href":"https:\/\/diarioparanaense.com\/index.php?rest_route=\/wp\/v2\/media\/3532"}],"wp:attachment":[{"href":"https:\/\/diarioparanaense.com\/index.php?rest_route=%2Fwp%2Fv2%2Fmedia&parent=3531"}],"wp:term":[{"taxonomy":"category","embeddable":true,"href":"https:\/\/diarioparanaense.com\/index.php?rest_route=%2Fwp%2Fv2%2Fcategories&post=3531"},{"taxonomy":"post_tag","embeddable":true,"href":"https:\/\/diarioparanaense.com\/index.php?rest_route=%2Fwp%2Fv2%2Ftags&post=3531"}],"curies":[{"name":"wp","href":"https:\/\/api.w.org\/{rel}","templated":true}]}}