{"id":3528,"date":"2024-10-17T10:51:39","date_gmt":"2024-10-17T13:51:39","guid":{"rendered":"https:\/\/diarioparanaense.com\/?p=3528"},"modified":"2024-10-17T10:51:39","modified_gmt":"2024-10-17T13:51:39","slug":"feira-de-imoveis-campo-largo-oferece-mais-de-1-000-imoveis-com-ofertas-na-cidade","status":"publish","type":"post","link":"https:\/\/diarioparanaense.com\/?p=3528","title":{"rendered":"Feira de Im\u00f3veis Campo Largo oferece mais de 1.000 im\u00f3veis com ofertas na cidade"},"content":{"rendered":"\n<p class=\"has-medium-font-size\">A Apolar Franquias estar\u00e1 na feira com condi\u00e7\u00f5es especiais para quem deseja adquirir im\u00f3veis e para atender investidores em novas franquias<\/p>\n\n\n\n<p>Entre os dias 17 e 20 de outubro, Campo Largo recebe a 2\u00aa edi\u00e7\u00e3o da Feira de Im\u00f3veis. Dessa vez com mais de dez imobili\u00e1rias participantes, o evento ir\u00e1 oferecer mais de 1.000 oportunidades de vendas de im\u00f3veis e terrenos com condi\u00e7\u00f5es especiais para os visitantes. A Apolar Franquias conta com um portf\u00f3lio de cerca de 100 ofertas exclusivas com parcelas a partir de R$499 e entrada 100% parcelada para o primeiro im\u00f3vel. Al\u00e9m disso, a Apolar quer expandir sua atua\u00e7\u00e3o para outras regi\u00f5es e o modelo de neg\u00f3cios de franquias j\u00e1 consolidado no Paran\u00e1. Em um espa\u00e7o ainda maior, a Feira acontece no City Center Outlet Premium.<\/p>\n\n\n\n<p>Atualmente, a rede conta com mais de 90 franquias de venda e loca\u00e7\u00e3o no Paran\u00e1, Santa Catarina e Paraguai. \u201cQueremos expandir o modelo de neg\u00f3cio que a Apolar consolidou no Paran\u00e1 e fazer da rede, al\u00e9m de pioneira, a maior franqueadora imobili\u00e1ria latino-americana, levando esse projeto para outras regi\u00f5es e internacionalizando a marca\u201d, comenta Marco Vieira, diretor de expans\u00e3o da Apolar Franquias.<\/p>\n\n\n\n<p>Como diferencial para a segunda edi\u00e7\u00e3o consecutiva, a Caixa Econ\u00f4mica Federal ir\u00e1 participar do evento com o objetivo de oportunizar condi\u00e7\u00f5es especiais para fortalecer o setor imobili\u00e1rio local. \u201cA primeira edi\u00e7\u00e3o j\u00e1 foi um sucesso na gera\u00e7\u00e3o de neg\u00f3cios. Agora, com a parceria com a Caixa Econ\u00f4mica e com mais oportunidades, iremos fomentar ainda mais um movimento importante para o mercado local e promover a integra\u00e7\u00e3o das imobili\u00e1rias e profissionais da cidade\u201d, explica o diretor.<\/p>\n\n\n\n<p>A Feira de Im\u00f3veis ter\u00e1 entrada gratuita e faz parte do objetivo da cidade em atender os mais diversos perfis de consumidores, desde quem busca um im\u00f3vel pr\u00f3prio at\u00e9 para quem deseja investir no mercado imobili\u00e1rio.<\/p>\n\n\n\n<p><strong>Servi\u00e7o<\/strong><br><strong>2\u00aa Feira de Im\u00f3veis de Campo Largo<br><\/strong>Data: entre 17 e 20 de outubro de 2024<br>Hor\u00e1rio: dia 17\/10, \u00e0s 17h e demais dias das 10h \u00e0s 21h<br>Local: City Center Outlet Premium \u2013 Rua Jo\u00e3o Bertoja, n\u00ba 1995 \u2013 Itaqui de Cima, Campo Largo<br>Ingresso: entrada\u00a0gratuita<\/p>\n","protected":false},"excerpt":{"rendered":"<p>A Apolar Franquias estar\u00e1 na feira com condi\u00e7\u00f5es especiais para quem deseja adquirir im\u00f3veis e para atender investidores em novas franquias Entre os dias 17 e 20 de outubro, Campo Largo recebe a 2\u00aa edi\u00e7\u00e3o da Feira de Im\u00f3veis. Dessa vez com mais de dez imobili\u00e1rias participantes, o evento ir\u00e1 oferecer mais de 1.000 oportunidades [&hellip;]<\/p>\n","protected":false},"author":1,"featured_media":3529,"comment_status":"open","ping_status":"open","sticky":false,"template":"","format":"standard","meta":{"footnotes":""},"categories":[186],"tags":[],"class_list":["post-3528","post","type-post","status-publish","format-standard","has-post-thumbnail","hentry","category-eventos"],"_links":{"self":[{"href":"https:\/\/diarioparanaense.com\/index.php?rest_route=\/wp\/v2\/posts\/3528","targetHints":{"allow":["GET"]}}],"collection":[{"href":"https:\/\/diarioparanaense.com\/index.php?rest_route=\/wp\/v2\/posts"}],"about":[{"href":"https:\/\/diarioparanaense.com\/index.php?rest_route=\/wp\/v2\/types\/post"}],"author":[{"embeddable":true,"href":"https:\/\/diarioparanaense.com\/index.php?rest_route=\/wp\/v2\/users\/1"}],"replies":[{"embeddable":true,"href":"https:\/\/diarioparanaense.com\/index.php?rest_route=%2Fwp%2Fv2%2Fcomments&post=3528"}],"version-history":[{"count":1,"href":"https:\/\/diarioparanaense.com\/index.php?rest_route=\/wp\/v2\/posts\/3528\/revisions"}],"predecessor-version":[{"id":3530,"href":"https:\/\/diarioparanaense.com\/index.php?rest_route=\/wp\/v2\/posts\/3528\/revisions\/3530"}],"wp:featuredmedia":[{"embeddable":true,"href":"https:\/\/diarioparanaense.com\/index.php?rest_route=\/wp\/v2\/media\/3529"}],"wp:attachment":[{"href":"https:\/\/diarioparanaense.com\/index.php?rest_route=%2Fwp%2Fv2%2Fmedia&parent=3528"}],"wp:term":[{"taxonomy":"category","embeddable":true,"href":"https:\/\/diarioparanaense.com\/index.php?rest_route=%2Fwp%2Fv2%2Fcategories&post=3528"},{"taxonomy":"post_tag","embeddable":true,"href":"https:\/\/diarioparanaense.com\/index.php?rest_route=%2Fwp%2Fv2%2Ftags&post=3528"}],"curies":[{"name":"wp","href":"https:\/\/api.w.org\/{rel}","templated":true}]}}