{"id":3518,"date":"2024-10-14T17:38:54","date_gmt":"2024-10-14T20:38:54","guid":{"rendered":"https:\/\/diarioparanaense.com\/?p=3518"},"modified":"2024-10-14T17:38:55","modified_gmt":"2024-10-14T20:38:55","slug":"chef-verge-revoluciona-a-experiencia-de-franquias-com-a-inauguracao-de-loja-no-parkshoppingbarigui","status":"publish","type":"post","link":"https:\/\/diarioparanaense.com\/?p=3518","title":{"rendered":"Chef Verg\u00e9 revoluciona a experi\u00eancia de franquias com a inaugura\u00e7\u00e3o de loja no ParkShoppingBarig\u00fci"},"content":{"rendered":"\n<p class=\"has-medium-font-size\">Sob a lideran\u00e7a vision\u00e1ria de Andrezza Fusaro, Chef Verg\u00e9 traz uma fus\u00e3o irresist\u00edvel de tradi\u00e7\u00e3o e modernidade para a gastronomia da capital paranaense<\/p>\n\n\n\n<p>Curitiba celebra a chegada da primeira loja da franquia Chef Verg\u00e9, que est\u00e1 localizada no ParkShoppingBarig\u00fci, sob o comando da empreendedora Andrezza Fusaro. Adquirida recentemente pela empres\u00e1ria, a marca renomada por seus croissants traz uma proposta inovadora, mantendo a ess\u00eancia e tradi\u00e7\u00e3o que a consagraram. A nova loja transforma a pra\u00e7a de alimenta\u00e7\u00e3o do shopping em um espa\u00e7o com ares franceses e toques de brasilidade.<\/p>\n\n\n\n<p>Andrezza assumiu o Chef Verg\u00e9 com a miss\u00e3o de inovar, mantendo o compromisso com a qualidade e atendimento que conquistaram o p\u00fablico ao longo dos anos. \u201cA ideia \u00e9 ter esse equil\u00edbrio entre o novo e o cl\u00e1ssico, para surpreender e encantar os clientes, marcando um novo cap\u00edtulo na trajet\u00f3ria da franquia\u201d, destaca a empres\u00e1ria.<\/p>\n\n\n\n<p><strong>Franquia: Modelo de Neg\u00f3cio de Sucesso<\/strong><\/p>\n\n\n\n<p>A inaugura\u00e7\u00e3o no ParkShoppingBarig\u00fci refor\u00e7a um modelo de neg\u00f3cios consolidado e que continua em expans\u00e3o no Brasil. Segundo o Relat\u00f3rio de Desempenho do Setor de Franchising do 2\u00ba trimestre de 2024 da ABF \u2013 Associa\u00e7\u00e3o Brasileira de Franchising, o setor alcan\u00e7ou um faturamento de R$ 61,2 milh\u00f5es, representando um crescimento de 12,8% em rela\u00e7\u00e3o ao mesmo per\u00edodo de 2023. O setor de franquias mant\u00e9m um saldo positivo de 2,7% entre aberturas e fechamentos de opera\u00e7\u00f5es nos primeiros tr\u00eas meses do ano.<\/p>\n\n\n\n<p>&#8220;Esse cen\u00e1rio reflete n\u00e3o apenas o crescimento do setor, mas tamb\u00e9m a maturidade do modelo de franquias no Brasil, tornando-o uma alternativa atraente para investidores e empreendedores. Essa foi uma das raz\u00f5es que levaram o Chef Verg\u00e9 a seguir esse caminho&#8221;, explica Andrezza. Ela ressalta que as franquias de alimenta\u00e7\u00e3o lideram o ranking de faturamento no pa\u00eds.<\/p>\n\n\n\n<p><strong>Expans\u00e3o e Crescimento<\/strong><\/p>\n\n\n\n<p>Com uma vis\u00e3o ambiciosa, a rede Chef Verg\u00e9 planeja expandir suas fronteiras. &#8220;Iniciamos por Curitiba, mas nossa proposta \u00e9 levar nossos sabores para todo o Brasil, reconectar clientes \u00e0 marca e posicion\u00e1-la como refer\u00eancia nacional em gastronomia&#8221;, afirma Andrezza.<br>Com uma gest\u00e3o vision\u00e1ria, a expectativa \u00e9 de alcan\u00e7ar 10 unidades at\u00e9 o final do ano. Para 2025, a meta \u00e9 expandir para o Paran\u00e1, Santa Catarina e S\u00e3o Paulo.<\/p>\n\n\n\n<p>A franquia oferece acesso a uma marca de prest\u00edgio, com card\u00e1pio desenvolvido por especialistas e estrat\u00e9gias de marketing estruturadas para atrair e fidelizar clientes. &#8220;O suporte constante da franqueadora assegura que o franqueado n\u00e3o estar\u00e1 sozinho na jornada. Desde a escolha do ponto comercial at\u00e9 o treinamento da equipe, todas as etapas s\u00e3o acompanhadas de perto, aumentando as chances de sucesso&#8221;, observa Andrezza. S\u00e3o oferecidos dois modelos de neg\u00f3cios: para shopping centers e lojas de rua, com estimativas de faturamento de at\u00e9 R$ 5 milh\u00f5es por ano.<\/p>\n\n\n\n<p>Andrezza enfatiza a for\u00e7a do setor de alimenta\u00e7\u00e3o: &#8220;As pessoas continuam buscando experi\u00eancias gastron\u00f4micas de qualidade, seja para momentos especiais ou no dia a dia. \u00c9 isso que queremos promover em nossos clientes&#8221;, completa, demonstrando sua paix\u00e3o pela marca.<\/p>\n\n\n\n<p><strong>Uma Experi\u00eancia Gastron\u00f4mica \u00danica<\/strong><\/p>\n\n\n\n<p>A nova loja no ParkShoppingBarig\u00fci promete uma experi\u00eancia gastron\u00f4mica \u00fanica, com um card\u00e1pio elaborado para agradar a todos os gostos. S\u00e3o mais de 20 sabores de croissants doces e salgados com receitas exclusivas, mais de 10 op\u00e7\u00f5es de sucos, saladas saud\u00e1veis, al\u00e9m de saborosas sobremesas e um menu de caf\u00e9s, tudo para proporcionar momentos inesquec\u00edveis aos clientes.<\/p>\n\n\n\n<p><strong>SERVI\u00c7O<\/strong><\/p>\n\n\n\n<p><strong>Chef Verg\u00e9 ParkShoppingBarig\u00fci<\/strong><\/p>\n\n\n\n<p>Rua Professor Pedro Viriato Parigot de Souza &#8211; 600 \u2013 Ecoville &#8211; Curitiba &#8211; PR<\/p>\n\n\n\n<p>Contato: Andrezza Fusaro \u2013 Propriet\u00e1ria<\/p>\n\n\n\n<p>(11) 97757-1665 \/ andrezza@chefverge.com.br<\/p>\n\n\n\n<p><a href=\"http:\/\/www.chefverge.com.br\">www.chefverge.com.br<\/a><\/p>\n\n\n\n<p><strong>Redes Sociais<\/strong>: @chefverge \/ @chefvergeoficial<\/p>\n","protected":false},"excerpt":{"rendered":"<p>Sob a lideran\u00e7a vision\u00e1ria de Andrezza Fusaro, Chef Verg\u00e9 traz uma fus\u00e3o irresist\u00edvel de tradi\u00e7\u00e3o e modernidade para a gastronomia da capital paranaense Curitiba celebra a chegada da primeira loja da franquia Chef Verg\u00e9, que est\u00e1 localizada no ParkShoppingBarig\u00fci, sob o comando da empreendedora Andrezza Fusaro. Adquirida recentemente pela empres\u00e1ria, a marca renomada por seus [&hellip;]<\/p>\n","protected":false},"author":1,"featured_media":3519,"comment_status":"open","ping_status":"open","sticky":false,"template":"","format":"standard","meta":{"footnotes":""},"categories":[324],"tags":[],"class_list":["post-3518","post","type-post","status-publish","format-standard","has-post-thumbnail","hentry","category-negocios"],"_links":{"self":[{"href":"https:\/\/diarioparanaense.com\/index.php?rest_route=\/wp\/v2\/posts\/3518","targetHints":{"allow":["GET"]}}],"collection":[{"href":"https:\/\/diarioparanaense.com\/index.php?rest_route=\/wp\/v2\/posts"}],"about":[{"href":"https:\/\/diarioparanaense.com\/index.php?rest_route=\/wp\/v2\/types\/post"}],"author":[{"embeddable":true,"href":"https:\/\/diarioparanaense.com\/index.php?rest_route=\/wp\/v2\/users\/1"}],"replies":[{"embeddable":true,"href":"https:\/\/diarioparanaense.com\/index.php?rest_route=%2Fwp%2Fv2%2Fcomments&post=3518"}],"version-history":[{"count":1,"href":"https:\/\/diarioparanaense.com\/index.php?rest_route=\/wp\/v2\/posts\/3518\/revisions"}],"predecessor-version":[{"id":3520,"href":"https:\/\/diarioparanaense.com\/index.php?rest_route=\/wp\/v2\/posts\/3518\/revisions\/3520"}],"wp:featuredmedia":[{"embeddable":true,"href":"https:\/\/diarioparanaense.com\/index.php?rest_route=\/wp\/v2\/media\/3519"}],"wp:attachment":[{"href":"https:\/\/diarioparanaense.com\/index.php?rest_route=%2Fwp%2Fv2%2Fmedia&parent=3518"}],"wp:term":[{"taxonomy":"category","embeddable":true,"href":"https:\/\/diarioparanaense.com\/index.php?rest_route=%2Fwp%2Fv2%2Fcategories&post=3518"},{"taxonomy":"post_tag","embeddable":true,"href":"https:\/\/diarioparanaense.com\/index.php?rest_route=%2Fwp%2Fv2%2Ftags&post=3518"}],"curies":[{"name":"wp","href":"https:\/\/api.w.org\/{rel}","templated":true}]}}