{"id":3515,"date":"2024-10-14T16:17:24","date_gmt":"2024-10-14T19:17:24","guid":{"rendered":"https:\/\/diarioparanaense.com\/?p=3515"},"modified":"2024-10-14T16:17:24","modified_gmt":"2024-10-14T19:17:24","slug":"clube-curitibano-celebra-a-64a-festa-da-cerveja","status":"publish","type":"post","link":"https:\/\/diarioparanaense.com\/?p=3515","title":{"rendered":"Clube Curitibano celebra a 64\u00aa Festa da Cerveja"},"content":{"rendered":"\n<p class=\"has-medium-font-size\">Evento reuniu cultura alem\u00e3, m\u00fasica ao vivo e chope \u00e0 vontade<\/p>\n\n\n\n<p>A 64\u00aa Festa da Cerveja, realizada no \u00faltimo final de semana, marcou novamente o calend\u00e1rio festivo do Clube Curitibano na Sede Conc\u00f3rdia, em Curitiba. Com chope \u00e0 vontade e barracas de comidas t\u00edpicas, o evento contou com 10 esta\u00e7\u00f5es de chope, al\u00e9m de barracas de doces e caf\u00e9s.<\/p>\n\n\n\n<p>A banda Cora\u00e7\u00e3o Brasil foi respons\u00e1vel pela m\u00fasica ao vivo, com um repert\u00f3rio que intercalou can\u00e7\u00f5es tradicionais alem\u00e3s e sucessos brasileiros. O DJ Ricardo Monteiro assumiu o som mec\u00e2nico nos intervalos. Fora do espa\u00e7o principal, foram organizadas brincadeiras t\u00edpicas, como chope em metro, arremesso de argolas e segurar caneco.<\/p>\n\n\n\n<p><strong>Tradi\u00e7\u00e3o preservada<\/strong><\/p>\n\n\n\n<p>A Festa da Cerveja teve sua primeira edi\u00e7\u00e3o em 1961, inspirada na Oktoberfest alem\u00e3. Desde ent\u00e3o, o evento \u00e9 realizado anualmente, celebrando a cultura germ\u00e2nica em Curitiba. &#8220;Eventos como a Festa da Cerveja s\u00e3o uma oportunidade de proporcionar momentos de conviv\u00eancia e lazer para nossos associados, fortalecendo a integra\u00e7\u00e3o entre todos&#8221;, afirmou Paulo Roberto Oliveira, presidente do Clube Curitibano.<\/p>\n\n\n\n<p>Durante a festa, os participantes puderam conferir a exposi\u00e7\u00e3o de canecas hist\u00f3ricas das edi\u00e7\u00f5es anteriores, que ficaram expostas no&nbsp;bar&nbsp;do&nbsp;evento.<\/p>\n","protected":false},"excerpt":{"rendered":"<p>Evento reuniu cultura alem\u00e3, m\u00fasica ao vivo e chope \u00e0 vontade A 64\u00aa Festa da Cerveja, realizada no \u00faltimo final de semana, marcou novamente o calend\u00e1rio festivo do Clube Curitibano na Sede Conc\u00f3rdia, em Curitiba. Com chope \u00e0 vontade e barracas de comidas t\u00edpicas, o evento contou com 10 esta\u00e7\u00f5es de chope, al\u00e9m de barracas [&hellip;]<\/p>\n","protected":false},"author":1,"featured_media":3516,"comment_status":"open","ping_status":"open","sticky":false,"template":"","format":"standard","meta":{"footnotes":""},"categories":[186],"tags":[],"class_list":["post-3515","post","type-post","status-publish","format-standard","has-post-thumbnail","hentry","category-eventos"],"_links":{"self":[{"href":"https:\/\/diarioparanaense.com\/index.php?rest_route=\/wp\/v2\/posts\/3515","targetHints":{"allow":["GET"]}}],"collection":[{"href":"https:\/\/diarioparanaense.com\/index.php?rest_route=\/wp\/v2\/posts"}],"about":[{"href":"https:\/\/diarioparanaense.com\/index.php?rest_route=\/wp\/v2\/types\/post"}],"author":[{"embeddable":true,"href":"https:\/\/diarioparanaense.com\/index.php?rest_route=\/wp\/v2\/users\/1"}],"replies":[{"embeddable":true,"href":"https:\/\/diarioparanaense.com\/index.php?rest_route=%2Fwp%2Fv2%2Fcomments&post=3515"}],"version-history":[{"count":1,"href":"https:\/\/diarioparanaense.com\/index.php?rest_route=\/wp\/v2\/posts\/3515\/revisions"}],"predecessor-version":[{"id":3517,"href":"https:\/\/diarioparanaense.com\/index.php?rest_route=\/wp\/v2\/posts\/3515\/revisions\/3517"}],"wp:featuredmedia":[{"embeddable":true,"href":"https:\/\/diarioparanaense.com\/index.php?rest_route=\/wp\/v2\/media\/3516"}],"wp:attachment":[{"href":"https:\/\/diarioparanaense.com\/index.php?rest_route=%2Fwp%2Fv2%2Fmedia&parent=3515"}],"wp:term":[{"taxonomy":"category","embeddable":true,"href":"https:\/\/diarioparanaense.com\/index.php?rest_route=%2Fwp%2Fv2%2Fcategories&post=3515"},{"taxonomy":"post_tag","embeddable":true,"href":"https:\/\/diarioparanaense.com\/index.php?rest_route=%2Fwp%2Fv2%2Ftags&post=3515"}],"curies":[{"name":"wp","href":"https:\/\/api.w.org\/{rel}","templated":true}]}}