{"id":3506,"date":"2024-10-14T15:08:31","date_gmt":"2024-10-14T18:08:31","guid":{"rendered":"https:\/\/diarioparanaense.com\/?p=3506"},"modified":"2024-10-14T15:08:32","modified_gmt":"2024-10-14T18:08:32","slug":"o-que-nao-e-ser-um-advogado-criminalista","status":"publish","type":"post","link":"https:\/\/diarioparanaense.com\/?p=3506","title":{"rendered":"O que n\u00e3o \u00e9 ser um advogado criminalista"},"content":{"rendered":"\n<p class=\"has-medium-font-size\">Quais s\u00e3o as atitudes que se deve ficar de olho em um advogado criminal<\/p>\n\n\n\n<p>Muitas vezes mal compreendidos, os advogados criminalistas enfrentam um estigma que associa sua profiss\u00e3o \u00e0 defesa de &#8220;bandidos&#8221;. Essa vis\u00e3o simplista e equivocada, amplamente difundida por leigos e, por vezes, pela m\u00eddia, ignora o verdadeiro papel desses profissionais no sistema de justi\u00e7a. O advogado criminal Giuliano Wendler esclarece que o advogado criminalista n\u00e3o defende crimes ou criminosos, mas sim direitos fundamentais previstos na Constitui\u00e7\u00e3o.<\/p>\n\n\n\n<p>Na pr\u00e1tica, o trabalho do advogado criminalista consiste em garantir que o devido processo legal seja respeitado. Como afirma Wendler, o advogado &#8220;n\u00e3o defende o crimeo crimepessoas, mas sim direitos&#8221;. Sua fun\u00e7\u00e3o \u00e9 assegurar que todas as partes envolvidas em um processo criminal tenham seus direitos preservados, independentemente da acusa\u00e7\u00e3o. Isso inclui, por exemplo, o direito \u00e0 ampla defesa e ao contradit\u00f3rio, assegurados a todos os cidad\u00e3os pelo artigo 5\u00ba da Constitui\u00e7\u00e3o Federal.<\/p>\n\n\n\n<p>A ideia de que o advogado criminalista \u00e9 um &#8220;defensor de bandidos&#8221; surge, em grande parte, da falta de compreens\u00e3o sobre a import\u00e2ncia do direito \u00e0 defesa em uma sociedade democr\u00e1tica. O advogado criminal \u00e9 uma figura essencial para o funcionamento da justi\u00e7a, servindo como uma barreira contra poss\u00edveis abusos e at\u00e9 mesmo, erros por parte das autoridades judicial e policial, que possam passar desapercebido, e garantido que ningu\u00e9m seja condenado sem provas concretas. Wendler ressalta que o compromisso desses profissionais \u00e9 com o cumprimento da lei e n\u00e3o com a defesa de atos criminosos.<\/p>\n\n\n\n<p>Al\u00e9m disso, o estigma de que &#8220;quem defende bandido tamb\u00e9m \u00e9 bandido&#8221; \u00e9 uma vis\u00e3o reducionista que ignora a complexidade do sistema judici\u00e1rio. O advogado criminalista n\u00e3o \u00e9 c\u00famplice de crimes, mas um operador do Direito que busca garantir que as normas legais sejam aplicadas de maneira justa e equitativa. A Ordem dos Advogados do Brasil (OAB) j\u00e1 se posicionou contra declara\u00e7\u00f5es irrespons\u00e1veis que sugerem que advogados que defendem acusados deveriam ser presos, enfatizando o dever de sigilo e a import\u00e2ncia do papel do advogado na justi\u00e7a.<\/p>\n\n\n\n<p>\u00c9 claro que maus profissionais auxiliam neste estigma negativo, mas segundo Wendler, estes s\u00e3o combatidos pelos pr\u00f3prios advogados que encaram sua profiss\u00e3o de forma s\u00e9ria, justa e honesta.<\/p>\n\n\n\n<p>Por fim, para mudar a percep\u00e7\u00e3o negativa sobre a advocacia criminal, \u00e9 necess\u00e1rio um esfor\u00e7o cont\u00ednuo de conscientiza\u00e7\u00e3o. Advogados como Giuliano Wendler desempenham um papel crucial ao esclarecer a fun\u00e7\u00e3o social da advocacia criminal: garantir que at\u00e9 mesmo aqueles acusados dos crimes mais graves tenham uma defesa justa e imparcial, preservando, assim, os pilares de uma sociedade verdadeiramente democr\u00e1tica e justa.<\/p>\n\n\n\n<p>Por fim, Wendler ressalta que todo e qualquer cidad\u00e3o pode ser alvo de uma investiga\u00e7\u00e3o e at\u00e9 mesmo processo criminal, ou ainda, ter algu\u00e9m pr\u00f3ximo que passe por tal infort\u00fanio. Um simples acidente de tr\u00e2nsito, quando mal interpretado, pode ocasionar esta celeuma, e neste caso, o cidad\u00e3o que passa a responder criminalmente, clamar\u00e1 por um bom profissional, que garanta a observ\u00e2ncia das regras do jogo.<\/p>\n\n\n\n<p><strong>Servi\u00e7o<\/strong>:<br><strong>Giuliano Wendler &#8211; Advocacia Criminal<br>Contato<\/strong>: (41) 99884-0035<br><strong>Instagram<\/strong>: @advogado.giulianowendler<br><strong>E-mail<\/strong>: giuliano@giuwendler.adv.br\u00a0\u00a0<br>Curitiba\u00a0&#8211;\u00a0PR<\/p>\n","protected":false},"excerpt":{"rendered":"<p>Quais s\u00e3o as atitudes que se deve ficar de olho em um advogado criminal Muitas vezes mal compreendidos, os advogados criminalistas enfrentam um estigma que associa sua profiss\u00e3o \u00e0 defesa de &#8220;bandidos&#8221;. Essa vis\u00e3o simplista e equivocada, amplamente difundida por leigos e, por vezes, pela m\u00eddia, ignora o verdadeiro papel desses profissionais no sistema de [&hellip;]<\/p>\n","protected":false},"author":1,"featured_media":3507,"comment_status":"open","ping_status":"open","sticky":false,"template":"","format":"standard","meta":{"footnotes":""},"categories":[29],"tags":[],"class_list":["post-3506","post","type-post","status-publish","format-standard","has-post-thumbnail","hentry","category-artigos"],"_links":{"self":[{"href":"https:\/\/diarioparanaense.com\/index.php?rest_route=\/wp\/v2\/posts\/3506","targetHints":{"allow":["GET"]}}],"collection":[{"href":"https:\/\/diarioparanaense.com\/index.php?rest_route=\/wp\/v2\/posts"}],"about":[{"href":"https:\/\/diarioparanaense.com\/index.php?rest_route=\/wp\/v2\/types\/post"}],"author":[{"embeddable":true,"href":"https:\/\/diarioparanaense.com\/index.php?rest_route=\/wp\/v2\/users\/1"}],"replies":[{"embeddable":true,"href":"https:\/\/diarioparanaense.com\/index.php?rest_route=%2Fwp%2Fv2%2Fcomments&post=3506"}],"version-history":[{"count":1,"href":"https:\/\/diarioparanaense.com\/index.php?rest_route=\/wp\/v2\/posts\/3506\/revisions"}],"predecessor-version":[{"id":3508,"href":"https:\/\/diarioparanaense.com\/index.php?rest_route=\/wp\/v2\/posts\/3506\/revisions\/3508"}],"wp:featuredmedia":[{"embeddable":true,"href":"https:\/\/diarioparanaense.com\/index.php?rest_route=\/wp\/v2\/media\/3507"}],"wp:attachment":[{"href":"https:\/\/diarioparanaense.com\/index.php?rest_route=%2Fwp%2Fv2%2Fmedia&parent=3506"}],"wp:term":[{"taxonomy":"category","embeddable":true,"href":"https:\/\/diarioparanaense.com\/index.php?rest_route=%2Fwp%2Fv2%2Fcategories&post=3506"},{"taxonomy":"post_tag","embeddable":true,"href":"https:\/\/diarioparanaense.com\/index.php?rest_route=%2Fwp%2Fv2%2Ftags&post=3506"}],"curies":[{"name":"wp","href":"https:\/\/api.w.org\/{rel}","templated":true}]}}