{"id":3493,"date":"2024-10-11T15:27:06","date_gmt":"2024-10-11T18:27:06","guid":{"rendered":"https:\/\/diarioparanaense.com\/?p=3493"},"modified":"2024-10-11T15:27:07","modified_gmt":"2024-10-11T18:27:07","slug":"dia-das-criancas-lei-para-o-transporte-de-crianca-em-moto-exige-alem-do-cuidado-basico","status":"publish","type":"post","link":"https:\/\/diarioparanaense.com\/?p=3493","title":{"rendered":"Dia das Crian\u00e7as: lei para o transporte de crian\u00e7a em moto exige al\u00e9m do cuidado b\u00e1sico"},"content":{"rendered":"\n<p class=\"has-medium-font-size\">A mudan\u00e7a na lei em 2021 refor\u00e7ou a seguran\u00e7a para prevenir descuidos e neglig\u00eancias que colocam a vida dos pequenos em risco<\/p>\n\n\n\n<p>Muitos pais e respons\u00e1veis planejaram passeios de motos para celebrar o Dia das Crian\u00e7as com muita divers\u00e3o. Al\u00e9m disso, transportar os filhos na garupa tamb\u00e9m facilita a rotina de quem n\u00e3o tem carro, especialmente para levar at\u00e9 a escola, por exemplo. Mas, qual \u00e9 a forma segura e dentro da lei para conduzir os pequenos?<\/p>\n\n\n\n<p>Segundo o C\u00f3digo Brasileiro de Tr\u00e2nsito (CTB), menores de 10 anos n\u00e3o podem ser levados em motocicletas, e os que t\u00eam idade permitida devem sempre usar capacete. No entanto, os cuidados v\u00e3o muito al\u00e9m dessas regras b\u00e1sicas. Ignorar detalhes pode resultar em multas, suspens\u00e3o imediata da CNH e, o mais preocupante, colocar a vida em risco.<\/p>\n\n\n\n<p>A Lei n\u00ba 14.071, em vigor desde fevereiro de 2021, trouxe mudan\u00e7as importantes para o transporte de crian\u00e7as na garupa de motos. Agora, n\u00e3o basta ter 10 anos \u2013 a crian\u00e7a precisa alcan\u00e7ar os pedais e portar o RG para estar em conformidade com a norma. Caso contr\u00e1rio, o transporte \u00e9 proibido.<\/p>\n\n\n\n<p>Antes, crian\u00e7as a partir de 7 anos podiam ser transportadas na garupa, por\u00e9m, com a nova lei, a seguran\u00e7a foi refor\u00e7ada. Dados do Minist\u00e9rio da Sa\u00fade de 2020 mostravam que 16% das mortes de crian\u00e7as em sinistros de tr\u00e2nsito envolviam motocicletas, destacando a necessidade urgente dessas medidas.<\/p>\n\n\n\n<p>\u201cCrian\u00e7as s\u00e3o mais vulner\u00e1veis a acidentes, podem perder o equil\u00edbrio com mais facilidade em curvas ou manobras repentinas\u201d, aponta Antonio Grigonis, gerente da Blokton, maior rede de concession\u00e1rias de motos do Paran\u00e1.<\/p>\n\n\n\n<p>O profissional, que tamb\u00e9m ministra palestras sobre dire\u00e7\u00e3o defensiva, explica que ao transportar uma crian\u00e7a, \u00e9 imprescind\u00edvel que ela esteja usando capacete do tamanho correto e com viseira. \u201cO piloto deve ter tamb\u00e9m aten\u00e7\u00e3o redobrada, reduzir velocidade nas curvas e pedir para crian\u00e7a abra\u00e7\u00e1-lo\u201d, salienta.<\/p>\n\n\n\n<p><strong>Dicas para transportar crian\u00e7as no moto com seguran\u00e7a<\/strong><\/p>\n\n\n\n<p>Para garantir a seguran\u00e7a dos pequenos na garupa, al\u00e9m de respeitar a idade m\u00ednima, \u00e9 seguem orienta\u00e7\u00f5es elaboradas pela Honda Blokton para o transporte seguro dos pequenos:<\/p>\n\n\n\n<p><strong>Capacete ideal<\/strong><\/p>\n\n\n\n<p>O capacete deve estar ajustado ao tamanho da cabe\u00e7a da crian\u00e7a. Um equipamento inadequado, maior que o necess\u00e1rio, pode se soltar facilmente em caso de impacto, deixando a crian\u00e7a exposta a graves riscos. Tamb\u00e9m deve estar em conformidade com as normas do Contran (Conselho Nacional de Tr\u00e2nsito) e ser certificado pelo INMETRO.<\/p>\n\n\n\n<p><strong>Condi\u00e7\u00f5es f\u00edsicas da crian\u00e7a<\/strong><\/p>\n\n\n\n<p>Mesmo com 10 anos, a crian\u00e7a precisa alcan\u00e7ar os pedais e ser capaz de se segurar adequadamente no piloto. Se ela n\u00e3o conseguir se equilibrar ou segurar com firmeza, o transporte torna-se perigoso e ilegal.<\/p>\n\n\n\n<p><strong>Aten\u00e7\u00e3o ao peso extra<\/strong><\/p>\n\n\n\n<p>O peso da crian\u00e7a na garupa altera o equil\u00edbrio e a dirigibilidade da moto, exigindo maior cuidado em manobras e curvas. Reduzir a velocidade e pilotar com suavidade ajuda a manter o controle da moto e a seguran\u00e7a da crian\u00e7a.<\/p>\n\n\n\n<p><strong>Equipamentos de prote\u00e7\u00e3o<\/strong><\/p>\n\n\n\n<p>Al\u00e9m do capacete, da jaqueta, cal\u00e7a e luvas de prote\u00e7\u00e3o, considere tamb\u00e9m o uso de cintos de seguran\u00e7a espec\u00edficos para motos, que proporcionam mais estabilidade e prote\u00e7\u00e3o para o passageiro infantil.<\/p>\n\n\n\n<p>Embora esse equipamento ainda n\u00e3o seja muito popular, ele pode ser extremamente eficaz. O cinto envolve a crian\u00e7a, protegendo suas costas e \u00e9 fixado ao piloto, garantindo que ambos permane\u00e7am conectados com seguran\u00e7a<\/p>\n\n\n\n<p><strong>Instru\u00e7\u00e3o e comunica\u00e7\u00e3o<\/strong><\/p>\n\n\n\n<p>Antes de qualquer viagem, \u00e9 importante explicar \u00e0 crian\u00e7a a import\u00e2ncia de se manter atenta, segurar-se firme e evitar movimentos bruscos. A comunica\u00e7\u00e3o clara e antecipada ajuda a prevenir imprevistos durante o trajeto.<\/p>\n\n\n\n<p><strong>Infra\u00e7\u00e3o grav\u00edssima e suspens\u00e3o da CNH<\/strong><\/p>\n\n\n\n<p>Transportar fora das regras previstas por lei incorre numa infra\u00e7\u00e3o grav\u00edssima, sujeita a multa de R$ 293,47, o ac\u00famulo de sete pontos na carteira, al\u00e9m do recolhimento de moto ao p\u00e1tio. O condutor ainda ter\u00e1 a suspens\u00e3o da CNH por 12 meses e a obrigatoriedade de cumprimento de 30 horas de reciclagem.<\/p>\n\n\n\n<p>Portanto, no clima dos Dia das Crian\u00e7as, nada melhor que valorizar a seguran\u00e7a dos pequenos. Seguir as normas de tr\u00e2nsito e adotar medidas preventivas \u00e9 a melhor forma de transformar qualquer passeio de moto em uma experi\u00eancia segura e agrad\u00e1vel&nbsp;para&nbsp;todos.<\/p>\n","protected":false},"excerpt":{"rendered":"<p>A mudan\u00e7a na lei em 2021 refor\u00e7ou a seguran\u00e7a para prevenir descuidos e neglig\u00eancias que colocam a vida dos pequenos em risco Muitos pais e respons\u00e1veis planejaram passeios de motos para celebrar o Dia das Crian\u00e7as com muita divers\u00e3o. Al\u00e9m disso, transportar os filhos na garupa tamb\u00e9m facilita a rotina de quem n\u00e3o tem carro, [&hellip;]<\/p>\n","protected":false},"author":1,"featured_media":3494,"comment_status":"open","ping_status":"open","sticky":false,"template":"","format":"standard","meta":{"footnotes":""},"categories":[29],"tags":[],"class_list":["post-3493","post","type-post","status-publish","format-standard","has-post-thumbnail","hentry","category-artigos"],"_links":{"self":[{"href":"https:\/\/diarioparanaense.com\/index.php?rest_route=\/wp\/v2\/posts\/3493","targetHints":{"allow":["GET"]}}],"collection":[{"href":"https:\/\/diarioparanaense.com\/index.php?rest_route=\/wp\/v2\/posts"}],"about":[{"href":"https:\/\/diarioparanaense.com\/index.php?rest_route=\/wp\/v2\/types\/post"}],"author":[{"embeddable":true,"href":"https:\/\/diarioparanaense.com\/index.php?rest_route=\/wp\/v2\/users\/1"}],"replies":[{"embeddable":true,"href":"https:\/\/diarioparanaense.com\/index.php?rest_route=%2Fwp%2Fv2%2Fcomments&post=3493"}],"version-history":[{"count":1,"href":"https:\/\/diarioparanaense.com\/index.php?rest_route=\/wp\/v2\/posts\/3493\/revisions"}],"predecessor-version":[{"id":3495,"href":"https:\/\/diarioparanaense.com\/index.php?rest_route=\/wp\/v2\/posts\/3493\/revisions\/3495"}],"wp:featuredmedia":[{"embeddable":true,"href":"https:\/\/diarioparanaense.com\/index.php?rest_route=\/wp\/v2\/media\/3494"}],"wp:attachment":[{"href":"https:\/\/diarioparanaense.com\/index.php?rest_route=%2Fwp%2Fv2%2Fmedia&parent=3493"}],"wp:term":[{"taxonomy":"category","embeddable":true,"href":"https:\/\/diarioparanaense.com\/index.php?rest_route=%2Fwp%2Fv2%2Fcategories&post=3493"},{"taxonomy":"post_tag","embeddable":true,"href":"https:\/\/diarioparanaense.com\/index.php?rest_route=%2Fwp%2Fv2%2Ftags&post=3493"}],"curies":[{"name":"wp","href":"https:\/\/api.w.org\/{rel}","templated":true}]}}