{"id":3485,"date":"2024-10-09T14:49:56","date_gmt":"2024-10-09T17:49:56","guid":{"rendered":"https:\/\/diarioparanaense.com\/?p=3485"},"modified":"2024-10-09T14:49:56","modified_gmt":"2024-10-09T17:49:56","slug":"gabriel-elias-retorna-as-raizes-reggae-em-tropical-e-celebra-jornada-de-autodescoberta","status":"publish","type":"post","link":"https:\/\/diarioparanaense.com\/?p=3485","title":{"rendered":"Gabriel Elias retorna \u00e0s ra\u00edzes reggae em &#8220;Tropical&#8221; e celebra jornada de autodescoberta"},"content":{"rendered":"\n<p class=\"has-medium-font-size\"><em>Inspirado por uma viagem transformadora, quinto \u00e1lbum do artista mineiro refor\u00e7a sua brasilidade e conex\u00e3o com a natureza<\/em><\/p>\n\n\n\n<p>Prepare-se para mergulhar no universo paradis\u00edaco de <strong>Gabriel Elias<\/strong>, onde a m\u00fasica se encontra com a natureza e o amor. O artista mineiro, um dos destaques da cena musical contempor\u00e2nea, lan\u00e7a seu quinto \u00e1lbum, <em>Tropical<\/em>, nesta quinta-feira (10) e promete ser uma esp\u00e9cie de volta \u00e0s ra\u00edzes. As nove faixas do projeto apresentam elementos do reggae, pop e ijex\u00e1, mescladas com a ess\u00eancia do ver\u00e3o e a leveza do estilo de vida praiano que o artista adotou nos \u00faltimos tempos.<\/p>\n\n\n\n<p>\u201c<em>Voltar a fazer um \u00e1lbum de reggae, o que eu n\u00e3o fazia desde o <\/em>Solar <em>(2016), era algo que eu queria h\u00e1 tempos. Agora que cheguei aos 30 anos de idade, s\u00f3 tenho gratid\u00e3o pela trajet\u00f3ria que constru\u00ed e sinto que posso ser um cara importante neste lugar. O reggae \u00e9 uma verdade muito grande para mim, independente das dificuldades midi\u00e1ticas ou de aceita\u00e7\u00e3o em faz\u00ea-lo no Brasil. O conceito de <\/em>Tropical <em>me soa como algo sensitivo. Penso em cair no mar, em tomar \u00e1gua de coco gelada numa sombra embaixo de um coqueiro em um dia de ver\u00e3o. O tropical para mim \u00e9 muito mais do que o clima. \u00c9 um estado de esp\u00edrito, \u00e9 conex\u00e3o com a natureza, \u00e9 a liberdade de ser e estar\u201d,<\/em> explica o artista.<\/p>\n\n\n\n<p>A concep\u00e7\u00e3o do \u00e1lbum surgiu ap\u00f3s uma viagem de veleiro por ilhas paradis\u00edacas que durou 12 dias &#8211; sem internet e acompanhado pelo som do sil\u00eancio -, onde o luxo era acordar na natureza, poder mergulhar em \u00e1guas cristalinas e repensar o estilo de vida. Foi neste per\u00edodo que <strong>Gabriel Elias<\/strong> trocou a agitada S\u00e3o Paulo pela reserva natural de Itaguar\u00e9, pertencente a Bertioga, na Baixada Santista, e passou a se dedicar ao surf (outra de suas paix\u00f5es). N\u00e3o \u00e0 toa, a m\u00fasica de trabalho se chama \u201cParadis\u00edaca\u201de reflete esse momento onde a simplicidade pauta cada movimento do artista.<\/p>\n\n\n\n<p>\u201c\u2018Paradis\u00edaca\u2019 <em>\u00e9 uma m\u00fasica que nasceu ap\u00f3s esta viagem muito espiritual, onde aprendi a velejar e que, sem d\u00favidas, mudou minha vida. Tem um trecho dela que ilustra bem:<\/em> \u2018deixa o vento me guiar sob a luz do dia\u2019.<em> A letra trata de sairmos da rotina e deixarmos o prazer do presente tomar conta. \u00c9 uma can\u00e7\u00e3o com muita brasilidade, que tem elementos reggae, mas tamb\u00e9m tem muito do ijex\u00e1 no balan\u00e7o, no pulso que a can\u00e7\u00e3o traz, muito do viol\u00e3o de nylon ali. Sem d\u00favidas \u00e9 uma m\u00fasica muito importante dentro do projeto porque foi a partir dela que o conceito do \u00e1lbum <\/em>Tropical <em>foi criado\u201d<\/em>, explica.<\/p>\n\n\n\n<p>As nove faixas de <em>Tropical <\/em>foram produzidas por <strong>Gabriel Elias<\/strong> e <strong>Renato Gallozi<\/strong> e agraciadas com audiovisuais em formato<em> live session<\/em> filmados em Ilhabela, no litoral norte de S\u00e3o Paulo, sob a dire\u00e7\u00e3o de <strong>Bruno Fioravanti<\/strong>. A capa do \u00e1lbum reflete bem esta escolha por uma vida mais pr\u00f3xima \u00e0 natureza e este momento de redescoberta. \u201c<em>Mais uma vez trabalhei com meu fot\u00f3grafo favorito, Victor Costa, que assina quase todas as minhas capas h\u00e1 alguns anos. Ele captou bem essa sensa\u00e7\u00e3o de movimento, de correr para a vida que escolhemos porque n\u00e3o temos tempo a perder, sabe?<\/em>\u201d<\/p>\n\n\n\n<p><strong>Show de lan\u00e7amento de <em>Tropical<\/em><\/strong><\/p>\n\n\n\n<p><strong>Gabriel Elias<\/strong> vislumbra passar os pr\u00f3ximos meses na estrada com a aten\u00e7\u00e3o e o esmero que este projeto merece. O<strong> show de lan\u00e7amento de <em>Tropical<\/em><\/strong>j\u00e1 tem data marcada: 19 de outubro, na Casa Natura Musical, em S\u00e3o Paulo. \u00c9 um convite para se desconectar do ritmo fren\u00e9tico da vida urbana e se reconectar com o que h\u00e1 de mais puro e essencial.<\/p>\n\n\n\n<p>Al\u00e9m das novas can\u00e7\u00f5es, <strong>Gabriel Elias<\/strong> promete apresentar um repert\u00f3rio recheado de hits que marcaram sua carreira, como \u201cPequena Flor\u201d, \u201cFiz Esse Som Pra Voc\u00ea\u201d e \u201cSomos Instantes\u201d. <a href=\"https:\/\/bileto.sympla.com.br\/event\/97774?fbclid=PAZXh0bgNhZW0CMTEAAaZnlDRfeUiBNolUxGwDAEARkpQad5FdTaNQVJHnMpaN49orQiOKEKdL88U_aem_0bnyM5Q_AL3slMNx_Gbi0A\"><strong>Os ingressos j\u00e1 est\u00e3o \u00e0 venda e podem ser adquiridos aqui<\/strong><\/a>.<\/p>\n\n\n\n<p>\u201c<em>Este \u00e1lbum que mira muito em trazer a galera do reggae ainda mais para perto e mostrar que a gente tamb\u00e9m est\u00e1 aqui para vestir essa bandeira que merece ser muito levantada em nosso pa\u00eds. Mas, claro, \u00e9 um projeto n\u00e3o s\u00f3 para o meu p\u00fablico, mas para cada um que sabe a grandeza de viver um momento de evolu\u00e7\u00e3o como ser humano, com mais maturidade<\/em>\u201d, pontua.<\/p>\n\n\n\n<p><strong>Tracklist de \u201c<em>Tropical<\/em>\u201d:<\/strong><\/p>\n\n\n\n<ol start=\"1\" class=\"wp-block-list\">\n<li>Paradis\u00edaca<\/li>\n\n\n\n<li>Amor Bom<\/li>\n\n\n\n<li>Pedra Preciosa<\/li>\n\n\n\n<li>M\u00edstica<\/li>\n\n\n\n<li>Flor De Sensimilla (<em>Gabriel Elias, Tales, Deko, Fabinho Ara\u00fajo<\/em>)<\/li>\n\n\n\n<li>Ela N\u00e3o \u00c9 Pra Qualquer Um (<em>Deko<\/em>)<\/li>\n\n\n\n<li>A Luz Que Vem De Ti<\/li>\n\n\n\n<li>Desde Que Te Vi<\/li>\n\n\n\n<li>Eu e Voc\u00ea<\/li>\n<\/ol>\n\n\n\n<p><strong>Redes sociais:<\/strong> <a href=\"https:\/\/www.instagram.com\/gabrielelias\/\">Instagram<\/a> | <a href=\"https:\/\/open.spotify.com\/intl-pt\/artist\/5M06IyTZgyRlWeNjazqsZK\">Spotify<\/a> | <a href=\"https:\/\/www.youtube.com\/c\/GabrielElias\">YouTube<\/a><\/p>\n\n\n\n<p><\/p>\n","protected":false},"excerpt":{"rendered":"<p>Inspirado por uma viagem transformadora, quinto \u00e1lbum do artista mineiro refor\u00e7a sua brasilidade e conex\u00e3o com a natureza Prepare-se para mergulhar no universo paradis\u00edaco de Gabriel Elias, onde a m\u00fasica se encontra com a natureza e o amor. O artista mineiro, um dos destaques da cena musical contempor\u00e2nea, lan\u00e7a seu quinto \u00e1lbum, Tropical, nesta quinta-feira [&hellip;]<\/p>\n","protected":false},"author":1,"featured_media":3490,"comment_status":"open","ping_status":"open","sticky":false,"template":"","format":"standard","meta":{"footnotes":""},"categories":[27],"tags":[],"class_list":["post-3485","post","type-post","status-publish","format-standard","has-post-thumbnail","hentry","category-musica"],"_links":{"self":[{"href":"https:\/\/diarioparanaense.com\/index.php?rest_route=\/wp\/v2\/posts\/3485","targetHints":{"allow":["GET"]}}],"collection":[{"href":"https:\/\/diarioparanaense.com\/index.php?rest_route=\/wp\/v2\/posts"}],"about":[{"href":"https:\/\/diarioparanaense.com\/index.php?rest_route=\/wp\/v2\/types\/post"}],"author":[{"embeddable":true,"href":"https:\/\/diarioparanaense.com\/index.php?rest_route=\/wp\/v2\/users\/1"}],"replies":[{"embeddable":true,"href":"https:\/\/diarioparanaense.com\/index.php?rest_route=%2Fwp%2Fv2%2Fcomments&post=3485"}],"version-history":[{"count":1,"href":"https:\/\/diarioparanaense.com\/index.php?rest_route=\/wp\/v2\/posts\/3485\/revisions"}],"predecessor-version":[{"id":3491,"href":"https:\/\/diarioparanaense.com\/index.php?rest_route=\/wp\/v2\/posts\/3485\/revisions\/3491"}],"wp:featuredmedia":[{"embeddable":true,"href":"https:\/\/diarioparanaense.com\/index.php?rest_route=\/wp\/v2\/media\/3490"}],"wp:attachment":[{"href":"https:\/\/diarioparanaense.com\/index.php?rest_route=%2Fwp%2Fv2%2Fmedia&parent=3485"}],"wp:term":[{"taxonomy":"category","embeddable":true,"href":"https:\/\/diarioparanaense.com\/index.php?rest_route=%2Fwp%2Fv2%2Fcategories&post=3485"},{"taxonomy":"post_tag","embeddable":true,"href":"https:\/\/diarioparanaense.com\/index.php?rest_route=%2Fwp%2Fv2%2Ftags&post=3485"}],"curies":[{"name":"wp","href":"https:\/\/api.w.org\/{rel}","templated":true}]}}