{"id":3482,"date":"2024-10-09T14:44:52","date_gmt":"2024-10-09T17:44:52","guid":{"rendered":"https:\/\/diarioparanaense.com\/?p=3482"},"modified":"2024-10-10T08:11:54","modified_gmt":"2024-10-10T11:11:54","slug":"curso-ajuda-profissionais-e-pais-a-educar-criancas-para-a-vida-real","status":"publish","type":"post","link":"https:\/\/diarioparanaense.com\/?p=3482","title":{"rendered":"Curso ajuda profissionais e pais a educar crian\u00e7as para a vida real"},"content":{"rendered":"\n<p class=\"has-medium-font-size\">Conhe\u00e7a os \u201c4 pilares do Respeito \u00e0 Inf\u00e2ncia\u201d, que combatem a ansiedade infantil e auxiliam a se preparar para o mundo como ele \u00e9<\/p>\n\n\n\n<p>Muitas vezes, na inten\u00e7\u00e3o de proteger, os pais acabam privando seus filhos de elementos importantes para um desenvolvimento sadio. Autonomia, valida\u00e7\u00e3o das emo\u00e7\u00f5es, limites, tudo isso anda junto, mas tem sido motivo de confus\u00e3o para algumas fam\u00edlias que desejam formar adultos maduros e independentes.<\/p>\n\n\n\n<p>Para esclarecer os fundamentos do desenvolvimento de toda crian\u00e7a at\u00e9 os 7 anos, a pedagoga Marianna Canova lan\u00e7a o curso \u201c4 pilares do Respeito \u00e0 Inf\u00e2ncia\u201d. A metodologia desenvolvida por ela e sua equipe valoriza cada etapa do amadurecimento na primeira inf\u00e2ncia, realizando uma analogia da vida com um grande pr\u00e9dio, onde os pilares que sustentam todo o edif\u00edcio precisam ser consistentes e muito bem estruturados. Os 4 pilares que precisam ser trabalhados nos primeiros anos de vida s\u00e3o: Autonomia, Constru\u00e7\u00e3o do Pensamento, V\u00ednculo Positivo com a Aprendizagem e Desenvolvimento Socioemocional.<\/p>\n\n\n\n<p>\u201cMuitas fam\u00edlias tendem a pensar em seus filhos apenas como pequenos seres que precisam ser amados e protegidos, sem querer criando uma \u2018bolha anest\u00e9sica\u2019 ao redor das crian\u00e7as. A consequ\u00eancia disso est\u00e1 sendo vista em muitos adolescentes da atualidade, que demonstram alto n\u00edvel de ansiedade, depress\u00e3o e isolamento social, inclusive com tentativas de suic\u00eddio ou automutila\u00e7\u00e3o\u201d, lamenta Marianna. \u201c\u00c9 preciso lembrar que essa crian\u00e7a muito em breve precisar\u00e1 tomar decis\u00f5es e agir por conta pr\u00f3pria &#8211; afinal, ela ser\u00e1 um adulto e precisar\u00e1 estar preparada para o mundo real. E como esse adulto estar\u00e1 preparado para o mundo, se aprendeu apenas a ser protegido?\u201d<\/p>\n\n\n\n<p>Com 6 m\u00f3dulos online, aulas gravadas e organizadas de forma did\u00e1tica, o curso nasce da experi\u00eancia de Marianna de 20 anos com educa\u00e7\u00e3o, na dire\u00e7\u00e3o do Peixinho Dourado Ber\u00e7\u00e1rio e Educa\u00e7\u00e3o Infantil e do Semente da Inf\u00e2ncia Centro de forma\u00e7\u00e3o.<\/p>\n\n\n\n<p>O treinamento possui duas vers\u00f5es. Um voltado \u00e0 fam\u00edlias e outro a educadores, atrelando \u00e0s realidades de casa (na vers\u00e3o pais) e da escola (para educadores) o desenvolvimento dos 4 pilares. No primeiro m\u00f3dulo, uma introdu\u00e7\u00e3o aos \u201c4 pilares do Respeito \u00e0 Inf\u00e2ncia\u201d revela a import\u00e2ncia da parceria entre fam\u00edlia e escola; sinaliza a compara\u00e7\u00e3o da inf\u00e2ncia de antigamente com a atual, e traz dados significativos sobre nossas crian\u00e7as.<\/p>\n\n\n\n<p>No segundo m\u00f3dulo, a mestre em educa\u00e7\u00e3o esclarece a diferen\u00e7a entre Autonomia e Independ\u00eancia, d\u00e1 os melhores passos para alcan\u00e7ar o estado de liberdade com seguran\u00e7a e aborda a Motricidade Livre dos beb\u00eas, al\u00e9m de sinalizar como ajudar a crian\u00e7a a ter maior seguran\u00e7a social, inclusive contra abusos. No terceiro m\u00f3dulo, o que h\u00e1 de mais importante na teoria sobre a constru\u00e7\u00e3o da linguagem e do pensamento, de forma a valorizar o pensamento cr\u00edtico e a criatividade da crian\u00e7a.<\/p>\n\n\n\n<p>Na abordagem sobre o v\u00ednculo com a aprendizagem, os participantes entendem a import\u00e2ncia dos Sentidos, o que \u00e9 aprender e onde se aprende, e mais: o valor de continuar aprendendo para sempre e, principalmente, junto com seus filhos. Por fim, a abordagem do desenvolvimento socioemocional revela a import\u00e2ncia de saber colocar e respeitar limites, quais os tipos de choro na primeira inf\u00e2ncia e como validar o posicionamento da crian\u00e7a e investir em uma educa\u00e7\u00e3o respeitosa e n\u00e3o violenta.<\/p>\n\n\n\n<p>\u201cMeu desejo \u00e9 que as fam\u00edlias entendam que \u00e9 poss\u00edvel educar um filho com muito amor e, ao mesmo tempo, incentivar essa crian\u00e7a a pensar, ter a sua independ\u00eancia, autonomia e ser algu\u00e9m potente, que chegar\u00e1 \u00e0 fase adulta muito mais capaz\u201d, conta a pedagoga.<\/p>\n\n\n\n<p><strong>SERVI\u00c7O<\/strong><br>\u201c4 pilares do Respeito \u00e0 Inf\u00e2ncia\u201d, com Marianna Canova<br>Para fam\u00edlias: curso em 6 m\u00f3dulos online para fazer no seu tempo<br>Para educadores:<br>Investimento: 12x de R$19,66 ou \u00e0 vista R$ 197,00<br>Inscri\u00e7\u00f5es: <a href=\"http:\/\/www.sementedainfancia.com\">www.sementedainfancia.com<\/a> ou pelo Instagram @sementedainfancia<\/p>\n\n\n\n<p><\/p>\n","protected":false},"excerpt":{"rendered":"<p>Conhe\u00e7a os \u201c4 pilares do Respeito \u00e0 Inf\u00e2ncia\u201d, que combatem a ansiedade infantil e auxiliam a se preparar para o mundo como ele \u00e9 Muitas vezes, na inten\u00e7\u00e3o de proteger, os pais acabam privando seus filhos de elementos importantes para um desenvolvimento sadio. Autonomia, valida\u00e7\u00e3o das emo\u00e7\u00f5es, limites, tudo isso anda junto, mas tem sido [&hellip;]<\/p>\n","protected":false},"author":1,"featured_media":3483,"comment_status":"open","ping_status":"open","sticky":false,"template":"","format":"standard","meta":{"footnotes":""},"categories":[148],"tags":[],"class_list":["post-3482","post","type-post","status-publish","format-standard","has-post-thumbnail","hentry","category-educacao"],"_links":{"self":[{"href":"https:\/\/diarioparanaense.com\/index.php?rest_route=\/wp\/v2\/posts\/3482","targetHints":{"allow":["GET"]}}],"collection":[{"href":"https:\/\/diarioparanaense.com\/index.php?rest_route=\/wp\/v2\/posts"}],"about":[{"href":"https:\/\/diarioparanaense.com\/index.php?rest_route=\/wp\/v2\/types\/post"}],"author":[{"embeddable":true,"href":"https:\/\/diarioparanaense.com\/index.php?rest_route=\/wp\/v2\/users\/1"}],"replies":[{"embeddable":true,"href":"https:\/\/diarioparanaense.com\/index.php?rest_route=%2Fwp%2Fv2%2Fcomments&post=3482"}],"version-history":[{"count":2,"href":"https:\/\/diarioparanaense.com\/index.php?rest_route=\/wp\/v2\/posts\/3482\/revisions"}],"predecessor-version":[{"id":3492,"href":"https:\/\/diarioparanaense.com\/index.php?rest_route=\/wp\/v2\/posts\/3482\/revisions\/3492"}],"wp:featuredmedia":[{"embeddable":true,"href":"https:\/\/diarioparanaense.com\/index.php?rest_route=\/wp\/v2\/media\/3483"}],"wp:attachment":[{"href":"https:\/\/diarioparanaense.com\/index.php?rest_route=%2Fwp%2Fv2%2Fmedia&parent=3482"}],"wp:term":[{"taxonomy":"category","embeddable":true,"href":"https:\/\/diarioparanaense.com\/index.php?rest_route=%2Fwp%2Fv2%2Fcategories&post=3482"},{"taxonomy":"post_tag","embeddable":true,"href":"https:\/\/diarioparanaense.com\/index.php?rest_route=%2Fwp%2Fv2%2Ftags&post=3482"}],"curies":[{"name":"wp","href":"https:\/\/api.w.org\/{rel}","templated":true}]}}