{"id":3479,"date":"2024-10-09T11:00:46","date_gmt":"2024-10-09T14:00:46","guid":{"rendered":"https:\/\/diarioparanaense.com\/?p=3479"},"modified":"2024-10-09T11:00:47","modified_gmt":"2024-10-09T14:00:47","slug":"aula-de-culinaria-do-clube-curitibano-destaca-sabores-do-mar-e-da-primavera","status":"publish","type":"post","link":"https:\/\/diarioparanaense.com\/?p=3479","title":{"rendered":"Aula de Culin\u00e1ria do Clube Curitibano destaca sabores do mar e da primavera"},"content":{"rendered":"\n<p class=\"has-medium-font-size\">Chef Jo\u00e3o Bauab apresenta menu refinado durante evento em outubro<\/p>\n\n\n\n<p>No dia 8 de outubro, o Clube Curitibano realizou mais uma edi\u00e7\u00e3o da sua Aula de Culin\u00e1ria, com o tema \u201cO mar e a primavera\u201d. O evento aconteceu no Sal\u00e3o CID da Sede Bar\u00e3o do Serro Azul e foi conduzido pelo chef Jo\u00e3o Bauab, do Ninna Cozinha.<\/p>\n\n\n\n<p>Durante a aula, Jo\u00e3o Bauab, formado em gastronomia pelo Centro Europeu e com experi\u00eancia em estabelecimentos no Brasil e no exterior, apresentou um menu que explorou ingredientes frescos da primavera e sabores do mar. O card\u00e1pio incluiu um Crudo de Camar\u00e3o como entrada, composto por camar\u00e3o curado e defumado, creme de castanha de caju, crocante de linha\u00e7a e nuts, al\u00e9m de picles. O prato principal foi o Polvo \u00e0 Matriciana, com polvo grelhado, cavatelli, molho \u00e0 matriciana, aioli de p\u00e1prica e agri\u00e3o. A sobremesa servida foi uma Torta Basca com toque de laranja, receita tradicional espanhola feita \u00e0 base de cream cheese e laranja.<\/p>\n\n\n\n<p>Segundo Paulo Roberto Oliveira, presidente do Clube Curitibano, a realiza\u00e7\u00e3o dessas aulas tem como objetivo ampliar o conhecimento gastron\u00f4mico dos associados e proporcionar experi\u00eancias pr\u00e1ticas no universo&nbsp;da&nbsp;culin\u00e1ria.<\/p>\n","protected":false},"excerpt":{"rendered":"<p>Chef Jo\u00e3o Bauab apresenta menu refinado durante evento em outubro No dia 8 de outubro, o Clube Curitibano realizou mais uma edi\u00e7\u00e3o da sua Aula de Culin\u00e1ria, com o tema \u201cO mar e a primavera\u201d. O evento aconteceu no Sal\u00e3o CID da Sede Bar\u00e3o do Serro Azul e foi conduzido pelo chef Jo\u00e3o Bauab, do [&hellip;]<\/p>\n","protected":false},"author":1,"featured_media":3480,"comment_status":"open","ping_status":"open","sticky":false,"template":"","format":"standard","meta":{"footnotes":""},"categories":[186,338],"tags":[],"class_list":["post-3479","post","type-post","status-publish","format-standard","has-post-thumbnail","hentry","category-eventos","category-gastronomia"],"_links":{"self":[{"href":"https:\/\/diarioparanaense.com\/index.php?rest_route=\/wp\/v2\/posts\/3479","targetHints":{"allow":["GET"]}}],"collection":[{"href":"https:\/\/diarioparanaense.com\/index.php?rest_route=\/wp\/v2\/posts"}],"about":[{"href":"https:\/\/diarioparanaense.com\/index.php?rest_route=\/wp\/v2\/types\/post"}],"author":[{"embeddable":true,"href":"https:\/\/diarioparanaense.com\/index.php?rest_route=\/wp\/v2\/users\/1"}],"replies":[{"embeddable":true,"href":"https:\/\/diarioparanaense.com\/index.php?rest_route=%2Fwp%2Fv2%2Fcomments&post=3479"}],"version-history":[{"count":1,"href":"https:\/\/diarioparanaense.com\/index.php?rest_route=\/wp\/v2\/posts\/3479\/revisions"}],"predecessor-version":[{"id":3481,"href":"https:\/\/diarioparanaense.com\/index.php?rest_route=\/wp\/v2\/posts\/3479\/revisions\/3481"}],"wp:featuredmedia":[{"embeddable":true,"href":"https:\/\/diarioparanaense.com\/index.php?rest_route=\/wp\/v2\/media\/3480"}],"wp:attachment":[{"href":"https:\/\/diarioparanaense.com\/index.php?rest_route=%2Fwp%2Fv2%2Fmedia&parent=3479"}],"wp:term":[{"taxonomy":"category","embeddable":true,"href":"https:\/\/diarioparanaense.com\/index.php?rest_route=%2Fwp%2Fv2%2Fcategories&post=3479"},{"taxonomy":"post_tag","embeddable":true,"href":"https:\/\/diarioparanaense.com\/index.php?rest_route=%2Fwp%2Fv2%2Ftags&post=3479"}],"curies":[{"name":"wp","href":"https:\/\/api.w.org\/{rel}","templated":true}]}}