{"id":3474,"date":"2024-10-07T17:19:14","date_gmt":"2024-10-07T20:19:14","guid":{"rendered":"https:\/\/diarioparanaense.com\/?p=3474"},"modified":"2024-10-07T17:19:15","modified_gmt":"2024-10-07T20:19:15","slug":"18-10-lancamento-curitiba-tarde-de-autografos-e-bate-papo","status":"publish","type":"post","link":"https:\/\/diarioparanaense.com\/?p=3474","title":{"rendered":"18\/10 &#8211; LAN\u00c7AMENTO CURITIBA, TARDE DE AUT\u00d3GRAFOS E BATE \u2013 PAPO"},"content":{"rendered":"\n<p><strong>1,2,3,4! Contando o tempo com Os Paralamas do Sucesso<\/strong><\/p>\n\n\n\n<p><em>Jo\u00e3o Barone lan\u00e7a em Curitiba livro sobre a hist\u00f3ria dos Paralamas<\/em><\/p>\n\n\n\n<p>Numa noite de outubro de 1981,&nbsp;<strong>Jo\u00e3o Barone<\/strong>&nbsp;emprestou sua prec\u00e1ria bateria para uma banda de nome engra\u00e7ado fazer sua primeira apresenta\u00e7\u00e3o, na Universidade Rural, na Zona Oeste do Rio. Tinha conhecido a rapaziada do grupo horas antes. Faltando poucos minutos para o show, o baterista n\u00e3o apareceu. Coube a ele assumir as baquetas. Mais de quatro d\u00e9cadas depois, a hist\u00f3ria consagradora dos&nbsp;<strong>Paralamas do Sucesso<\/strong>&nbsp;\u00e9 narrada por algu\u00e9m que jamais perdeu um show da banda: justamente&nbsp;<strong>Jo\u00e3o Barone<\/strong>.<\/p>\n\n\n\n<p>Em&nbsp;<strong>1,2,3,4! Contando o tempo com Os Paralamas do Sucesso (Editora<\/strong>&nbsp;<strong>M\u00e1quina de Livros)<\/strong>&nbsp;que ser\u00e1 lan\u00e7ado dia&nbsp;<strong>18 de outubro na Livraria Curitiba do ParkShoppingBarig\u00fci, com direito a um bate-papo antes da sess\u00e3o de aut\u00f3grafos<\/strong>, Barone faz um mergulho na trajet\u00f3ria da banda, com desconcertante sinceridade e uma incr\u00edvel riqueza de detalhes. Ele busca na inf\u00e2ncia simples o fasc\u00ednio pela bateria e lembra os primeiros passos ao lado de Herbert Vianna e de Bi Ribeiro no in\u00edcio dos anos 80, antes da fama: os ensaios na casa da Vov\u00f3 Ondina, as tardes com os amigos na Praia de Ipanema, a grava\u00e7\u00e3o da demo que virou sensa\u00e7\u00e3o na R\u00e1dio Fluminense FM&#8230;<\/p>\n\n\n\n<p>\u2013&nbsp;<em>Poucas pessoas t\u00eam o privil\u00e9gio de passar 40 anos exercendo uma mesma atividade. No meu caso, tocar bateria nos Paralamas me proporcionou conhecer o mundo inteiro sem gastar nenhum tost\u00e3o, como diz o verso de Mel\u00f4 do marinheiro. Sou a prova de que os sonhos podem se tornar realidade<\/em>&nbsp;\u2013 diz Barone.<\/p>\n\n\n\n<p>O livro faz um passeio pela trajet\u00f3ria da banda, ao longo de 84 cap\u00edtulos. Barone fala sobre o contrato para o primeiro disco, o conv\u00edvio com outros grupos da gera\u00e7\u00e3o, as farras nas turn\u00eas pelo Brasil e o apote\u00f3tico show no Rock in Rio de 1985, que mudou o patamar dos&nbsp;<strong>Paralamas do Sucesso<\/strong>. Numa narrativa precisa e embalada de afeto, ele revela ainda os bastidores das grava\u00e7\u00f5es de cada disco e como nasceram alguns dos in\u00fameros sucessos do trio. Barone reconstitui ambientes e di\u00e1logos, botando o leitor na cena dos acontecimentos.<\/p>\n\n\n\n<p>\u2013&nbsp;<em>Minha motiva\u00e7\u00e3o foi preservar as lembran\u00e7as dos muitos epis\u00f3dios da nossa jornada at\u00e9 aqui, repleta de alegrias, afli\u00e7\u00f5es, amores, tristezas, ansiedades, com\u00e9dias e trag\u00e9dias. E de um ponto de vista \u00fanico e muito especial: sentado atr\u00e1s de uma bateria<\/em>.<\/p>\n\n\n\n<p>As lembran\u00e7as de&nbsp;<strong>Jo\u00e3o Barone<\/strong>&nbsp;s\u00e3o agu\u00e7adas. Ele detalha desde os contratempos em viagens at\u00e9 a vitoriosa carreira internacional da banda, que se tornou fen\u00f4meno na Am\u00e9rica Latina e desbravou a Europa \u2013 inclusive, abrindo a primeira grande turn\u00ea solo de Brian May, logo ap\u00f3s o fim do Queen. O livro traz tamb\u00e9m momentos delicados e de extrema emo\u00e7\u00e3o, especialmente ao narrar o acidente de ultraleve com Herbert, em 2001, e as semanas de agonia que se seguiram, at\u00e9 a volta triunfal da banda.<\/p>\n\n\n\n<p>Com pref\u00e1cio de&nbsp;<strong>Jos\u00e9 Emilio Rondeau<\/strong>&nbsp;e orelha de&nbsp;<strong>Elisabete Pacheco<\/strong>, ambos jornalistas,&nbsp;<strong>1,2,3,4! Contando o tempo com Os Paralamas do Sucesso<\/strong>&nbsp;\u00e9 essencial n\u00e3o s\u00f3 para quem busca conhecer a trajet\u00f3ria do grupo, mas tamb\u00e9m a evolu\u00e7\u00e3o do rock brasileiro. O livro traz ainda mais de 80 imagens do acervo pessoal de Barone \u2013 quase todas in\u00e9ditas \u2013, que incluem manuscritos de letras, credenciais de shows hist\u00f3ricos, documentos e cartazes do in\u00edcio da carreira.<\/p>\n\n\n<div class=\"wp-block-image\">\n<figure class=\"alignleft size-full\"><img loading=\"lazy\" decoding=\"async\" width=\"216\" height=\"307\" src=\"https:\/\/diarioparanaense.com\/wp-content\/uploads\/2024\/10\/image004.jpg\" alt=\"\" class=\"wp-image-3475\" srcset=\"https:\/\/diarioparanaense.com\/wp-content\/uploads\/2024\/10\/image004.jpg 216w, https:\/\/diarioparanaense.com\/wp-content\/uploads\/2024\/10\/image004-211x300.jpg 211w\" sizes=\"auto, (max-width: 216px) 100vw, 216px\" \/><\/figure><\/div>\n\n\n<p><strong>FICHA T\u00c9CNICA<\/strong><\/p>\n\n\n\n<p><strong>T\u00edtulo<\/strong>: 1,2,3,4! Contando o tempo com Os Paralamas do Sucesso<\/p>\n\n\n\n<p><strong>Autor<\/strong>: Jo\u00e3o Barone<\/p>\n\n\n\n<p><strong>Editora<\/strong>: M\u00e1quina de Livros<\/p>\n\n\n\n<p><strong>P\u00e1ginas<\/strong>: 416<\/p>\n\n\n\n<p><strong>Pre\u00e7os<\/strong>: R$ 89 (impresso) e R$ 49 (e-book)<\/p>\n\n\n\n<p><strong>LAN\u00c7AMENTO EM CURITIBA<\/strong><\/p>\n\n\n\n<p><strong>Data:&nbsp;<\/strong>18 de outubro de 2024 (sexta)<\/p>\n\n\n\n<p><strong>Hor\u00e1rio:&nbsp;<\/strong>a partir das 15h<\/p>\n\n\n\n<p><strong>Local:&nbsp;<\/strong>Livraria Curitiba do ParkShoppingBirig\u00fci<\/p>\n\n\n\n<p><strong>Endere\u00e7o:&nbsp;<\/strong>Rua Prof. Pedro Viriato Parigot de Souza, 600, Mossungu\u00ea<\/p>\n\n\n\n<p><strong>ALGUMAS HIST\u00d3RIAS DO LIVRO:<\/strong><strong><\/strong><\/p>\n\n\n\n<p>\u25ba Como ele conheceu Bi Ribeiro e Herbert Vianna ainda em 1981, num show na Rural, em que&nbsp;Barone&nbsp;emprestou a bateria atrav\u00e9s de um amigo em comum e acabou tocando na hora, porque o Vital n\u00e3o apareceu.<\/p>\n\n\n\n<p>\u25ba Os detalhes do dia em que&nbsp;Barone&nbsp;foi convidado para entrar nos Paralamas, em 09\/09\/1982, num show em Serop\u00e9dica. Ainda em 1982 vieram os primeiros shows e o livro traz as primeiras fotos dos Paralamas no palco, numa casa punk no M\u00e9ier. S\u00e3o imagens in\u00e9ditas que estavam perdidas.<\/p>\n\n\n\n<p>\u25ba No fim de 1982,&nbsp;Barone&nbsp;\u2013 que morava na regi\u00e3o da Rural \u2013 se mudou para a casa do Bi, onde morou num quartinho at\u00e9 1986. Ainda antes do primeiro disco, iam direto \u00e0 Praia de Ipanema pegar jacar\u00e9, lanchavam no Gordon, viviam em cinemas da Zona Sul e tamb\u00e9m no Circo Voador (onde tocariam pela primeira vez em janeiro de 1983, abrindo para o Lulu Santos)<\/p>\n\n\n\n<p>\u25ba A grava\u00e7\u00e3o da demo com&nbsp;<em>Vital e sua moto<\/em>&nbsp;e mais tr\u00eas m\u00fasicas, que viraram hit instant\u00e2neo na Fluminense FM.<\/p>\n\n\n\n<p>\u25ba Depois do contrato com a EMI-Odeon, para o primeiro LP,&nbsp;Barone&nbsp;traz bastidores das grava\u00e7\u00f5es de todos os discos da banda, inclusive com t\u00e9cnicas inovadoras que usaram.<\/p>\n\n\n\n<p>\u25ba Ele conta tamb\u00e9m em detalhes como nasceram alguns dos maiores hits dos Paralamas, como \u201c\u00d3culos\u201d, \u201cAlagados\u201d, \u201cMel\u00f4 do marinheiro\u201d, \u201cUma brasileira\u201d etc.<\/p>\n\n\n\n<p>\u25ba Tem muitas hist\u00f3rias engra\u00e7adas das primeiras turn\u00eas da banda, especialmente at\u00e9 1985, 1986, quando a estrutura dos Paralamas ainda era meio amadora, embora eles j\u00e1 fossem estourados no Brasil inteiro. Tem epis\u00f3dios de farras, de roubadas e de imprevistos.<\/p>\n\n\n\n<p>\u25ba Os cap\u00edtulos do livro s\u00e3o quase todos curtos (s\u00e3o 84) e ele dedica alguns ao Rock in Rio, desde as negocia\u00e7\u00f5es para eles participarem \u2013 foram a \u00faltima banda convidada \u2013 at\u00e9 o show explosivo, em que os Paralamas terminaram como o destaque nacional do festival.<\/p>\n\n\n\n<p>\u25ba&nbsp;Barone&nbsp;conta como surgiram as rusgas de Lob\u00e3o com Herbert Vianna, inclusive com a obsess\u00e3o do cantor em atacar os Paralamas e um destempero de Lob\u00e3o nos camarins do Canec\u00e3o, onde os dois tocaram.<\/p>\n\n\n\n<p>\u25ba Os Paralamas conseguiram uma carreira vitoriosa na Am\u00e9rica Latina, onde s\u00e3o idolatrados e tratados como um grande nome internacional do rock. O livro traz v\u00e1rias hist\u00f3rias curiosas e reveladoras de turn\u00eas e grava\u00e7\u00f5es de discos foram do Brasil (foram alguns), inclusive do do disco \u201cD\u201d, o primeiro ao vivo da banda, no Festival de Montreux, em 1986.<\/p>\n\n\n\n<p>\u25ba Em 1993, os Paralamas foram escolhidos para ser a banda de abertura da turn\u00ea europeia de Brian May, o guitarrista do Queen que se lan\u00e7ava em carreira solo ap\u00f3s a morte de Freddie Mercury. Brian e Herbert tinham se conhecido num festival em Montevid\u00e9u, ficaram pr\u00f3ximos e em 1994 eles voltariam a se encontrar num est\u00fadio em Londres, quando Brian participou de uma baixa do \u00e1lbum \u201cSeverino\u201d<\/p>\n\n\n\n<p>\u25ba O acidente de ultraleve de Herbert em fevereiro de 2021, o per\u00edodo em que ficou em coma no hospital e a dif\u00edcil recupera\u00e7\u00e3o nos meses seguintes s\u00e3o contados com m\u00ednimos detalhes, que nunca vieram \u00e0 tona. E depois ele relata a volta dos Paralamas aos palcos e aos est\u00fadios.<\/p>\n","protected":false},"excerpt":{"rendered":"<p>1,2,3,4! Contando o tempo com Os Paralamas do Sucesso Jo\u00e3o Barone lan\u00e7a em Curitiba livro sobre a hist\u00f3ria dos Paralamas Numa noite de outubro de 1981,&nbsp;Jo\u00e3o Barone&nbsp;emprestou sua prec\u00e1ria bateria para uma banda de nome engra\u00e7ado fazer sua primeira apresenta\u00e7\u00e3o, na Universidade Rural, na Zona Oeste do Rio. Tinha conhecido a rapaziada do grupo horas [&hellip;]<\/p>\n","protected":false},"author":1,"featured_media":3476,"comment_status":"open","ping_status":"open","sticky":false,"template":"","format":"standard","meta":{"footnotes":""},"categories":[142],"tags":[],"class_list":["post-3474","post","type-post","status-publish","format-standard","has-post-thumbnail","hentry","category-literatura"],"_links":{"self":[{"href":"https:\/\/diarioparanaense.com\/index.php?rest_route=\/wp\/v2\/posts\/3474","targetHints":{"allow":["GET"]}}],"collection":[{"href":"https:\/\/diarioparanaense.com\/index.php?rest_route=\/wp\/v2\/posts"}],"about":[{"href":"https:\/\/diarioparanaense.com\/index.php?rest_route=\/wp\/v2\/types\/post"}],"author":[{"embeddable":true,"href":"https:\/\/diarioparanaense.com\/index.php?rest_route=\/wp\/v2\/users\/1"}],"replies":[{"embeddable":true,"href":"https:\/\/diarioparanaense.com\/index.php?rest_route=%2Fwp%2Fv2%2Fcomments&post=3474"}],"version-history":[{"count":1,"href":"https:\/\/diarioparanaense.com\/index.php?rest_route=\/wp\/v2\/posts\/3474\/revisions"}],"predecessor-version":[{"id":3477,"href":"https:\/\/diarioparanaense.com\/index.php?rest_route=\/wp\/v2\/posts\/3474\/revisions\/3477"}],"wp:featuredmedia":[{"embeddable":true,"href":"https:\/\/diarioparanaense.com\/index.php?rest_route=\/wp\/v2\/media\/3476"}],"wp:attachment":[{"href":"https:\/\/diarioparanaense.com\/index.php?rest_route=%2Fwp%2Fv2%2Fmedia&parent=3474"}],"wp:term":[{"taxonomy":"category","embeddable":true,"href":"https:\/\/diarioparanaense.com\/index.php?rest_route=%2Fwp%2Fv2%2Fcategories&post=3474"},{"taxonomy":"post_tag","embeddable":true,"href":"https:\/\/diarioparanaense.com\/index.php?rest_route=%2Fwp%2Fv2%2Ftags&post=3474"}],"curies":[{"name":"wp","href":"https:\/\/api.w.org\/{rel}","templated":true}]}}