{"id":3464,"date":"2024-10-07T13:24:44","date_gmt":"2024-10-07T16:24:44","guid":{"rendered":"https:\/\/diarioparanaense.com\/?p=3464"},"modified":"2024-10-07T13:24:44","modified_gmt":"2024-10-07T16:24:44","slug":"psicologa-elisangela-passos-lanca-livro-alem-do-infarto-em-curitiba","status":"publish","type":"post","link":"https:\/\/diarioparanaense.com\/?p=3464","title":{"rendered":"Psic\u00f3loga Elis\u00e2ngela Passos Lan\u00e7a Livro &#8220;Al\u00e9m do Infarto&#8221; em Curitiba"},"content":{"rendered":"\n<p>Ap\u00f3s o sucesso de seu lan\u00e7amento na Bienal Internacional do Livro de S\u00e3o Paulo, a psic\u00f3loga cl\u00ednica e organizacional Elis\u00e2ngela Passos promove um evento especial na Livraria da Vila em Curitiba. O lan\u00e7amento do livro &#8220;Al\u00e9m do Infarto &#8211; Uma Jornada de Redescoberta e Carreira&#8221; acontecer\u00e1 na quinta-feira, 3 de outubro, das 19h \u00e0s 21h, no Shopping P\u00e1tio Batel, localizado na Avenida do Batel, 1868 &#8211; Loja 314, Batel.<\/p>\n\n\n\n<p>Durante o evento, Elis\u00e2ngela compartilhar\u00e1 sua trajet\u00f3ria de supera\u00e7\u00e3o ap\u00f3s um infarto que transformou sua vida pessoal e profissional. Com uma d\u00e9cada de experi\u00eancia na psicologia, a autora traz uma perspectiva sens\u00edvel e acess\u00edvel sobre como enfrentar desafios pode abrir portas para um novo come\u00e7o.<\/p>\n\n\n\n<p>\u201cEscrever &#8216;Al\u00e9m do Infarto&#8217; foi um ato de cura e conex\u00e3o. Quero inspirar as pessoas a enxergarem as dificuldades como oportunidades de crescimento e redescoberta\u201d, afirma Elis\u00e2ngela.<\/p>\n\n\n\n<p>O livro explora temas como autoconhecimento, sa\u00fade mental, resili\u00eancia emocional e a import\u00e2ncia do autocuidado. A autora oferece ferramentas pr\u00e1ticas para ajudar os leitores a fortalecerem sua sa\u00fade emocional e reconstru\u00edrem suas carreiras, alinhando-as \u00e0s suas verdadeiras paix\u00f5es.<\/p>\n\n\n\n<p>Os participantes do evento ter\u00e3o a oportunidade de interagir com Elis\u00e2ngela, adquirir o livro autografado e se aprofundar nas li\u00e7\u00f5es que ele traz sobre equil\u00edbrio e realiza\u00e7\u00e3o pessoal.<\/p>\n\n\n\n<p><strong>Servi\u00e7o:<\/strong><\/p>\n\n\n\n<p><strong>Lan\u00e7amento do Livro &#8220;Al\u00e9m do Infarto&#8221;<\/strong><br>Data:Quinta-feira, 3 de outubro<br>Hor\u00e1rio: das 19h \u00e0s 21h30<br>Local: Livraria da Vila, Shopping P\u00e1tio Batel<br>Endere\u00e7o: Av. do Batel, 1868 &#8211; Loja 314, Batel, Curitiba<\/p>\n\n\n\n<p><strong>Ficha T\u00e9cnica<\/strong><br>T\u00edtulo: Al\u00e9m do Infarto &#8211; uma jornada de redescoberta e carreira<br>Texto: Elis\u00e2ngela Barbosa Pereira dos Passos<br>Ilustra\u00e7\u00f5es: Adobe Firefly<br>Editora: UICLAP<br>ISBN: 978-65-01-11754-6<br>Dimens\u00f5es: 16L x 23A<br>P\u00e1ginas: 149<br>Pre\u00e7o sugerido: R$ 89,90<\/p>\n\n\n\n<p>Para mais informa\u00e7\u00f5es sobre o livro e a autora, siga o Instagram: <a href=\"https:\/\/www.instagram.com\/psico.elipassos\">@psico.elipassos<\/a>.<\/p>\n","protected":false},"excerpt":{"rendered":"<p>Ap\u00f3s o sucesso de seu lan\u00e7amento na Bienal Internacional do Livro de S\u00e3o Paulo, a psic\u00f3loga cl\u00ednica e organizacional Elis\u00e2ngela Passos promove um evento especial na Livraria da Vila em Curitiba. O lan\u00e7amento do livro &#8220;Al\u00e9m do Infarto &#8211; Uma Jornada de Redescoberta e Carreira&#8221; acontecer\u00e1 na quinta-feira, 3 de outubro, das 19h \u00e0s 21h, [&hellip;]<\/p>\n","protected":false},"author":1,"featured_media":3465,"comment_status":"open","ping_status":"open","sticky":false,"template":"","format":"standard","meta":{"footnotes":""},"categories":[142],"tags":[],"class_list":["post-3464","post","type-post","status-publish","format-standard","has-post-thumbnail","hentry","category-literatura"],"_links":{"self":[{"href":"https:\/\/diarioparanaense.com\/index.php?rest_route=\/wp\/v2\/posts\/3464","targetHints":{"allow":["GET"]}}],"collection":[{"href":"https:\/\/diarioparanaense.com\/index.php?rest_route=\/wp\/v2\/posts"}],"about":[{"href":"https:\/\/diarioparanaense.com\/index.php?rest_route=\/wp\/v2\/types\/post"}],"author":[{"embeddable":true,"href":"https:\/\/diarioparanaense.com\/index.php?rest_route=\/wp\/v2\/users\/1"}],"replies":[{"embeddable":true,"href":"https:\/\/diarioparanaense.com\/index.php?rest_route=%2Fwp%2Fv2%2Fcomments&post=3464"}],"version-history":[{"count":1,"href":"https:\/\/diarioparanaense.com\/index.php?rest_route=\/wp\/v2\/posts\/3464\/revisions"}],"predecessor-version":[{"id":3466,"href":"https:\/\/diarioparanaense.com\/index.php?rest_route=\/wp\/v2\/posts\/3464\/revisions\/3466"}],"wp:featuredmedia":[{"embeddable":true,"href":"https:\/\/diarioparanaense.com\/index.php?rest_route=\/wp\/v2\/media\/3465"}],"wp:attachment":[{"href":"https:\/\/diarioparanaense.com\/index.php?rest_route=%2Fwp%2Fv2%2Fmedia&parent=3464"}],"wp:term":[{"taxonomy":"category","embeddable":true,"href":"https:\/\/diarioparanaense.com\/index.php?rest_route=%2Fwp%2Fv2%2Fcategories&post=3464"},{"taxonomy":"post_tag","embeddable":true,"href":"https:\/\/diarioparanaense.com\/index.php?rest_route=%2Fwp%2Fv2%2Ftags&post=3464"}],"curies":[{"name":"wp","href":"https:\/\/api.w.org\/{rel}","templated":true}]}}