{"id":3452,"date":"2024-10-07T13:13:43","date_gmt":"2024-10-07T16:13:43","guid":{"rendered":"https:\/\/diarioparanaense.com\/?p=3452"},"modified":"2024-10-07T13:14:49","modified_gmt":"2024-10-07T16:14:49","slug":"saude-mental-a-importancia-do-bem-estar-nas-organizacoes","status":"publish","type":"post","link":"https:\/\/diarioparanaense.com\/?p=3452","title":{"rendered":"Sa\u00fade mental: a import\u00e2ncia do bem-estar nas organiza\u00e7\u00f5es"},"content":{"rendered":"\n<p><em>Criar n\u00facleos de apoio psicol\u00f3gico pode salvar vidas<\/em><\/p>\n\n\n\n<p>A sa\u00fade mental no ambiente de trabalho tornou-se uma preocupa\u00e7\u00e3o crescente nos \u00faltimos anos, especialmente ap\u00f3s a pandemia de Covid-19, que levantou quest\u00f5es sobre a desconex\u00e3o f\u00edsica e emocional. A especialista em psicologia organizacional Camille Holmer, fundadora da Priorize Gest\u00e3o Estrat\u00e9gica de Pessoas, explica que o novo cen\u00e1rio afeta a maneira como as pessoas se relacionam no trabalho:<br><br>&#8220;Dentro das organiza\u00e7\u00f5es, a sensa\u00e7\u00e3o de isolamento frequentemente decorre da falta de identifica\u00e7\u00e3o com a cultura corporativa ou com os colegas. Quando n\u00e3o h\u00e1 diversidade e inclus\u00e3o, a sa\u00fade mental dos colaboradores pode ser severamente impactada, gerando um ambiente hostil &#8220;, destaca.<br><br>As mentorias e treinamentos para aprimorar as habilidades de comunica\u00e7\u00e3o e promover a empatia fazem com que os gestores trabalhem em quest\u00f5es emocionais e desenvolvam o autoconhecimento:<br><br>&#8220;Se n\u00e3o temos algu\u00e9m que nos ajude a nos entender, isso se torna uma tarefa \u00e1rdua. As empresas devem implementar n\u00facleos de apoio psicol\u00f3gico que ofere\u00e7am seguran\u00e7a e suporte cont\u00ednuo para que todos possam falar sobre si mesmos sem medo de serem vistos como problem\u00e1ticos. H\u00e1 uma tend\u00eancia a rotular quem busca ajuda, gerando preconceitos e concep\u00e7\u00f5es negativas sobre sa\u00fade mental\u201d, afirma.<br><br>Ao promover pr\u00e1ticas que apoiem a sa\u00fade f\u00edsica e psicol\u00f3gica, as organiza\u00e7\u00f5es melhoram a qualidade de vida no trabalho e ajudam a salvar vidas. Uma abordagem proativa transforma a cultura organizacional: \u201cPromover um ambiente saud\u00e1vel \u00e9 fundamental. As empresas ganham com a produtividade dos colaboradores e, consequentemente, impulsionam os lucros. Ou seja, \u00e9 uma din\u00e2mica extremamente positiva\u201d, conclui Holmer.<\/p>\n","protected":false},"excerpt":{"rendered":"<p>Criar n\u00facleos de apoio psicol\u00f3gico pode salvar vidas A sa\u00fade mental no ambiente de trabalho tornou-se uma preocupa\u00e7\u00e3o crescente nos \u00faltimos anos, especialmente ap\u00f3s a pandemia de Covid-19, que levantou quest\u00f5es sobre a desconex\u00e3o f\u00edsica e emocional. A especialista em psicologia organizacional Camille Holmer, fundadora da Priorize Gest\u00e3o Estrat\u00e9gica de Pessoas, explica que o novo [&hellip;]<\/p>\n","protected":false},"author":1,"featured_media":3459,"comment_status":"open","ping_status":"open","sticky":false,"template":"","format":"standard","meta":{"footnotes":""},"categories":[164],"tags":[],"class_list":["post-3452","post","type-post","status-publish","format-standard","has-post-thumbnail","hentry","category-saude-2"],"_links":{"self":[{"href":"https:\/\/diarioparanaense.com\/index.php?rest_route=\/wp\/v2\/posts\/3452","targetHints":{"allow":["GET"]}}],"collection":[{"href":"https:\/\/diarioparanaense.com\/index.php?rest_route=\/wp\/v2\/posts"}],"about":[{"href":"https:\/\/diarioparanaense.com\/index.php?rest_route=\/wp\/v2\/types\/post"}],"author":[{"embeddable":true,"href":"https:\/\/diarioparanaense.com\/index.php?rest_route=\/wp\/v2\/users\/1"}],"replies":[{"embeddable":true,"href":"https:\/\/diarioparanaense.com\/index.php?rest_route=%2Fwp%2Fv2%2Fcomments&post=3452"}],"version-history":[{"count":1,"href":"https:\/\/diarioparanaense.com\/index.php?rest_route=\/wp\/v2\/posts\/3452\/revisions"}],"predecessor-version":[{"id":3458,"href":"https:\/\/diarioparanaense.com\/index.php?rest_route=\/wp\/v2\/posts\/3452\/revisions\/3458"}],"wp:featuredmedia":[{"embeddable":true,"href":"https:\/\/diarioparanaense.com\/index.php?rest_route=\/wp\/v2\/media\/3459"}],"wp:attachment":[{"href":"https:\/\/diarioparanaense.com\/index.php?rest_route=%2Fwp%2Fv2%2Fmedia&parent=3452"}],"wp:term":[{"taxonomy":"category","embeddable":true,"href":"https:\/\/diarioparanaense.com\/index.php?rest_route=%2Fwp%2Fv2%2Fcategories&post=3452"},{"taxonomy":"post_tag","embeddable":true,"href":"https:\/\/diarioparanaense.com\/index.php?rest_route=%2Fwp%2Fv2%2Ftags&post=3452"}],"curies":[{"name":"wp","href":"https:\/\/api.w.org\/{rel}","templated":true}]}}