{"id":3437,"date":"2024-09-30T08:05:29","date_gmt":"2024-09-30T11:05:29","guid":{"rendered":"https:\/\/diarioparanaense.com\/?p=3437"},"modified":"2024-09-30T08:05:29","modified_gmt":"2024-09-30T11:05:29","slug":"heartbreakers-lancam-novo-tema-sombra","status":"publish","type":"post","link":"https:\/\/diarioparanaense.com\/?p=3437","title":{"rendered":"Heartbreakers lan\u00e7am novo tema &#8220;SOMBRA&#8221;"},"content":{"rendered":"\n<p>Ap\u00f3s alcan\u00e7ar mais de 1 Milh\u00e3o de streams no Spotify em lan\u00e7amentos anteriores, os Heartbreakers est\u00e3o de volta com nova proposta sonora ainda mais ousada. &#8220;SOMBRA&#8221;, o novo single da banda, apresenta uma fus\u00e3o poderosa entre o pop e o rock, evidenciando a constante evolu\u00e7\u00e3o criativa do grupo.<\/p>\n\n\n\n<p>A nova faixa, marcada por uma letra profundamente emocional, retrata o sentimento de lutar para ser notado e escapar da sombra de algu\u00e9m. A composi\u00e7\u00e3o evoca uma reflex\u00e3o sobre a busca de identidade e a liberdade pessoal, temas recorrentes na discografia da banda. Com versos como &#8220;N\u00e3o quero ser a tua sombra, n\u00e3o quero ser mais uma sombra&#8221;, a can\u00e7\u00e3o destaca-se pela vulnerabilidade e autenticidade, tornando-a um hino para aqueles que procuram libertar-se de relacionamentos sufocantes.<\/p>\n\n\n\n<p>Com uma produ\u00e7\u00e3o moderna e envolvente, &#8220;SOMBRA&#8221; reafirma o talento dos Heartbreakers em criar m\u00fasicas que ressoam tanto emocional quanto sonoramente. Este lan\u00e7amento promete ser mais um marco na carreira do grupo, consolidando ainda mais a sua posi\u00e7\u00e3o como um dos nomes mais promissores do pop nacional.<\/p>\n\n\n\n<p><strong>SOMBRA<\/strong><\/p>\n\n\n\n<p>&#8220;Por mais que eu chame tu n\u00e3o notas.<br>E sempre que eu te sigo ando \u00e0s voltas.<br>E por mais que eu tente esquecer\u2026<br>N\u00e3o quero ser a tua sombra&#8221;<\/p>\n\n\n\n<p>Link <a href=\"https:\/\/youtu.be\/IYXSzvNVonw?si=fINWW4Do_9qUMvdX\">https:\/\/youtu.be\/IYXSzvNVonw?si=fINWW4Do_9qUMvdX<\/a><\/p>\n","protected":false},"excerpt":{"rendered":"<p>Ap\u00f3s alcan\u00e7ar mais de 1 Milh\u00e3o de streams no Spotify em lan\u00e7amentos anteriores, os Heartbreakers est\u00e3o de volta com nova proposta sonora ainda mais ousada. &#8220;SOMBRA&#8221;, o novo single da banda, apresenta uma fus\u00e3o poderosa entre o pop e o rock, evidenciando a constante evolu\u00e7\u00e3o criativa do grupo. A nova faixa, marcada por uma letra [&hellip;]<\/p>\n","protected":false},"author":1,"featured_media":3438,"comment_status":"open","ping_status":"open","sticky":false,"template":"","format":"standard","meta":{"footnotes":""},"categories":[27],"tags":[],"class_list":["post-3437","post","type-post","status-publish","format-standard","has-post-thumbnail","hentry","category-musica"],"_links":{"self":[{"href":"https:\/\/diarioparanaense.com\/index.php?rest_route=\/wp\/v2\/posts\/3437","targetHints":{"allow":["GET"]}}],"collection":[{"href":"https:\/\/diarioparanaense.com\/index.php?rest_route=\/wp\/v2\/posts"}],"about":[{"href":"https:\/\/diarioparanaense.com\/index.php?rest_route=\/wp\/v2\/types\/post"}],"author":[{"embeddable":true,"href":"https:\/\/diarioparanaense.com\/index.php?rest_route=\/wp\/v2\/users\/1"}],"replies":[{"embeddable":true,"href":"https:\/\/diarioparanaense.com\/index.php?rest_route=%2Fwp%2Fv2%2Fcomments&post=3437"}],"version-history":[{"count":1,"href":"https:\/\/diarioparanaense.com\/index.php?rest_route=\/wp\/v2\/posts\/3437\/revisions"}],"predecessor-version":[{"id":3439,"href":"https:\/\/diarioparanaense.com\/index.php?rest_route=\/wp\/v2\/posts\/3437\/revisions\/3439"}],"wp:featuredmedia":[{"embeddable":true,"href":"https:\/\/diarioparanaense.com\/index.php?rest_route=\/wp\/v2\/media\/3438"}],"wp:attachment":[{"href":"https:\/\/diarioparanaense.com\/index.php?rest_route=%2Fwp%2Fv2%2Fmedia&parent=3437"}],"wp:term":[{"taxonomy":"category","embeddable":true,"href":"https:\/\/diarioparanaense.com\/index.php?rest_route=%2Fwp%2Fv2%2Fcategories&post=3437"},{"taxonomy":"post_tag","embeddable":true,"href":"https:\/\/diarioparanaense.com\/index.php?rest_route=%2Fwp%2Fv2%2Ftags&post=3437"}],"curies":[{"name":"wp","href":"https:\/\/api.w.org\/{rel}","templated":true}]}}