{"id":3426,"date":"2024-09-24T15:24:14","date_gmt":"2024-09-24T18:24:14","guid":{"rendered":"https:\/\/diarioparanaense.com\/?p=3426"},"modified":"2024-09-24T15:24:15","modified_gmt":"2024-09-24T18:24:15","slug":"realidade-virtual-e-tendencia-no-mercado-imobiliario","status":"publish","type":"post","link":"https:\/\/diarioparanaense.com\/?p=3426","title":{"rendered":"Realidade virtual \u00e9 tend\u00eancia no mercado imobili\u00e1rio"},"content":{"rendered":"\n<p class=\"has-medium-font-size\">Grupo Apolar aposta em tour tecnol\u00f3gico para reduzir de tr\u00eas a quatro visitas, por cliente, para uma<\/p>\n\n\n\n<p>A vis\u00e3o sustent\u00e1vel no meio empresarial \u00e9 uma demanda urgente em diversos setores. No ramo imobili\u00e1rio, o movimento se alia \u00e0 tecnologia para criar solu\u00e7\u00f5es que minimizem o impacto dos neg\u00f3cios no meio ambiente. O Grupo Apolar, uma das mais completas franqueadoras imobili\u00e1rias da regi\u00e3o, aposta em tours virtuais para aproximar os clientes da realidade dos im\u00f3veis e ir al\u00e9m dos an\u00fancios em foto.<\/p>\n\n\n\n<p>Segundo Renato Rodrigues, CEO da Banib, empresa respons\u00e1vel pelo desenvolvimento da tecnologia, a ideia foi criada para que qualquer corretora imobili\u00e1ria, construtora ou profissional do mercado de constru\u00e7\u00e3o pudesse fazer seu pr\u00f3prio tour virtual sem depender da contrata\u00e7\u00e3o de uma empresa terceirizada. Apenas com um smartphone, qualquer pessoa pode tirar fotos e elaborar o material.<\/p>\n\n\n\n<p>A tecnologia, que \u00e9 gerada por uma intelig\u00eancia exclusiva hoje no Brasil, ser\u00e1 aplicada nas franquias da imobili\u00e1ria espalhadas pelos estados do Paran\u00e1 e de Santa Catarina. O modelo permite que visitas desnecess\u00e1rias aos im\u00f3veis sejam evitadas, benef\u00edcio que impacta diretamente na rotina dos corretores, que podem otimizar seu tempo, melhorar a efici\u00eancia na atua\u00e7\u00e3o e, consequentemente, aumentar a produtividade da imobili\u00e1ria.<\/p>\n\n\n\n<p>A solu\u00e7\u00e3o tamb\u00e9m \u00e9 parte das iniciativas relacionadas \u00e0 responsabilidade ambiental da Apolar, j\u00e1 que impacta diretamente na quantidade de emiss\u00e3o de di\u00f3xido de carbono que envolve o deslocamento dos profissionais. Rodrigues afirma que a visita ainda \u00e9 necess\u00e1ria para o fechamento do neg\u00f3cio, mas que a quantidade de idas ao im\u00f3vel diminui de tr\u00eas a quatro, por cliente, para apenas uma.<\/p>\n\n\n\n<p>Al\u00e9m disso, a plataforma fornece informa\u00e7\u00f5es relevantes para as a\u00e7\u00f5es de marketing e de atendimento ao cliente. Com base nas intera\u00e7\u00f5es do p\u00fablico com o material, a Banib gera dados relacionados ao desempenho do tour, com o n\u00famero de acessos, origem de cada clique, tempo de perman\u00eancia do cliente em cada c\u00f4modo, al\u00e9m de leads diretos angariados atrav\u00e9s de um encaminhamento que parte do pr\u00f3prio tour.<\/p>\n\n\n\n<p>Para Marco Vieira, diretor de Expans\u00e3o da Apolar Im\u00f3veis, a parceria \u00e9 estrat\u00e9gica, pois permite que a rede de franquias alcance p\u00fablicos de outras regi\u00f5es e, at\u00e9 mesmo, de outros pa\u00edses. \u201cCom a realidade virtual, nossa atua\u00e7\u00e3o n\u00e3o se limita aos estados em que estamos presentes fisicamente. Um cliente estrangeiro pode ter acesso ao tour virtual e fazer a negocia\u00e7\u00e3o do im\u00f3vel \u00e0 dist\u00e2ncia, j\u00e1 que a tecnologia garante uma visualiza\u00e7\u00e3o do im\u00f3vel muito pr\u00f3xima \u00e0 realidade\u201d, observa.<\/p>\n\n\n\n<p>Uma vez que os colaboradores podem gerar os tours de forma independente, a empresa realiza sess\u00f5es de treinamento, com um acompanhamento posterior para garantir a qualidade das imagens e da utiliza\u00e7\u00e3o. \u201cPassamos orienta\u00e7\u00f5es de como criar o melhor tour, de que forma posicionar o trip\u00e9, de como lidar com a ilumina\u00e7\u00e3o e, at\u00e9 mesmo, de como divulg\u00e1-lo nas redes sociais\u201d, completa o CEO.<\/p>\n\n\n\n<p><strong>O que \u00e9 o Tour Virtual da Banib?<br><\/strong>Elaborado atrav\u00e9s de imagens em 360\u00ba, o Tour Virtual \u00e9 essencialmente uma experi\u00eancia de visita online. Com a conveni\u00eancia de um smartphone, tablet ou computador conectado \u00e0 internet, qualquer pessoa pode acess\u00e1-lo. Com apenas alguns cliques, os visitantes t\u00eam a liberdade de percorrer a rota desejada dentro do tour virtual e utilizar o recurso de zoom para explorar os detalhes com maior precis\u00e3o.<\/p>\n\n\n\n<p><strong>Sobre a Apolar Im\u00f3veis<br><\/strong>Fundada em 1969 por Joseph Galiano, a Apolar Im\u00f3veis se tornou refer\u00eancia no mercado imobili\u00e1rio, ganhando dez vezes o pr\u00eamio ABF de franchising brasileiro pelo seu modelo de franquia e pelas suas inova\u00e7\u00f5es no segmento. S\u00e3o mais de 90 lojas espalhadas estrategicamente no Paran\u00e1, Santa Catarina, S\u00e3o Paulo e Paraguai, totalizando mais de 20 mil im\u00f3veis cadastrados, entre locados e dispon\u00edveis para vendas\u00a0e\u00a0loca\u00e7\u00e3o.<\/p>\n","protected":false},"excerpt":{"rendered":"<p>Grupo Apolar aposta em tour tecnol\u00f3gico para reduzir de tr\u00eas a quatro visitas, por cliente, para uma A vis\u00e3o sustent\u00e1vel no meio empresarial \u00e9 uma demanda urgente em diversos setores. No ramo imobili\u00e1rio, o movimento se alia \u00e0 tecnologia para criar solu\u00e7\u00f5es que minimizem o impacto dos neg\u00f3cios no meio ambiente. O Grupo Apolar, uma [&hellip;]<\/p>\n","protected":false},"author":1,"featured_media":3428,"comment_status":"open","ping_status":"open","sticky":false,"template":"","format":"standard","meta":{"footnotes":""},"categories":[324],"tags":[],"class_list":["post-3426","post","type-post","status-publish","format-standard","has-post-thumbnail","hentry","category-negocios"],"_links":{"self":[{"href":"https:\/\/diarioparanaense.com\/index.php?rest_route=\/wp\/v2\/posts\/3426","targetHints":{"allow":["GET"]}}],"collection":[{"href":"https:\/\/diarioparanaense.com\/index.php?rest_route=\/wp\/v2\/posts"}],"about":[{"href":"https:\/\/diarioparanaense.com\/index.php?rest_route=\/wp\/v2\/types\/post"}],"author":[{"embeddable":true,"href":"https:\/\/diarioparanaense.com\/index.php?rest_route=\/wp\/v2\/users\/1"}],"replies":[{"embeddable":true,"href":"https:\/\/diarioparanaense.com\/index.php?rest_route=%2Fwp%2Fv2%2Fcomments&post=3426"}],"version-history":[{"count":1,"href":"https:\/\/diarioparanaense.com\/index.php?rest_route=\/wp\/v2\/posts\/3426\/revisions"}],"predecessor-version":[{"id":3429,"href":"https:\/\/diarioparanaense.com\/index.php?rest_route=\/wp\/v2\/posts\/3426\/revisions\/3429"}],"wp:featuredmedia":[{"embeddable":true,"href":"https:\/\/diarioparanaense.com\/index.php?rest_route=\/wp\/v2\/media\/3428"}],"wp:attachment":[{"href":"https:\/\/diarioparanaense.com\/index.php?rest_route=%2Fwp%2Fv2%2Fmedia&parent=3426"}],"wp:term":[{"taxonomy":"category","embeddable":true,"href":"https:\/\/diarioparanaense.com\/index.php?rest_route=%2Fwp%2Fv2%2Fcategories&post=3426"},{"taxonomy":"post_tag","embeddable":true,"href":"https:\/\/diarioparanaense.com\/index.php?rest_route=%2Fwp%2Fv2%2Ftags&post=3426"}],"curies":[{"name":"wp","href":"https:\/\/api.w.org\/{rel}","templated":true}]}}