{"id":3420,"date":"2024-09-24T13:58:05","date_gmt":"2024-09-24T16:58:05","guid":{"rendered":"https:\/\/diarioparanaense.com\/?p=3420"},"modified":"2024-09-24T13:58:17","modified_gmt":"2024-09-24T16:58:17","slug":"hospitais-de-transicao-de-cuidados-preparam-os-pacientes-para-viver-e-nao-apenas-para-sobreviver","status":"publish","type":"post","link":"https:\/\/diarioparanaense.com\/?p=3420","title":{"rendered":"Hospitais de Transi\u00e7\u00e3o de Cuidados preparam os pacientes para viver e n\u00e3o apenas para sobreviver"},"content":{"rendered":"\n<p class=\"has-medium-font-size\">Principais indica\u00e7\u00f5es desse modelo de institui\u00e7\u00e3o: reabilita\u00e7\u00e3o, doen\u00e7as cr\u00f4nicas e finitude<\/p>\n\n\n\n<p>Despertar o prop\u00f3sito de cada indiv\u00edduo \u00e9 um dos diferenciais mais significativos da YUNA, institui\u00e7\u00e3o especializada em transi\u00e7\u00e3o de cuidados e reabilita\u00e7\u00e3o, que oferece suporte espec\u00edfico para que os pacientes possam atravessar fases cr\u00edticas da recupera\u00e7\u00e3o, estabiliza\u00e7\u00e3o ou final de vida. Mais do que uma simples continuidade do tratamento, o hospital acolhe as pessoas que precisam de uma abordagem integral, voltada ao seu novo momento, respeitando sua biografia.<\/p>\n\n\n\n<p>A expertise da YUNA est\u00e1 voltada para a forma como \u00e9 conduzido o cuidado, sempre alinhado ao trip\u00e9: t\u00e9cnica, arte e pol\u00edtica. A t\u00e9cnica se refere ao cuidado m\u00e9dico de excel\u00eancia, baseado nas mais avan\u00e7adas pr\u00e1ticas de diversas especialidades.<\/p>\n\n\n\n<p>A arte envolve o cuidado com afeto e empatia, onde cada paciente \u00e9 acolhido como um ser \u00fanico, e a conex\u00e3o emocional \u00e9 valorizada. J\u00e1 a pol\u00edtica refere-se \u00e0 socializa\u00e7\u00e3o e \u00e0 gest\u00e3o de conflitos, especialmente no \u00e2mbito familiar e que envolvem a resolu\u00e7\u00e3o de quest\u00f5es emocionais e pr\u00e1ticas que surgem durante essa fase sens\u00edvel.<\/p>\n\n\n\n<p class=\"has-medium-font-size\">Prepara\u00e7\u00e3o para viver e n\u00e3o apenas para sobreviver<\/p>\n\n\n\n<p>O tempo de perman\u00eancia em um hospital de transi\u00e7\u00e3o deve ser usado da maneira mais significativa poss\u00edvel. O objetivo \u00e9 despertar o Ikigai, termo da cultura japonesa, que combina as palavras iki, que significa vida, e gai, que se traduz como raz\u00e3o ou prop\u00f3sito.<\/p>\n\n\n\n<p>\u201cBuscamos entender a biografia do paciente e despertar o seu prop\u00f3sito de vida, ajudando-os a redescobrir motivos para seguir em frente em uma nova condi\u00e7\u00e3o. Aqui, preparamos os pacientes para viver \u2013 e n\u00e3o para sobreviver. Nosso foco \u00e9 apoi\u00e1-lo nesse novo momento, no retorno ao conv\u00edvio familiar e social, com dignidade e amor\u201d, esclarece o Dr. Andr\u00e9 Daniel Tavares, M\u00e9dico Cl\u00ednico Geral e Geriatra, e Diretor Cl\u00ednico da YUNA.<\/p>\n\n\n\n<p>O v\u00ednculo estabelecido entre m\u00e9dico e paciente \u00e9 um dos alicerces do trabalho. O relacionamento baseado na confian\u00e7a, no di\u00e1logo e no respeito \u00e9 essencial para promover uma recupera\u00e7\u00e3o ou uma transi\u00e7\u00e3o de forma humanizada. De fato, cada paciente \u00e9 visto como \u00fanico, e a cria\u00e7\u00e3o de um la\u00e7o significativo com a equipe multidisciplinar possibilita uma experi\u00eancia de cuidado mais completa e emp\u00e1tica.<\/p>\n\n\n\n<p>Outra quest\u00e3o fundamental \u00e9 preparar o paciente para um novo ciclo, e n\u00e3o apenas para o enfrentamento da doen\u00e7a. O compromisso \u00e9 com a vida, em todas as suas formas e possibilidades.<\/p>\n\n\n\n<p class=\"has-medium-font-size\">Dona Concei\u00e7\u00e3o \u2013 Reabilita\u00e7\u00e3o de um AVCI (Acidente Vascular Cerebral Isqu\u00eamico)<\/p>\n\n\n\n<p>Dona Concei\u00e7\u00e3o sempre foi ativa, independente e funcional, por\u00e9m sofreu um Acidente Vascular Cerebral Isqu\u00eamico (AVCI), perdendo toda sua autonomia. Ao ser admitida na YUNA, estava com traqueostomia, gastrostomia (sonda para alimenta\u00e7\u00e3o), sonda urin\u00e1ria, completamente dependente, acamada, necessitando de oxig\u00eanio e alimentando-se exclusivamente por sonda.<\/p>\n\n\n\n<p>Enfrentando um quadro bastante complicado, permaneceu em reabilita\u00e7\u00e3o na YUNA por oito meses, com in\u00fameras intercorr\u00eancias. Nos \u00faltimos dois meses, apresentou uma melhora significativa. Recebeu alta andando com aux\u00edlio, sem traqueostomia, alimentando-se por via oral e ajudando no pr\u00f3prio cuidado<\/p>\n\n\n\n<p class=\"has-medium-font-size\">Sobre a YUNA<\/p>\n\n\n\n<p>A YUNA, especializada em transi\u00e7\u00e3o de cuidados, oferece suporte completo para pacientes de reabilita\u00e7\u00e3o, cuidados paliativos e continuados, atendimento individualizado e assist\u00eancia transdisciplinar. Mais informa\u00e7\u00f5es no telefone (11) 3087-3800 ou no site <a href=\"https:\/\/yuna.com.br\/\">https:\/\/yuna.com.br\/<\/a>.<\/p>\n","protected":false},"excerpt":{"rendered":"<p>Principais indica\u00e7\u00f5es desse modelo de institui\u00e7\u00e3o: reabilita\u00e7\u00e3o, doen\u00e7as cr\u00f4nicas e finitude Despertar o prop\u00f3sito de cada indiv\u00edduo \u00e9 um dos diferenciais mais significativos da YUNA, institui\u00e7\u00e3o especializada em transi\u00e7\u00e3o de cuidados e reabilita\u00e7\u00e3o, que oferece suporte espec\u00edfico para que os pacientes possam atravessar fases cr\u00edticas da recupera\u00e7\u00e3o, estabiliza\u00e7\u00e3o ou final de vida. Mais do que [&hellip;]<\/p>\n","protected":false},"author":1,"featured_media":3424,"comment_status":"open","ping_status":"open","sticky":false,"template":"","format":"standard","meta":{"footnotes":""},"categories":[164],"tags":[],"class_list":["post-3420","post","type-post","status-publish","format-standard","has-post-thumbnail","hentry","category-saude-2"],"_links":{"self":[{"href":"https:\/\/diarioparanaense.com\/index.php?rest_route=\/wp\/v2\/posts\/3420","targetHints":{"allow":["GET"]}}],"collection":[{"href":"https:\/\/diarioparanaense.com\/index.php?rest_route=\/wp\/v2\/posts"}],"about":[{"href":"https:\/\/diarioparanaense.com\/index.php?rest_route=\/wp\/v2\/types\/post"}],"author":[{"embeddable":true,"href":"https:\/\/diarioparanaense.com\/index.php?rest_route=\/wp\/v2\/users\/1"}],"replies":[{"embeddable":true,"href":"https:\/\/diarioparanaense.com\/index.php?rest_route=%2Fwp%2Fv2%2Fcomments&post=3420"}],"version-history":[{"count":1,"href":"https:\/\/diarioparanaense.com\/index.php?rest_route=\/wp\/v2\/posts\/3420\/revisions"}],"predecessor-version":[{"id":3425,"href":"https:\/\/diarioparanaense.com\/index.php?rest_route=\/wp\/v2\/posts\/3420\/revisions\/3425"}],"wp:featuredmedia":[{"embeddable":true,"href":"https:\/\/diarioparanaense.com\/index.php?rest_route=\/wp\/v2\/media\/3424"}],"wp:attachment":[{"href":"https:\/\/diarioparanaense.com\/index.php?rest_route=%2Fwp%2Fv2%2Fmedia&parent=3420"}],"wp:term":[{"taxonomy":"category","embeddable":true,"href":"https:\/\/diarioparanaense.com\/index.php?rest_route=%2Fwp%2Fv2%2Fcategories&post=3420"},{"taxonomy":"post_tag","embeddable":true,"href":"https:\/\/diarioparanaense.com\/index.php?rest_route=%2Fwp%2Fv2%2Ftags&post=3420"}],"curies":[{"name":"wp","href":"https:\/\/api.w.org\/{rel}","templated":true}]}}