{"id":3411,"date":"2024-09-24T08:24:33","date_gmt":"2024-09-24T11:24:33","guid":{"rendered":"https:\/\/diarioparanaense.com\/?p=3411"},"modified":"2024-09-24T08:24:33","modified_gmt":"2024-09-24T11:24:33","slug":"revelacao-do-pop-nordestino-sofia-gayoso-apresenta-universo-paralelo-como-seu-novo-single","status":"publish","type":"post","link":"https:\/\/diarioparanaense.com\/?p=3411","title":{"rendered":"Revela\u00e7\u00e3o do pop nordestino, Sofia Gayoso apresenta \u201cUniverso Paralelo\u201d como seu novo single"},"content":{"rendered":"\n<p class=\"has-medium-font-size\">Colhendo os frutos de uma era bem trabalhada, a artista encerra o EP \u201cDiferente\u201d com a faixa que chega aos apps em 27 de setembro<\/p>\n\n\n\n<p>A cantora e compositora <strong>Sofia Gayoso<\/strong> lan\u00e7a seu novo single \u201cUniverso Paralelo\u201d em 27 de setembro de 2024, finalizando o ciclo do EP \u201cDiferente\u201d. Com produ\u00e7\u00e3o de<strong> Andr\u00e9 Victor Leite e Duailibe<\/strong>, dois dos mais proeminentes nomes da cena paraibana, al\u00e9m de um curr\u00edculo com<strong> Lucy Alves e Lukete<\/strong>, a faixa mistura bregafunk com dream pop, criando uma atmosfera envolvente e contempor\u00e2nea. A m\u00fasica reflete sobre diversidade, personalidades \u00fanicas e a conex\u00e3o entre diferentes realidades, tanto nos planos emocionais quanto existenciais. O videoclipe foi gravado com incentivo da Lei Paulo Gustavo.<\/p>\n\n\n\n<p>&#8220;Universo Paralelo\u201d destaca todo o talento vocal da artista, transitando suavemente entre momentos de reflex\u00e3o e explos\u00f5es de emo\u00e7\u00e3o. Com o novo single, ela mostra o motivo de ser uma das artistas mais promissoras da cena musical atual. Ela tamb\u00e9m define a faixa como uma &#8220;experi\u00eancia sensorial&#8221;, desafiando limites entre o que \u00e9 real e o que \u00e9 imagin\u00e1rio.<\/p>\n\n\n\n<p>&#8220;A m\u00fasica fala sobre se encantar e se conectar com pessoas de um universo \u00fanico e diferenciado, pessoas \u00fanicas, ditas \u201cloucas\u2019 pela sociedade, sobre gostar do que \u00e9 diferente e convida o ouvinte a embarcar nesse universo paralelo e \u00fanico. Estou muito feliz com esse lan\u00e7amento, pois \u00e9 o fechamento de um ciclo, meu EP Diferente, concluindo um trabalho que me lan\u00e7ou no Pop. Al\u00e9m do mais o clipe est\u00e1 lindo e irreverente, tendo sido patrocinado pela Lei Paulo Gustavo da Para\u00edba.<strong> Ariano Suassuna<\/strong> certa vez disse, com muita irrever\u00eancia, do quanto uma pessoa que \u00e9 chamada de doida, na verdade, pode ser algu\u00e9m com uma criatividade e criticidade mal reconhecida pelo seu meio: \u201cOs doidos perderam tudo, menos a raz\u00e3o. T\u00eam uma (raz\u00e3o) particular.&nbsp; Eu gosto muito de hist\u00f3ria de doido. N\u00e3o sei se \u00e9 por identifica\u00e7\u00e3o. Mas eu gosto muito.\u201d Eu tamb\u00e9m me identifico com esse pensamento.&#8221;<\/p>\n\n\n\n<p><strong>Audiovisual<\/strong><\/p>\n\n\n\n<p>O videoclipe, dirigido por David Neves leva o espectador a uma viagem visual atrav\u00e9s de paisagens surreais. Utilizando uma combina\u00e7\u00e3o de cen\u00e1rios reais e efeitos visuais, o oscila entre a realidade e o sonho, construindo um universo on\u00edrico que dialoga com a mensagem da m\u00fasica. As cores vibrantes e os detalhes minuciosos de design de arte amplificam a dualidade explorada na narrativa da m\u00fasica.<\/p>\n\n\n\n<p>Sofia aparece confrontando medos e desejos enquanto navega por diferentes espa\u00e7os-tempo. Cada cena do videoclipe foi criada para ilustrar a luta interna da artista entre os limites da realidade e a liberdade encontrada nos sonhos. Os figurinos, a dire\u00e7\u00e3o de arte e a cinematografia trabalham em conjunto para criar uma est\u00e9tica que conecta o ouvinte ao universo particular de Sofia.<\/p>\n\n\n\n<p>O trabalho de Sofia atraiu f\u00e3s de artistas como <strong>Duda Beat, Marina Sena e Rachel Reis<\/strong>, por sua fus\u00e3o de pop com elementos da cultura nordestina. Com o encerramento do ciclo do EP, Sofia prepara novo singles com novas sonoridades para o futuro. O objetivo \u00e9 continuar explorando o pop com autenticidade, dando visibilidade \u00e0 m\u00fasica autoral nordestina no cen\u00e1rio nacional. A artista busca celebrar suas ra\u00edzes paraibanas e expandir a influ\u00eancia da cultura nordestina e latino-americana no Brasil.<\/p>\n","protected":false},"excerpt":{"rendered":"<p>Colhendo os frutos de uma era bem trabalhada, a artista encerra o EP \u201cDiferente\u201d com a faixa que chega aos apps em 27 de setembro A cantora e compositora Sofia Gayoso lan\u00e7a seu novo single \u201cUniverso Paralelo\u201d em 27 de setembro de 2024, finalizando o ciclo do EP \u201cDiferente\u201d. Com produ\u00e7\u00e3o de Andr\u00e9 Victor Leite [&hellip;]<\/p>\n","protected":false},"author":1,"featured_media":3412,"comment_status":"open","ping_status":"open","sticky":false,"template":"","format":"standard","meta":{"footnotes":""},"categories":[27],"tags":[],"class_list":["post-3411","post","type-post","status-publish","format-standard","has-post-thumbnail","hentry","category-musica"],"_links":{"self":[{"href":"https:\/\/diarioparanaense.com\/index.php?rest_route=\/wp\/v2\/posts\/3411","targetHints":{"allow":["GET"]}}],"collection":[{"href":"https:\/\/diarioparanaense.com\/index.php?rest_route=\/wp\/v2\/posts"}],"about":[{"href":"https:\/\/diarioparanaense.com\/index.php?rest_route=\/wp\/v2\/types\/post"}],"author":[{"embeddable":true,"href":"https:\/\/diarioparanaense.com\/index.php?rest_route=\/wp\/v2\/users\/1"}],"replies":[{"embeddable":true,"href":"https:\/\/diarioparanaense.com\/index.php?rest_route=%2Fwp%2Fv2%2Fcomments&post=3411"}],"version-history":[{"count":1,"href":"https:\/\/diarioparanaense.com\/index.php?rest_route=\/wp\/v2\/posts\/3411\/revisions"}],"predecessor-version":[{"id":3413,"href":"https:\/\/diarioparanaense.com\/index.php?rest_route=\/wp\/v2\/posts\/3411\/revisions\/3413"}],"wp:featuredmedia":[{"embeddable":true,"href":"https:\/\/diarioparanaense.com\/index.php?rest_route=\/wp\/v2\/media\/3412"}],"wp:attachment":[{"href":"https:\/\/diarioparanaense.com\/index.php?rest_route=%2Fwp%2Fv2%2Fmedia&parent=3411"}],"wp:term":[{"taxonomy":"category","embeddable":true,"href":"https:\/\/diarioparanaense.com\/index.php?rest_route=%2Fwp%2Fv2%2Fcategories&post=3411"},{"taxonomy":"post_tag","embeddable":true,"href":"https:\/\/diarioparanaense.com\/index.php?rest_route=%2Fwp%2Fv2%2Ftags&post=3411"}],"curies":[{"name":"wp","href":"https:\/\/api.w.org\/{rel}","templated":true}]}}