{"id":3410,"date":"2024-09-24T08:25:38","date_gmt":"2024-09-24T11:25:38","guid":{"rendered":"https:\/\/diarioparanaense.com\/?p=3410"},"modified":"2024-09-24T08:25:39","modified_gmt":"2024-09-24T11:25:39","slug":"helio-bentes-vocalista-do-ponto-de-equilibrio-se-junta-a-emmano-em-luzes","status":"publish","type":"post","link":"https:\/\/diarioparanaense.com\/?p=3410","title":{"rendered":"Helio Bentes, vocalista do Ponto de Equil\u00edbrio, se junta \u00e0 Emmano em \u201cLuzes\u201d"},"content":{"rendered":"\n<p class=\"has-medium-font-size\">A nova faixa dos m\u00fasicos chega aos apps em 27 de setembro pela TOV Music e distribui\u00e7\u00e3o da Symphonic, al\u00e9m de contar com a produ\u00e7\u00e3o da Blessed Records.<\/p>\n\n\n\n<p>Fa\u00e7a o pre-save: https:\/\/sym.ffm.to\/luzes<\/p>\n\n\n\n<p>O cantor <strong>Emmano<\/strong> lan\u00e7a, em parceria com <strong>Helio Bentes<\/strong>, vocalista do ic\u00f4nico <strong>Ponto de Equil\u00edbrio<\/strong>, banda com uma longa carreira de sucessos e parcerias com grandes artistas nacionais e internacionais, o novo single \u201cLuzes\u201d, que fica dispon\u00edvel nas plataformas de streaming em 27 de setembro. A m\u00fasica, produzida por <strong>Thiago \u201cJahBass\u201d Alves e com a coprodu\u00e7\u00e3o de Jaime Hinckson<\/strong>, diretor musical e tecladista de <strong>Julian Marley<\/strong> e produtor musical premiado no Grammy, ao lado do filho de Bob Marley e de <strong>Kabaka Pyramid<\/strong>. A faixa conta com a grava\u00e7\u00e3o nos est\u00fadios da Blessed Records, pioneiro na produ\u00e7\u00e3o de Reggae com a tecnologia Dolby Atmos, e a distribui\u00e7\u00e3o da gigante <strong>Symphonic<\/strong>.<\/p>\n\n\n\n<p>Com uma sonoridade envolvente, com toques de hip hop em uma fus\u00e3o com reggae e trap, junto de toda a brasilidade dos artistas, al\u00e9m de um conceito l\u00edrico que conecta o ouvinte ao ambiente urbano, a can\u00e7\u00e3o reflete sobre momentos simples e \u00edntimos, enquanto celebra a viv\u00eancia nas favelas do Rio de Janeiro.<\/p>\n\n\n\n<p>O cantor carioca descreve \u201cLuzes\u201d como um divisor de \u00e1guas em sua carreira. A parceria com Helio j\u00e1 \u00e9 de longa data, o que permitiu uma colabora\u00e7\u00e3o natural e fluida. Helio traz para o projeto, sua experi\u00eancia e paix\u00e3o pelo reggae no single, criando uma mistura \u00fanica de estilos.<\/p>\n\n\n\n<p>&#8220;Luzes \u00e9 um marco na minha carreira musical, onde quebro barreiras r\u00edtmicas do meu trabalho, juntamente com Helio Bentes do Ponto de Equil\u00edbrio, que contribuiu com sua letra, flow e energia.&#8221;&nbsp;<\/p>\n\n\n\n<p>A letra de Luzes se destaca por retratar a beleza das luzes da cidade e da favela, comparadas aos raios de sol. A m\u00fasica tamb\u00e9m aborda momentos \u00edntimos, trazendo uma reflex\u00e3o sobre os ensinamentos familiares que guiam a vida, como a humildade e o amor. Al\u00e9m disso, h\u00e1 uma mensagem de consci\u00eancia e verdade, inspirada pela viv\u00eancia de Emmano nas periferias cariocas.<\/p>\n\n\n\n<p>Com essa proposta, a faixa visa n\u00e3o apenas entreter, mas tamb\u00e9m provocar uma reflex\u00e3o profunda sobre o tempo, a vida e a import\u00e2ncia de valores herdados da fam\u00edlia.<\/p>\n\n\n\n<p><strong>Pr\u00f3ximos passos<\/strong><\/p>\n\n\n\n<p>Emmano j\u00e1 est\u00e1 planejando novos lan\u00e7amentos para o ano de 2025. Em colabora\u00e7\u00e3o com a Blessed Records, o cantor prepara um EP que promete seguir a linha do novo single, mas com uma abordagem renovada e ainda mais influenciada por diferentes g\u00eaneros musicais. A expectativa \u00e9 que esse novo projeto seja um marco de inova\u00e7\u00e3o na carreira do artista.<\/p>\n\n\n\n<p><strong>Sobre Emmano<\/strong><\/p>\n\n\n\n<p>Emmano \u00e9 um cantor e compositor carioca de reggae e MPB, emergente da Vila Kosmos, Rio de Janeiro. Filho do baixista Vagner Beraldo, da banda \u00c1gua de Coco, cresceu em um ambiente musical, o que moldou seu talento desde cedo. Com uma carreira marcada pela versatilidade, j\u00e1 colaborou com nomes importantes da m\u00fasica brasileira, como Helio Bentes (Ponto de Equil\u00edbrio), Bruno Chelles (3030) e Marcelo Mimoso. Seu repert\u00f3rio inclui can\u00e7\u00f5es autorais como &#8220;Minha Flor&#8221; e &#8220;Te Esperar&#8221;, al\u00e9m de releituras de cl\u00e1ssicos da MPB. Emmano \u00e9 conhecido por suas apresenta\u00e7\u00f5es energ\u00e9ticas e sua conex\u00e3o com o p\u00fablico<\/p>\n\n\n\n<p><strong>Sobre Helio Bentes<\/strong><\/p>\n\n\n\n<p>Helio Bentes \u00e9 o vocalista e fundador da banda de reggae Ponto de Equil\u00edbrio, refer\u00eancia no cen\u00e1rio musical brasileiro desde 1999. Com uma voz poderosa e letras que promovem paz, justi\u00e7a social e espiritualidade, ele se tornou um dos principais nomes do reggae nacional. Ao longo de sua carreira, Helio lan\u00e7ou \u00e1lbuns aclamados como <em>Reggae a Vida com Amor<\/em> e <em>Juntos Somos Fortes<\/em>, al\u00e9m de colaborar com artistas como Natiruts, Gilberto Gil e Ivete Sangalo. Com a banda, ele j\u00e1 se apresentou em grandes festivais no Brasil e no exterior. Helio tamb\u00e9m \u00e9 engajado em causas sociais e ambientais, refletindo seu ativismo em sua m\u00fasica.<\/p>\n\n\n\n<p><strong>Sobre Ponto de Equil\u00edbrio<\/strong><\/p>\n\n\n\n<p>Com 24 anos de carreira, Ponto de Equil\u00edbrio \u00e9 uma das mais influentes bandas de reggae do Brasil, formada em 1999 no Rio de Janeiro. Com uma sonoridade que mistura reggae roots e influ\u00eancias brasileiras, a banda \u00e9 conhecida por suas letras que promovem mensagens de paz, justi\u00e7a social e espiritualidade. Entre seus trabalhos mais marcantes est\u00e3o os \u00e1lbuns <em>Reggae a Vida com Amor<\/em> (2004) e <em>Juntos Somos Fortes<\/em> (2010). Ponto de Equil\u00edbrio j\u00e1 dividiu palcos com grandes nomes internacionais do reggae e \u00e9 amplamente reconhecida pela energia de seus shows e seu impacto no cen\u00e1rio musical.<\/p>\n","protected":false},"excerpt":{"rendered":"<p>A nova faixa dos m\u00fasicos chega aos apps em 27 de setembro pela TOV Music e distribui\u00e7\u00e3o da Symphonic, al\u00e9m de contar com a produ\u00e7\u00e3o da Blessed Records. Fa\u00e7a o pre-save: https:\/\/sym.ffm.to\/luzes O cantor Emmano lan\u00e7a, em parceria com Helio Bentes, vocalista do ic\u00f4nico Ponto de Equil\u00edbrio, banda com uma longa carreira de sucessos e [&hellip;]<\/p>\n","protected":false},"author":1,"featured_media":3414,"comment_status":"open","ping_status":"open","sticky":false,"template":"","format":"standard","meta":{"footnotes":""},"categories":[27],"tags":[],"class_list":["post-3410","post","type-post","status-publish","format-standard","has-post-thumbnail","hentry","category-musica"],"_links":{"self":[{"href":"https:\/\/diarioparanaense.com\/index.php?rest_route=\/wp\/v2\/posts\/3410","targetHints":{"allow":["GET"]}}],"collection":[{"href":"https:\/\/diarioparanaense.com\/index.php?rest_route=\/wp\/v2\/posts"}],"about":[{"href":"https:\/\/diarioparanaense.com\/index.php?rest_route=\/wp\/v2\/types\/post"}],"author":[{"embeddable":true,"href":"https:\/\/diarioparanaense.com\/index.php?rest_route=\/wp\/v2\/users\/1"}],"replies":[{"embeddable":true,"href":"https:\/\/diarioparanaense.com\/index.php?rest_route=%2Fwp%2Fv2%2Fcomments&post=3410"}],"version-history":[{"count":1,"href":"https:\/\/diarioparanaense.com\/index.php?rest_route=\/wp\/v2\/posts\/3410\/revisions"}],"predecessor-version":[{"id":3415,"href":"https:\/\/diarioparanaense.com\/index.php?rest_route=\/wp\/v2\/posts\/3410\/revisions\/3415"}],"wp:featuredmedia":[{"embeddable":true,"href":"https:\/\/diarioparanaense.com\/index.php?rest_route=\/wp\/v2\/media\/3414"}],"wp:attachment":[{"href":"https:\/\/diarioparanaense.com\/index.php?rest_route=%2Fwp%2Fv2%2Fmedia&parent=3410"}],"wp:term":[{"taxonomy":"category","embeddable":true,"href":"https:\/\/diarioparanaense.com\/index.php?rest_route=%2Fwp%2Fv2%2Fcategories&post=3410"},{"taxonomy":"post_tag","embeddable":true,"href":"https:\/\/diarioparanaense.com\/index.php?rest_route=%2Fwp%2Fv2%2Ftags&post=3410"}],"curies":[{"name":"wp","href":"https:\/\/api.w.org\/{rel}","templated":true}]}}