{"id":3406,"date":"2024-09-23T16:19:51","date_gmt":"2024-09-23T19:19:51","guid":{"rendered":"https:\/\/diarioparanaense.com\/?p=3406"},"modified":"2024-09-23T16:20:29","modified_gmt":"2024-09-23T19:20:29","slug":"especialista-lanca-livro-sobre-30-desastres-nucleares-no-mundo","status":"publish","type":"post","link":"https:\/\/diarioparanaense.com\/?p=3406","title":{"rendered":"Especialista lan\u00e7a livro sobre 30 desastres nucleares no mundo"},"content":{"rendered":"\n<p class=\"has-medium-font-size\">Obra \u201cAcidentes Radiol\u00f3gicos\u201d, de Paola da Costa Rosa, ser\u00e1 lan\u00e7ada no dia 27 de setembro, na Biblioteca P\u00fablica do Paran\u00e1, pelo Grupo Editorial Appris<\/p>\n\n\n\n<p>Em setembro de 1987, o manuseio indevido de um aparelho de radioterapia abandonado fez o Brasil vivenciar a maior trag\u00e9dia radiol\u00f3gica da hist\u00f3ria mundial fora de uma usina nuclear. O desastre com C\u00e9sio 137, em Goi\u00e2nia, e outros acidentes nucleares inspiraram Paola da Costa Rosa, especialista em Prote\u00e7\u00e3o Radiol\u00f3gica, pela Universidade Tecnol\u00f3gica Federal do Paran\u00e1 (UTFPR), a escrever seu primeiro livro \u201cAcidentes Radiol\u00f3gicos\u201d. Publicada pelo Grupo Editorial Appris, a obra se aprofunda no relato de 30 cat\u00e1strofes ocorridas globalmente, registrados pela Ag\u00eancia Internacional de Energia At\u00f4mica (IAEA). Entre elas est\u00e3o os de Sanli\u2019na \u2013 China (1963), de Setif \u2013 Arg\u00e9lia (1978), de Casablanca \u2013 Marrocos (1984), da Pensylvania \u2013 Estados Unidos (1992), de Meet Halfa \u2013 Egito (2000) e de Byalystok \u2013 Pol\u00f4nia (2001). Aberto ao p\u00fablico, o lan\u00e7amento ser\u00e1 no dia 27 de setembro, a partir das 17h, na Biblioteca P\u00fablica do Paran\u00e1 (Rua C\u00e2ndido Lopes, 133, no Centro de Curitiba).<\/p>\n\n\n\n<p>O livro descreve cada incidente, focando nas causas, falhas operacionais, brechas na seguran\u00e7a e nas consequ\u00eancias imediatas e de longo prazo. Tamb\u00e9m destaca a import\u00e2ncia das regulamenta\u00e7\u00f5es internacionais, da educa\u00e7\u00e3o em radioprote\u00e7\u00e3o e do desenvolvimento de uma cultura de seguran\u00e7a para prevenir futuros eventos. \u201cEu costumo dizer aos meus alunos que os acidentes envolvendo radia\u00e7\u00e3o s\u00e3o semelhantes aos a\u00e9reos. S\u00e3o raros e o uso de radia\u00e7\u00f5es \u00e9 geralmente muito seguro e indispens\u00e1vel. No entanto, quando ocorrem, s\u00e3o extremamente marcantes devido \u00e0 gravidade e \u00e0 intensa cobertura midi\u00e1tica, gerando medo. Cada um deles tem caracter\u00edsticas \u00fanicas, tornando dif\u00edcil prever quando e como um novo acidente pode acontecer, embora muitos compartilhem causas comuns\u201d, conta Paola, que \u00e9 tamb\u00e9m Mestre em Ci\u00eancias, pela UTFPR.<\/p>\n\n\n\n<p>A autora examina os avan\u00e7os ocorridos ap\u00f3s os acidentes, que visam minimizar os riscos de exposi\u00e7\u00e3o radiol\u00f3gica, tanto para os trabalhadores do setor quanto para a popula\u00e7\u00e3o. Com uma abordagem preventiva, esta obra serve tamb\u00e9m como base para um manual de implementa\u00e7\u00e3o de pr\u00e1ticas de seguran\u00e7a mais efetivas, o aprimoramento dos protocolos de resposta a emerg\u00eancias radiol\u00f3gicas e o fomento de uma conscientiza\u00e7\u00e3o mais ampla sobre os riscos associados \u00e0 radia\u00e7\u00e3o. \u201cA partir dos acidentes, o levantamento de dados do porqu\u00ea ocorreram, ou como a pr\u00f3pria IAEA chama, as &#8220;li\u00e7\u00f5es aprendidas&#8221;, acabam servindo de base para apontar as lacunas de radioprote\u00e7\u00e3o e contribuir com a cria\u00e7\u00e3o de novas orienta\u00e7\u00f5es que s\u00e3o posteriormente transformadas em regulamenta\u00e7\u00e3o por parte de cada \u00f3rg\u00e3o competente de cada pa\u00eds\u201d, conta a tecn\u00f3loga em Radiologia.<\/p>\n\n\n\n<p>Este livro \u00e9 uma contribui\u00e7\u00e3o valiosa para o campo da seguran\u00e7a radiol\u00f3gica, oferecendo insights fundamentais para evitar a repeti\u00e7\u00e3o dos erros do passado e garantir um futuro mais seguro no manejo das tecnologias radiol\u00f3gicas. \u201cBusquei simplificar algumas partes para torn\u00e1-lo menos acad\u00eamico, permitindo que n\u00e3o apenas especialistas, mas tamb\u00e9m o p\u00fablico em geral possa aproveitar o conte\u00fado. Espero contribuir para que o leitor compreenda a natureza desses acidentes e perceba que s\u00e3o situa\u00e7\u00f5es espec\u00edficas e raras. Desejo fornecer informa\u00e7\u00f5es que ajudem a identificar not\u00edcias sensacionalistas e alarmistas sobre os riscos reais\u201d, completa Paola.<\/p>\n\n\n\n<p>Sobre a autora: Paola da Costa Rosa \u00e9 Mestre em Ci\u00eancias (Engenharia Biom\u00e9dica\/F\u00edsica M\u00e9dica), especialista de Radioprote\u00e7\u00e3o e Tecn\u00f3loga em Radiologia pela l\u00f3gica, pela Universidade Tecnol\u00f3gica Federal do Paran\u00e1 (UTFPR). \u00c9 tamb\u00e9m professora, divulgadora cient\u00edfica e autora do livro \u201cAcidentes Radiol\u00f3gicos\u201d (Editora Appris).<\/p>\n\n\n\n<p>Sobre a editora: O Grupo Editorial Appris conta com cinco selos editoriais, das mais diversas \u00e1reas t\u00e9cnicas, cient\u00edficas e liter\u00e1rias. Com 14 anos no setor e a experi\u00eancia de seus editores, que atuam h\u00e1 mais de 35 anos no mercado editorial, a Appris possui um cat\u00e1logo com mais de 12 mil obras publicadas e que continua a crescer com uma m\u00e9dia de 70 lan\u00e7amentos&nbsp;por&nbsp;m\u00eas.<\/p>\n","protected":false},"excerpt":{"rendered":"<p>Obra \u201cAcidentes Radiol\u00f3gicos\u201d, de Paola da Costa Rosa, ser\u00e1 lan\u00e7ada no dia 27 de setembro, na Biblioteca P\u00fablica do Paran\u00e1, pelo Grupo Editorial Appris Em setembro de 1987, o manuseio indevido de um aparelho de radioterapia abandonado fez o Brasil vivenciar a maior trag\u00e9dia radiol\u00f3gica da hist\u00f3ria mundial fora de uma usina nuclear. O desastre [&hellip;]<\/p>\n","protected":false},"author":1,"featured_media":3407,"comment_status":"open","ping_status":"open","sticky":false,"template":"","format":"standard","meta":{"footnotes":""},"categories":[142],"tags":[],"class_list":["post-3406","post","type-post","status-publish","format-standard","has-post-thumbnail","hentry","category-literatura"],"_links":{"self":[{"href":"https:\/\/diarioparanaense.com\/index.php?rest_route=\/wp\/v2\/posts\/3406","targetHints":{"allow":["GET"]}}],"collection":[{"href":"https:\/\/diarioparanaense.com\/index.php?rest_route=\/wp\/v2\/posts"}],"about":[{"href":"https:\/\/diarioparanaense.com\/index.php?rest_route=\/wp\/v2\/types\/post"}],"author":[{"embeddable":true,"href":"https:\/\/diarioparanaense.com\/index.php?rest_route=\/wp\/v2\/users\/1"}],"replies":[{"embeddable":true,"href":"https:\/\/diarioparanaense.com\/index.php?rest_route=%2Fwp%2Fv2%2Fcomments&post=3406"}],"version-history":[{"count":1,"href":"https:\/\/diarioparanaense.com\/index.php?rest_route=\/wp\/v2\/posts\/3406\/revisions"}],"predecessor-version":[{"id":3408,"href":"https:\/\/diarioparanaense.com\/index.php?rest_route=\/wp\/v2\/posts\/3406\/revisions\/3408"}],"wp:featuredmedia":[{"embeddable":true,"href":"https:\/\/diarioparanaense.com\/index.php?rest_route=\/wp\/v2\/media\/3407"}],"wp:attachment":[{"href":"https:\/\/diarioparanaense.com\/index.php?rest_route=%2Fwp%2Fv2%2Fmedia&parent=3406"}],"wp:term":[{"taxonomy":"category","embeddable":true,"href":"https:\/\/diarioparanaense.com\/index.php?rest_route=%2Fwp%2Fv2%2Fcategories&post=3406"},{"taxonomy":"post_tag","embeddable":true,"href":"https:\/\/diarioparanaense.com\/index.php?rest_route=%2Fwp%2Fv2%2Ftags&post=3406"}],"curies":[{"name":"wp","href":"https:\/\/api.w.org\/{rel}","templated":true}]}}