{"id":3401,"date":"2024-09-20T10:41:10","date_gmt":"2024-09-20T13:41:10","guid":{"rendered":"https:\/\/diarioparanaense.com\/?p=3401"},"modified":"2024-09-20T10:41:11","modified_gmt":"2024-09-20T13:41:11","slug":"planejamento-com-metodologias-modernas-promove-avanco-na-gestao-publica-do-parana","status":"publish","type":"post","link":"https:\/\/diarioparanaense.com\/?p=3401","title":{"rendered":"Planejamento com metodologias modernas promove avan\u00e7o na gest\u00e3o p\u00fablica do Paran\u00e1"},"content":{"rendered":"\n<p class=\"has-medium-font-size\"><em>Sebrae-PR e Realize Hub coordenam processo in\u00e9dito de planejamento nas secretarias do Governo do Estado<\/em><\/p>\n\n\n\n<p>Servidores das secretarias estaduais do Paran\u00e1 se reuniram na sede do Sebrae-PR para participar de uma das etapas do programa <em>Propuls\u00e3o Paran\u00e1<\/em>. O objetivo \u00e9 implantar um processo de planejamento estruturado e padronizado em todas as secretarias do Governo do Estado, trazendo inova\u00e7\u00e3o e efici\u00eancia \u00e0 gest\u00e3o p\u00fablica.<\/p>\n\n\n\n<p>Coordenado pelo Sebrae em parceria com a Realize Hub, o programa idealizado pela Secretaria de Planejamento e pela SSA Paran\u00e1 Projetos (Servi\u00e7o Social Aut\u00f4nomo) busca alinhar as pr\u00e1ticas de gest\u00e3o com t\u00e9cnicas modernas inicialmente desenvolvidas para o setor privado. As metodologias <em>Design Thinking<\/em>, <em>Agile<\/em>, <em>Kanban<\/em> e <em>Scrum<\/em>, que ganharam fama no universo das empresas de tecnologia, est\u00e3o sendo adaptadas para o governo estadual, em uma a\u00e7\u00e3o pioneira que visa aumentar a efici\u00eancia dos servi\u00e7os p\u00fablicos e otimizar a aplica\u00e7\u00e3o dos recursos.<\/p>\n\n\n\n<p>Segundo Luiz Rolim de Moura, Consultor na Unidade de Competitividade do Sebrae, a etapa de forma\u00e7\u00e3o de mentores \u00e9 fundamental para toda a estrat\u00e9gia do <em>Propuls\u00e3o Paran\u00e1.<\/em> \u201cAl\u00e9m de aumentar a capacidade t\u00e9cnica e facilitar a transfer\u00eancia de tecnologia, essa forma\u00e7\u00e3o garante que o estado disponha de um corpo t\u00e9cnico altamente atualizado, alinhado com as pr\u00e1ticas modernas de gest\u00e3o e planejamento. Isso fortalece as pe\u00e7as or\u00e7ament\u00e1rias e impulsiona o desenvolvimento de projetos\u201d, destaca.<\/p>\n\n\n\n<p>Iniciado em mar\u00e7o de 2024, o programa j\u00e1 apresenta resultados ao estruturar as metas individuais e conjuntas entre as secretarias e valorizar os servidores como protagonistas no processo. O chefe de divis\u00e3o do 3\u00b0 Comando Regional de Bombeiro Militar, Tenente-Coronel Ant\u00f4nio Schinda, ressalta como a mentoria tem colaborado na aplica\u00e7\u00e3o dos planos que j\u00e1 vinham sendo trabalhados na corpora\u00e7\u00e3o.<\/p>\n\n\n\n<p>\u201cEste curso refina as metodologias e acelera a integra\u00e7\u00e3o com as demais secretarias e for\u00e7as de seguran\u00e7a p\u00fablica. \u00c9 uma oportunidade para n\u00f3s, gestores, transmitirmos esse conhecimento aos bombeiros que n\u00e3o puderam participar do evento, contribuindo para o desenvolvimento da corpora\u00e7\u00e3o e tornando-a ainda mais eficiente no atendimento \u00e0 popula\u00e7\u00e3o\u201d, afirma.<\/p>\n\n\n\n<p>A gestora do Departamento de Patrim\u00f4nio da Secretaria de Administra\u00e7\u00e3o e da Previd\u00eancia (SEAP), J\u00e9ssica di Paula, explica que a consultoria est\u00e1 sendo fundamental para que a equipe consiga identificar melhor a vis\u00e3o, miss\u00e3o e valores do \u00f3rg\u00e3o estadual.<\/p>\n\n\n\n<p>\u201cEssa pausa estrat\u00e9gica permite que alinhemos nossas a\u00e7\u00f5es com nossos objetivos e valores, garantindo que cada passo dado tenha prop\u00f3sito. Al\u00e9m disso, nos d\u00e1 clareza sobre o caminho a seguir e nos fortalece para enfrentar os desafios. Sem essa introspec\u00e7\u00e3o, corremos o risco de apenas executar tarefas sem entender seu real impacto. \u00c9 um exerc\u00edcio essencial para o sucesso de qualquer planejamento\u201d, afirma.<\/p>\n\n\n\n<p>A import\u00e2ncia da valoriza\u00e7\u00e3o da cadeia produtiva foi apresentada aos participantes durante a abordagem. Al\u00e9m de fortalecer o papel dos colaboradores e melhorar a efici\u00eancia, pensar na integra\u00e7\u00e3o da equipe em todas as esferas de um processo tamb\u00e9m contribui significativamente para a gera\u00e7\u00e3o de empregos e renda.<\/p>\n\n\n\n<p>\u201c\u00c9 consenso a expectativa dos brasileiros por maior efici\u00eancia na utiliza\u00e7\u00e3o dos recursos p\u00fablicos, e \u00e9 para isso que servem as t\u00e9cnicas de gest\u00e3o, seja ela p\u00fablica ou privada. Todos n\u00f3s queremos que o ambiente onde moramos seja melhor para n\u00f3s, para quem amamos e para toda a sociedade\u201d, destaca Victor Hugo Domingues, fundador da Realize Hub.<\/p>\n\n\n\n<p>Nas etapas anteriores do programa foram trabalhados a defini\u00e7\u00e3o de identidade das institui\u00e7\u00f5es e o desenvolvimento de projetos, treinando mentores e formando n\u00facleos de planejamento setoriais. Na fase atual, est\u00e1 sendo realizada a apresenta\u00e7\u00e3o de <em>pitchts<\/em> estrat\u00e9gicos para 2025 a 2030, levando em considera\u00e7\u00e3o os desafios de mant\u00ea-los durante as mudan\u00e7as de gest\u00e3o.<\/p>\n\n\n\n<p>Na etapa final da mentoria haver\u00e1 a cerim\u00f4nia de forma\u00e7\u00e3o dos gestores, com a presen\u00e7a de autoridades e representantes do governo estadual.<\/p>\n\n\n\n<p><\/p>\n","protected":false},"excerpt":{"rendered":"<p>Sebrae-PR e Realize Hub coordenam processo in\u00e9dito de planejamento nas secretarias do Governo do Estado Servidores das secretarias estaduais do Paran\u00e1 se reuniram na sede do Sebrae-PR para participar de uma das etapas do programa Propuls\u00e3o Paran\u00e1. O objetivo \u00e9 implantar um processo de planejamento estruturado e padronizado em todas as secretarias do Governo do [&hellip;]<\/p>\n","protected":false},"author":1,"featured_media":3402,"comment_status":"open","ping_status":"open","sticky":false,"template":"","format":"standard","meta":{"footnotes":""},"categories":[29],"tags":[],"class_list":["post-3401","post","type-post","status-publish","format-standard","has-post-thumbnail","hentry","category-artigos"],"_links":{"self":[{"href":"https:\/\/diarioparanaense.com\/index.php?rest_route=\/wp\/v2\/posts\/3401","targetHints":{"allow":["GET"]}}],"collection":[{"href":"https:\/\/diarioparanaense.com\/index.php?rest_route=\/wp\/v2\/posts"}],"about":[{"href":"https:\/\/diarioparanaense.com\/index.php?rest_route=\/wp\/v2\/types\/post"}],"author":[{"embeddable":true,"href":"https:\/\/diarioparanaense.com\/index.php?rest_route=\/wp\/v2\/users\/1"}],"replies":[{"embeddable":true,"href":"https:\/\/diarioparanaense.com\/index.php?rest_route=%2Fwp%2Fv2%2Fcomments&post=3401"}],"version-history":[{"count":1,"href":"https:\/\/diarioparanaense.com\/index.php?rest_route=\/wp\/v2\/posts\/3401\/revisions"}],"predecessor-version":[{"id":3403,"href":"https:\/\/diarioparanaense.com\/index.php?rest_route=\/wp\/v2\/posts\/3401\/revisions\/3403"}],"wp:featuredmedia":[{"embeddable":true,"href":"https:\/\/diarioparanaense.com\/index.php?rest_route=\/wp\/v2\/media\/3402"}],"wp:attachment":[{"href":"https:\/\/diarioparanaense.com\/index.php?rest_route=%2Fwp%2Fv2%2Fmedia&parent=3401"}],"wp:term":[{"taxonomy":"category","embeddable":true,"href":"https:\/\/diarioparanaense.com\/index.php?rest_route=%2Fwp%2Fv2%2Fcategories&post=3401"},{"taxonomy":"post_tag","embeddable":true,"href":"https:\/\/diarioparanaense.com\/index.php?rest_route=%2Fwp%2Fv2%2Ftags&post=3401"}],"curies":[{"name":"wp","href":"https:\/\/api.w.org\/{rel}","templated":true}]}}