{"id":3395,"date":"2024-09-19T10:29:11","date_gmt":"2024-09-19T13:29:11","guid":{"rendered":"https:\/\/diarioparanaense.com\/?p=3395"},"modified":"2024-09-19T10:29:12","modified_gmt":"2024-09-19T13:29:12","slug":"habitacon-2024-feira-se-confirma-como-principal-ponto-de-encontro-do-setor-construtivo-e-condominial-no-estado-do-parana","status":"publish","type":"post","link":"https:\/\/diarioparanaense.com\/?p=3395","title":{"rendered":"Habitacon 2024: Feira se confirma como principal ponto de encontro do setor construtivo e condominial no estado do Paran\u00e1."},"content":{"rendered":"\n<p class=\"has-medium-font-size\">Simp\u00f3sio e palestras trazem inova\u00e7\u00e3o e informa\u00e7\u00e3o<\/p>\n\n\n\n<p>A Habitacon 2024, realizada entre os dias 12 e 14 de setembro no Centro de Eventos Positivo, em Curitiba, foi um sucesso absoluto, consolidando-se como um dos principais eventos do setor de constru\u00e7\u00e3o civil e administra\u00e7\u00e3o condominial do Brasil. &#8220;Com diversos expositores e varas regi\u00f5es do Brasil e uma programa\u00e7\u00e3o t\u00e9cnica rica em informa\u00e7\u00e3o e inova\u00e7\u00e3o, a feira destacou novas tecnol\u00f3gicas, em materiais de constru\u00e7\u00e3o, equipamentos, servi\u00e7os sustent\u00e1veis e pr\u00e1ticas que encantaram os visitantes&#8221;, comenta Valdir Bello, organizador do evento.<\/p>\n\n\n\n<p>Um dos diferenciais da Habitacon foi o V Simp\u00f3sio de Administra\u00e7\u00e3o Condominial, que ocorreu de forma integrada \u00e0 feira e trouxe temas relevantes para o setor. Coordenado pela Dra. Patr\u00edcia Pereira Moreno, especialista em gest\u00e3o e administra\u00e7\u00e3o condominial, o simp\u00f3sio abordou temas como; acessibilidade em condom\u00ednios, gest\u00e3o e manuten\u00e7\u00e3o condominial, energias alternativas, e a necessidade de adapta\u00e7\u00e3o. \u201cO evento proporcionou debates sobre a prepara\u00e7\u00e3o dos empreendimentos para utiliza\u00e7\u00e3o de novas energias, refor\u00e7ando a import\u00e2ncia da seguran\u00e7a e da adapta\u00e7\u00e3o nos condom\u00ednios\u201d, destacou a Dra. Patr\u00edcia, que tamb\u00e9m apresentou solu\u00e7\u00f5es preventivas essenciais para construtores, Engenheiros, arquitetos, s\u00edndicos e gestores dos setores abrangentes.<\/p>\n\n\n\n<p>Participantes CWB Energia Solar, atrav\u00e9s do Diretor Leandro Moraes, elogiaram a feira pela sua visibilidade e pelo p\u00fablico qualificado. \u201cA Habitacon traz uma visibilidade muito grande, especialmente por ser uma feira t\u00e3o conhecida na regi\u00e3o. Este ano, trouxemos condi\u00e7\u00f5es exclusivas para financiamento de energia solar e os melhores equipamentos do mercado, oferecendo aos clientes condi\u00e7\u00f5es especiais que n\u00e3o se encontram fora da feira\u201d, comentou Leandro. A participa\u00e7\u00e3o da CWB n\u00e3o s\u00f3 refor\u00e7ou a import\u00e2ncia das energias renov\u00e1veis, mas tamb\u00e9m mostrou que eventos como a Habitacon s\u00e3o essenciais para fortalecer o relacionamento com o p\u00fablico-alvo.<\/p>\n\n\n\n<p>Inova\u00e7\u00f5es em seguran\u00e7a tamb\u00e9m marcaram a Habitacon 2024, com destaque para a Gelox, que apresentou fechaduras eletr\u00f4nicas com reconhecimento facial e reconhecimento das veias da m\u00e3o, in\u00e9ditas no mercado brasileiro. \u201cTrouxemos dois lan\u00e7amentos pioneiros na feira, e o retorno tem sido muito positivo, com \u00f3timas prospec\u00e7\u00f5es de neg\u00f3cios\u201d, afirmou Adriana Gradiz de Moura, representante da Gelox. A introdu\u00e7\u00e3o dessas tecnologias coloca a Gelox na lideran\u00e7a em solu\u00e7\u00f5es de seguran\u00e7a de \u00faltima gera\u00e7\u00e3o.<\/p>\n\n\n\n<p>O compromisso com a sustentabilidade tamb\u00e9m brilhou na feira atrav\u00e9s da Lange Termopl\u00e1sticos, que apresentou bancos feitos inteiramente de materiais reciclados. \u201cNossos bancos s\u00e3o produzidos com polipropileno e polietileno reciclados, e t\u00eam uma durabilidade de 10 a 15 anos. Ao final de sua vida \u00fatil, podem ser reciclados novamente, transformando res\u00edduos em novos produtos\u201d, explicou Gabriel Neuberger, refor\u00e7ando a proposta ecol\u00f3gica da marca.<\/p>\n\n\n\n<p>A Habitacon 2024 superou as expectativas ao reunir inova\u00e7\u00f5es no setor de material de constru\u00e7\u00e3o, tecnologias, servi\u00e7os, seguran\u00e7a e efici\u00eancia, impactando diretamente a forma como empresas e profissionais do setor enxergam o futuro da constru\u00e7\u00e3o civil e da administra\u00e7\u00e3o condominial. Com um ambiente repleto de oportunidades de networking, neg\u00f3cios e troca de conhecimento, a feira reafirma sua posi\u00e7\u00e3o no calend\u00e1rio nacional de eventos e se consolida como o principal ponto de encontro para gera\u00e7\u00e3o e realiza\u00e7\u00e3o de neg\u00f3cios no setor construtivo e condominial no estado do Paran\u00e1 e j\u00e1 gera expectativas para a pr\u00f3xima edi\u00e7\u00e3o que ser\u00e1 realizada em outubro de 2025.<\/p>\n\n\n\n<p>A HABITACON 2024 tem o Patroc\u00ednio da Enel Trading Brasil e CWB Energia, e o apoio de realiza\u00e7\u00e3o do GRUPO SSPRO, \u00caxito Global, M\u00e3ozinha Verde CREA PR e AECIC.<\/p>\n\n\n\n<p><strong>Servi\u00e7o: HABITACON 2024<br>Informa\u00e7\u00f5es<\/strong>:<br><strong>Fone<\/strong>: (41)3203-1189 \u2013 Cel \/ Whats: (41) 9 9546-0416<br><strong>E-mail<\/strong>: montebello@montebelloeventos.com.br<br><strong>Site Oficial<\/strong>: <a href=\"http:\/\/www.FEIRAHABITACON.com.br\">www.FEIRAHABITACON.com.br<\/a><\/p>\n","protected":false},"excerpt":{"rendered":"<p>Simp\u00f3sio e palestras trazem inova\u00e7\u00e3o e informa\u00e7\u00e3o A Habitacon 2024, realizada entre os dias 12 e 14 de setembro no Centro de Eventos Positivo, em Curitiba, foi um sucesso absoluto, consolidando-se como um dos principais eventos do setor de constru\u00e7\u00e3o civil e administra\u00e7\u00e3o condominial do Brasil. &#8220;Com diversos expositores e varas regi\u00f5es do Brasil e [&hellip;]<\/p>\n","protected":false},"author":1,"featured_media":3396,"comment_status":"open","ping_status":"open","sticky":false,"template":"","format":"standard","meta":{"footnotes":""},"categories":[324],"tags":[],"class_list":["post-3395","post","type-post","status-publish","format-standard","has-post-thumbnail","hentry","category-negocios"],"_links":{"self":[{"href":"https:\/\/diarioparanaense.com\/index.php?rest_route=\/wp\/v2\/posts\/3395","targetHints":{"allow":["GET"]}}],"collection":[{"href":"https:\/\/diarioparanaense.com\/index.php?rest_route=\/wp\/v2\/posts"}],"about":[{"href":"https:\/\/diarioparanaense.com\/index.php?rest_route=\/wp\/v2\/types\/post"}],"author":[{"embeddable":true,"href":"https:\/\/diarioparanaense.com\/index.php?rest_route=\/wp\/v2\/users\/1"}],"replies":[{"embeddable":true,"href":"https:\/\/diarioparanaense.com\/index.php?rest_route=%2Fwp%2Fv2%2Fcomments&post=3395"}],"version-history":[{"count":1,"href":"https:\/\/diarioparanaense.com\/index.php?rest_route=\/wp\/v2\/posts\/3395\/revisions"}],"predecessor-version":[{"id":3397,"href":"https:\/\/diarioparanaense.com\/index.php?rest_route=\/wp\/v2\/posts\/3395\/revisions\/3397"}],"wp:featuredmedia":[{"embeddable":true,"href":"https:\/\/diarioparanaense.com\/index.php?rest_route=\/wp\/v2\/media\/3396"}],"wp:attachment":[{"href":"https:\/\/diarioparanaense.com\/index.php?rest_route=%2Fwp%2Fv2%2Fmedia&parent=3395"}],"wp:term":[{"taxonomy":"category","embeddable":true,"href":"https:\/\/diarioparanaense.com\/index.php?rest_route=%2Fwp%2Fv2%2Fcategories&post=3395"},{"taxonomy":"post_tag","embeddable":true,"href":"https:\/\/diarioparanaense.com\/index.php?rest_route=%2Fwp%2Fv2%2Ftags&post=3395"}],"curies":[{"name":"wp","href":"https:\/\/api.w.org\/{rel}","templated":true}]}}