{"id":3390,"date":"2024-09-17T16:53:53","date_gmt":"2024-09-17T19:53:53","guid":{"rendered":"https:\/\/diarioparanaense.com\/?p=3390"},"modified":"2024-09-17T16:53:53","modified_gmt":"2024-09-17T19:53:53","slug":"alper-seguros-anuncia-mudanca-de-escritorio-em-curitiba-e-reforca-projeto-de-expansao-na-regiao","status":"publish","type":"post","link":"https:\/\/diarioparanaense.com\/?p=3390","title":{"rendered":"Alper Seguros anuncia mudan\u00e7a de escrit\u00f3rio em Curitiba e refor\u00e7a projeto de expans\u00e3o na regi\u00e3o"},"content":{"rendered":"\n<p class=\"has-medium-font-size\"><em>Crescimento de 30% no primeiro semestre de 2024\u00a0e plano de estar entre as 3 maiores corretoras da regi\u00e3o impulsionam a expans\u00e3o da Alper Seguros em Curitiba<\/em><\/p>\n\n\n\n<p>A Alper Seguros, uma das maiores corretoras de seguros do Brasil, est\u00e1 de casa nova em Curitiba. A mudan\u00e7a de escrit\u00f3rio faz parte da estrat\u00e9gia de crescimento da empresa na regi\u00e3o Sul do pa\u00eds e ser\u00e1 celebrada em um evento nesta quarta-feira, dia 18. O novo escrit\u00f3rio est\u00e1 situado em um dos mais prestigiados pr\u00e9dios corporativos da cidade, na Rua Heitor Stockler de Fran\u00e7a, 396, Centro C\u00edvico, Curitiba, garantindo grande visibilidade \u00e0 marca.<br>&nbsp;<\/p>\n\n\n\n<p>Com um total de 7 mil clientes em Curitiba, a filial da Alper apresentou um crescimento not\u00e1vel de 30% no primeiro semestre de 2024, em compara\u00e7\u00e3o com o mesmo per\u00edodo do ano anterior. Esse aumento significativo foi impulsionado principalmente pela carteira de Transportes. Atuando na cidade, a Alper se destaca especialmente nos setores educacional e de ind\u00fastria mec\u00e2nica, refletindo a diversidade econ\u00f4mica local.<br>&nbsp;<\/p>\n\n\n\n<p>A pra\u00e7a de Curitiba \u00e9 considerada estrat\u00e9gica para a Alper por ser a maior cidade do sul do Brasil em termos econ\u00f4micos, abrigando empresas de grande porte como Bosch, Renault, Volvo, Case New Holland, Grupo Positivo e EBANX, entre outras. Al\u00e9m disso, a Cidade Industrial de Curitiba (CIC) \u00e9 um importante p\u00f3lo de desenvolvimento regional, onde est\u00e3o localizadas v\u00e1rias ind\u00fastrias de relev\u00e2ncia nacional e internacional.<br>&nbsp;<\/p>\n\n\n\n<p>\u201cNosso novo escrit\u00f3rio reflete a import\u00e2ncia que Curitiba tem para o nosso projeto de expans\u00e3o. Nosso escrit\u00f3rio est\u00e1 preparado para receber clientes. Estamos em um local estrat\u00e9gico que amplia nossa visibilidade e fortalece nossa marca na regi\u00e3o\u201d, afirma Paulo Grillo, diretor da filial Curitiba, da Alper.<br>&nbsp;<\/p>\n\n\n\n<p>A Alper Seguros j\u00e1 conta com uma equipe completa na filial de Curitiba para atender \u00e0s diversas demandas do mercado local. &#8220;O time inclui especialistas em Transportes, Benef\u00edcios e Riscos Corporativos, al\u00e9m de um gerente de relacionamento, garantindo um atendimento personalizado para os clientes da regi\u00e3o&#8221;, complementa Grillo.<br>&nbsp;<\/p>\n\n\n\n<p>Com a mudan\u00e7a e o fortalecimento da opera\u00e7\u00e3o em Curitiba, a Alper Seguros tra\u00e7ou um plano ambicioso: se consolidar entre as 3 maiores corretoras do mercado paranaense, marcando sua posi\u00e7\u00e3o como refer\u00eancia em solu\u00e7\u00f5es de seguros e gest\u00e3o de riscos.<br>&nbsp;<\/p>\n\n\n\n<p>Para saber mais sobre a Alper Seguros, acesse&nbsp;<a href=\"https:\/\/www.alperseguros.com.br\/\" target=\"_blank\" rel=\"noreferrer noopener\">Link<\/a><br>&nbsp;<\/p>\n\n\n\n<p><strong>Sobre a Alper Seguros<\/strong><\/p>\n\n\n\n<p>Fundada em 2010, a Alper Consultoria e Corretora de Seguros S.A. \u00e9 uma empresa especializada em gest\u00e3o de seguros corporativos, benef\u00edcios, massificados, seguro auto e transporte, com atua\u00e7\u00e3o em todo pa\u00eds, nos mais diversos segmentos, pautados pela inova\u00e7\u00e3o e tecnologia em busca de otimiza\u00e7\u00e3o e transpar\u00eancia aos processos. Com mais de 1000 funcion\u00e1rios e 23 escrit\u00f3rios pelo pa\u00eds, ao todo s\u00e3o 19 empresas adquiridas sob a atual gest\u00e3o.<\/p>\n","protected":false},"excerpt":{"rendered":"<p>Crescimento de 30% no primeiro semestre de 2024\u00a0e plano de estar entre as 3 maiores corretoras da regi\u00e3o impulsionam a expans\u00e3o da Alper Seguros em Curitiba A Alper Seguros, uma das maiores corretoras de seguros do Brasil, est\u00e1 de casa nova em Curitiba. A mudan\u00e7a de escrit\u00f3rio faz parte da estrat\u00e9gia de crescimento da empresa [&hellip;]<\/p>\n","protected":false},"author":1,"featured_media":3391,"comment_status":"open","ping_status":"open","sticky":false,"template":"","format":"standard","meta":{"footnotes":""},"categories":[324],"tags":[],"class_list":["post-3390","post","type-post","status-publish","format-standard","has-post-thumbnail","hentry","category-negocios"],"_links":{"self":[{"href":"https:\/\/diarioparanaense.com\/index.php?rest_route=\/wp\/v2\/posts\/3390","targetHints":{"allow":["GET"]}}],"collection":[{"href":"https:\/\/diarioparanaense.com\/index.php?rest_route=\/wp\/v2\/posts"}],"about":[{"href":"https:\/\/diarioparanaense.com\/index.php?rest_route=\/wp\/v2\/types\/post"}],"author":[{"embeddable":true,"href":"https:\/\/diarioparanaense.com\/index.php?rest_route=\/wp\/v2\/users\/1"}],"replies":[{"embeddable":true,"href":"https:\/\/diarioparanaense.com\/index.php?rest_route=%2Fwp%2Fv2%2Fcomments&post=3390"}],"version-history":[{"count":1,"href":"https:\/\/diarioparanaense.com\/index.php?rest_route=\/wp\/v2\/posts\/3390\/revisions"}],"predecessor-version":[{"id":3392,"href":"https:\/\/diarioparanaense.com\/index.php?rest_route=\/wp\/v2\/posts\/3390\/revisions\/3392"}],"wp:featuredmedia":[{"embeddable":true,"href":"https:\/\/diarioparanaense.com\/index.php?rest_route=\/wp\/v2\/media\/3391"}],"wp:attachment":[{"href":"https:\/\/diarioparanaense.com\/index.php?rest_route=%2Fwp%2Fv2%2Fmedia&parent=3390"}],"wp:term":[{"taxonomy":"category","embeddable":true,"href":"https:\/\/diarioparanaense.com\/index.php?rest_route=%2Fwp%2Fv2%2Fcategories&post=3390"},{"taxonomy":"post_tag","embeddable":true,"href":"https:\/\/diarioparanaense.com\/index.php?rest_route=%2Fwp%2Fv2%2Ftags&post=3390"}],"curies":[{"name":"wp","href":"https:\/\/api.w.org\/{rel}","templated":true}]}}