{"id":3386,"date":"2024-09-16T17:00:35","date_gmt":"2024-09-16T20:00:35","guid":{"rendered":"https:\/\/diarioparanaense.com\/?p=3386"},"modified":"2024-09-16T17:00:35","modified_gmt":"2024-09-16T20:00:35","slug":"a-vida-merece-ser-vivida-viv-inicia-campanha-do-setembro-amarelo-enfatizando-a-importancia-do-cuidado-multidisciplinar","status":"publish","type":"post","link":"https:\/\/diarioparanaense.com\/?p=3386","title":{"rendered":"\u201cA vida merece ser vivida\u201d: ViV inicia campanha do Setembro Amarelo enfatizando a import\u00e2ncia do cuidado multidisciplinar"},"content":{"rendered":"\n<p>O m\u00eas de setembro ficou marcado por dar visibilidade \u00e0s quest\u00f5es ligadas \u00e0 sa\u00fade mental. \u00c9 nesse per\u00edodo que se inicia o \u201cSetembro Amarelo\u201d, uma campanha de conscientiza\u00e7\u00e3o e preven\u00e7\u00e3o ao suic\u00eddio que, desde 2015 no Brasil, visa quebrar tabus, reduzir estigmas e estimular que as pessoas procurem e ofere\u00e7am ajuda.<\/p>\n\n\n\n<p>Segundo estudo realizado pela Unicamp, 17% dos brasileiros, em algum momento, pensaram seriamente em dar um fim \u00e0 pr\u00f3pria vida e, desses, 4,8% chegaram a elaborar um plano para isso.<\/p>\n\n\n\n<p>Na vanguarda dessa luta, a ViV Sa\u00fade Mental e Emocional, o maior grupo de sa\u00fade mental do Brasil e que cuida do paciente desde a consulta ambulatorial at\u00e9 a interna\u00e7\u00e3o integral, destaca a necessidade de ir al\u00e9m do atendimento m\u00e9dico tradicional. \u00c9 preciso buscar uma abordagem abrangente e colaborativa para tratamento e diagn\u00f3stico de dist\u00farbios mentais.<\/p>\n\n\n\n<p>O atendimento multidisciplinar, que envolve a sinergia entre profissionais de diferentes \u00e1reas, como psic\u00f3logos, psiquiatras, assistentes sociais, terapeutas ocupacionais e enfermeiros, promove um cuidado integral e personalizado que permite ajustes constantes no tratamento, adaptando-o conforme as necessidades que v\u00e3o surgindo.<\/p>\n\n\n\n<p>Nesse contexto, o autocuidado tamb\u00e9m ocupa um papel fundamental. Dar valor aos prazeres da vida como passear com seu cachorro, ir ao cinema, \u00e0 praia ou at\u00e9 mesmo fazer um curso de pintura, pode ajudar os n\u00edveis de estresse e ansiedade.<\/p>\n\n\n\n<p>&#8220;O m\u00eas do setembro visa conscientizar a sociedade sobre os fatores de risco, sinais de alerta e formas de ajudar aqueles que est\u00e3o em sofrimento. Temos dados da Associa\u00e7\u00e3o Brasileira de Psiquiatria que 96,8% dos casos de suic\u00eddio est\u00e3o associados a transtornos mentais, como depress\u00e3o e transtorno bipolar.<\/p>\n\n\n\n<p>Portanto, compreender esses fatores e oferecer suporte adequado \u00e9 crucial para prevenir desfechos fatais\u201d, ressalta Guilherme Gois, Diretor Assistencial da CADMO do Grupo ViV Sa\u00fade Mental e Emocional.<\/p>\n\n\n\n<p class=\"has-medium-font-size\">Sobre a ViV Sa\u00fade Mental e Emocional<\/p>\n\n\n\n<p>A ViV Sa\u00fade Mental e Emocional \u00e9 o maior grupo de sa\u00fade mental do Brasil, que oferece tratamento da baixa \u00e0 alta complexidade e, cuidados personalizados com o prop\u00f3sito de melhorar a qualidade de vida de seus pacientes.<\/p>\n\n\n\n<p>Presente em cinco estados do pa\u00eds (Rio de Janeiro, Minas Gerais, Santa Catarina, Paran\u00e1 e Esp\u00edrito Santo) e com cinco institui\u00e7\u00f5es (Cl\u00ednica da G\u00e1vea, Instituto S\u00e3o Jos\u00e9, Vila Verde, Cadmo e Green House), a miss\u00e3o da ViV \u00e9 elevar a vida ao seu melhor e integrar os lados f\u00edsico, mental e social de cada paciente, com uma abordagem baseada no equil\u00edbrio entre o cient\u00edfico e a sensibilidade humana. Busca ser reconhecida como uma rede de excel\u00eancia assistencial para sa\u00fade mental e emocional, contribuindo para redu\u00e7\u00e3o do estigma&nbsp;no&nbsp;Brasil.<\/p>\n","protected":false},"excerpt":{"rendered":"<p>O m\u00eas de setembro ficou marcado por dar visibilidade \u00e0s quest\u00f5es ligadas \u00e0 sa\u00fade mental. \u00c9 nesse per\u00edodo que se inicia o \u201cSetembro Amarelo\u201d, uma campanha de conscientiza\u00e7\u00e3o e preven\u00e7\u00e3o ao suic\u00eddio que, desde 2015 no Brasil, visa quebrar tabus, reduzir estigmas e estimular que as pessoas procurem e ofere\u00e7am ajuda. Segundo estudo realizado pela [&hellip;]<\/p>\n","protected":false},"author":1,"featured_media":3387,"comment_status":"open","ping_status":"open","sticky":false,"template":"","format":"standard","meta":{"footnotes":""},"categories":[29],"tags":[],"class_list":["post-3386","post","type-post","status-publish","format-standard","has-post-thumbnail","hentry","category-artigos"],"_links":{"self":[{"href":"https:\/\/diarioparanaense.com\/index.php?rest_route=\/wp\/v2\/posts\/3386","targetHints":{"allow":["GET"]}}],"collection":[{"href":"https:\/\/diarioparanaense.com\/index.php?rest_route=\/wp\/v2\/posts"}],"about":[{"href":"https:\/\/diarioparanaense.com\/index.php?rest_route=\/wp\/v2\/types\/post"}],"author":[{"embeddable":true,"href":"https:\/\/diarioparanaense.com\/index.php?rest_route=\/wp\/v2\/users\/1"}],"replies":[{"embeddable":true,"href":"https:\/\/diarioparanaense.com\/index.php?rest_route=%2Fwp%2Fv2%2Fcomments&post=3386"}],"version-history":[{"count":1,"href":"https:\/\/diarioparanaense.com\/index.php?rest_route=\/wp\/v2\/posts\/3386\/revisions"}],"predecessor-version":[{"id":3388,"href":"https:\/\/diarioparanaense.com\/index.php?rest_route=\/wp\/v2\/posts\/3386\/revisions\/3388"}],"wp:featuredmedia":[{"embeddable":true,"href":"https:\/\/diarioparanaense.com\/index.php?rest_route=\/wp\/v2\/media\/3387"}],"wp:attachment":[{"href":"https:\/\/diarioparanaense.com\/index.php?rest_route=%2Fwp%2Fv2%2Fmedia&parent=3386"}],"wp:term":[{"taxonomy":"category","embeddable":true,"href":"https:\/\/diarioparanaense.com\/index.php?rest_route=%2Fwp%2Fv2%2Fcategories&post=3386"},{"taxonomy":"post_tag","embeddable":true,"href":"https:\/\/diarioparanaense.com\/index.php?rest_route=%2Fwp%2Fv2%2Ftags&post=3386"}],"curies":[{"name":"wp","href":"https:\/\/api.w.org\/{rel}","templated":true}]}}