{"id":3381,"date":"2024-09-16T16:58:00","date_gmt":"2024-09-16T19:58:00","guid":{"rendered":"https:\/\/diarioparanaense.com\/?p=3381"},"modified":"2024-09-16T16:58:00","modified_gmt":"2024-09-16T19:58:00","slug":"saiba-como-prevenir-e-controlar-as-crises-de-alergia-da-primavera","status":"publish","type":"post","link":"https:\/\/diarioparanaense.com\/?p=3381","title":{"rendered":"Saiba como prevenir e controlar as crises de alergia da primavera"},"content":{"rendered":"\n<p class=\"has-medium-font-size\">Medicamentos e estrat\u00e9gias para evitar ou reduzir o contato com o p\u00f3len est\u00e3o entre as medidas, segundo as orienta\u00e7\u00f5es da otorrinolaringologista do Hospital S\u00e3o Vicente<\/p>\n\n\n\n<p>Nem tudo s\u00e3o flores, em especial para quem sofre com alergias respirat\u00f3rias durante a primavera. A esta\u00e7\u00e3o, que tem in\u00edcio no pr\u00f3ximo dia 22 de setembro, \u00e9 marcada pela intensa poliniza\u00e7\u00e3o de algumas plantas. E as part\u00edculas de p\u00f3len que ficam suspensas no ar podem causar as crises. A boa not\u00edcia \u00e9 que \u00e9 poss\u00edvel tomar algumas medidas de preven\u00e7\u00e3o desde j\u00e1.<\/p>\n\n\n\n<p>De acordo com a otorrinolaringologista Mariele Lovato, especialista em alergias respirat\u00f3rias e parte do corpo cl\u00ednico do Hospital S\u00e3o Vicente, em Curitiba, o contato da subst\u00e2ncia com as mucosas &#8211; do nariz, garganta e dos olhos &#8211; \u00e9 que vai causar as rea\u00e7\u00f5es al\u00e9rgicas. Congest\u00e3o nasal, irrita\u00e7\u00e3o e coceira est\u00e3o entre as consequ\u00eancias.<\/p>\n\n\n\n<p>O ideal \u00e9 que a preven\u00e7\u00e3o aconte\u00e7a entre a metade de agosto e estas semanas que antecedem a primavera, lembra Mariele. \u201cO mais importante \u00e9 trabalhar para fortalecer a imunidade\u201d, salienta. O que pode ser feito com o uso de medicamentos e da imunoterapia.<\/p>\n\n\n\n<p class=\"has-medium-font-size\">Preven\u00e7\u00e3o com medicamentos<\/p>\n\n\n\n<p>Para n\u00e3o desenvolver o quadro &#8211; ou amenizar os problemas &#8211; explica a m\u00e9dica, a \u00fanica maneira \u00e9 come\u00e7ar um tratamento antes que aconte\u00e7a o desenvolvimento da alergia. \u201cEsse tratamento \u00e9 medicamentoso e vai depender do tipo de alergia que a pessoa costuma apresentar. Por isso, \u00e9 fundamental que seja feito com orienta\u00e7\u00e3o m\u00e9dica\u201d, alerta.<\/p>\n\n\n\n<p>Al\u00e9m dos medicamentos, Meriele indica imunoterapia para rinite al\u00e9rgica, ou vacina antial\u00e9rgica, que tamb\u00e9m funciona muito bem na preven\u00e7\u00e3o de alergias relacionadas ao p\u00f3len. \u201cEla pode controlar bem a doen\u00e7a e favorecer a qualidade de vida\u201d, diz.<\/p>\n\n\n\n<p class=\"has-medium-font-size\">Cuidados com o ambiente<\/p>\n\n\n\n<p>As outras orienta\u00e7\u00f5es da otorrinolaringologista t\u00eam a ver com evitar ao m\u00e1ximo o contato com o agente causador das alergias. Em casa, ela recomenda que se deixe as janelas fechadas no in\u00edcio da manh\u00e3 e no final da tarde, quando a quantidade de p\u00f3len dispersa no ar \u00e9 maior.<\/p>\n\n\n\n<p>Um cobre-leito na cama tamb\u00e9m vai evitar que o p\u00f3len se deposite no travesseiro, causando crises na hora de dormir. Ao fazer a limpeza, ao inv\u00e9s de varrer, o ideal \u00e9 usar um pano molhado para tirar o que pode entrar pela janela e n\u00e3o o deixar suspenso no ar dentro de casa.<\/p>\n\n\n\n<p class=\"has-medium-font-size\">Cuidados com o corpo<\/p>\n\n\n\n<p>A quantidade das subst\u00e2ncias presentes no ar tamb\u00e9m deve ser observada por quem gosta de praticar atividades ao ar livre, como corridas e caminhadas em parques, por exemplo. \u201cCaso o ar esteja com muita concentra\u00e7\u00e3o de p\u00f3len, conv\u00e9m buscar outro hor\u00e1rio ou uma atividade indoor. Mas nunca deixar de fazer atividade f\u00edsica, porque o exerc\u00edcio favorece a imunidade e ajuda a combater as crises al\u00e9rgicas\u201d, refor\u00e7a.<\/p>\n\n\n\n<p>O soro fisiol\u00f3gico e a lavagem nasal di\u00e1ria s\u00e3o mais dois aliados de quem sofre com as crises al\u00e9rgicas. Ao fazer a higieniza\u00e7\u00e3o, reduz-se o tempo de contato da mucosa com o p\u00f3len.<\/p>\n\n\n\n<p class=\"has-medium-font-size\">Para remediar<\/p>\n\n\n\n<p>Mariele lembra que a alergia ao p\u00f3len \u00e9 mais intensa e \u201cderruba\u201d mais do que a alergia a poeira e \u00e1caros. Os sintomas, conta, s\u00e3o muito parecidos com os de um resfriado leve e raramente ser\u00e3o aliviados por medicamentos antial\u00e9rgicos que podem ser comprados sem receita. \u201cPor isso, na doen\u00e7a aguda, se a crise vier, \u00e9 important\u00edssimo procurar ajuda m\u00e9dica\u201d,&nbsp;finaliza.<\/p>\n","protected":false},"excerpt":{"rendered":"<p>Medicamentos e estrat\u00e9gias para evitar ou reduzir o contato com o p\u00f3len est\u00e3o entre as medidas, segundo as orienta\u00e7\u00f5es da otorrinolaringologista do Hospital S\u00e3o Vicente Nem tudo s\u00e3o flores, em especial para quem sofre com alergias respirat\u00f3rias durante a primavera. A esta\u00e7\u00e3o, que tem in\u00edcio no pr\u00f3ximo dia 22 de setembro, \u00e9 marcada pela intensa [&hellip;]<\/p>\n","protected":false},"author":1,"featured_media":3382,"comment_status":"open","ping_status":"open","sticky":false,"template":"","format":"standard","meta":{"footnotes":""},"categories":[164],"tags":[],"class_list":["post-3381","post","type-post","status-publish","format-standard","has-post-thumbnail","hentry","category-saude-2"],"_links":{"self":[{"href":"https:\/\/diarioparanaense.com\/index.php?rest_route=\/wp\/v2\/posts\/3381","targetHints":{"allow":["GET"]}}],"collection":[{"href":"https:\/\/diarioparanaense.com\/index.php?rest_route=\/wp\/v2\/posts"}],"about":[{"href":"https:\/\/diarioparanaense.com\/index.php?rest_route=\/wp\/v2\/types\/post"}],"author":[{"embeddable":true,"href":"https:\/\/diarioparanaense.com\/index.php?rest_route=\/wp\/v2\/users\/1"}],"replies":[{"embeddable":true,"href":"https:\/\/diarioparanaense.com\/index.php?rest_route=%2Fwp%2Fv2%2Fcomments&post=3381"}],"version-history":[{"count":1,"href":"https:\/\/diarioparanaense.com\/index.php?rest_route=\/wp\/v2\/posts\/3381\/revisions"}],"predecessor-version":[{"id":3383,"href":"https:\/\/diarioparanaense.com\/index.php?rest_route=\/wp\/v2\/posts\/3381\/revisions\/3383"}],"wp:featuredmedia":[{"embeddable":true,"href":"https:\/\/diarioparanaense.com\/index.php?rest_route=\/wp\/v2\/media\/3382"}],"wp:attachment":[{"href":"https:\/\/diarioparanaense.com\/index.php?rest_route=%2Fwp%2Fv2%2Fmedia&parent=3381"}],"wp:term":[{"taxonomy":"category","embeddable":true,"href":"https:\/\/diarioparanaense.com\/index.php?rest_route=%2Fwp%2Fv2%2Fcategories&post=3381"},{"taxonomy":"post_tag","embeddable":true,"href":"https:\/\/diarioparanaense.com\/index.php?rest_route=%2Fwp%2Fv2%2Ftags&post=3381"}],"curies":[{"name":"wp","href":"https:\/\/api.w.org\/{rel}","templated":true}]}}