{"id":3375,"date":"2024-09-16T13:53:47","date_gmt":"2024-09-16T16:53:47","guid":{"rendered":"https:\/\/diarioparanaense.com\/?p=3375"},"modified":"2024-09-16T13:54:23","modified_gmt":"2024-09-16T16:54:23","slug":"jantar-concerto-de-primavera-marca-o-primeiro-ano-de-revitalizacao-da-sede-concordia","status":"publish","type":"post","link":"https:\/\/diarioparanaense.com\/?p=3375","title":{"rendered":"Jantar Concerto de Primavera marca o primeiro ano de revitaliza\u00e7\u00e3o da Sede Conc\u00f3rdia"},"content":{"rendered":"\n<p class=\"has-medium-font-size\">Segunda edi\u00e7\u00e3o do evento refor\u00e7a o compromisso do Clube Curitibano com a cultura e os grandes espet\u00e1culos<\/p>\n\n\n\n<p>Na \u00faltima quinta-feira, 12 de setembro, o Clube Curitibano realizou a segunda edi\u00e7\u00e3o do Jantar Concerto de Primavera, na Sede Conc\u00f3rdia. O evento contou com a apresenta\u00e7\u00e3o do Coro Ottava Bassa e um jantar \u00e0 inglesa, proporcionando uma noite dedicada \u00e0 m\u00fasica e \u00e0 gastronomia.<\/p>\n\n\n\n<p>O presidente do Clube, Paulo Roberto Oliveira, destacou a import\u00e2ncia da Sede Conc\u00f3rdia, que foi reinaugurada h\u00e1 um ano, durante sua gest\u00e3o. &#8220;A reinaugura\u00e7\u00e3o foi um marco de grande relev\u00e2ncia. Esse espa\u00e7o recuperou seu esplendor e voltou a ser palco de grandes espet\u00e1culos e eventos culturais. A segunda edi\u00e7\u00e3o do Jantar Concerto de Primavera refor\u00e7a nosso compromisso em oferecer experi\u00eancias culturais de alta qualidade e de preservar o patrim\u00f4nio hist\u00f3rico da cidade&#8221;, afirmou.<\/p>\n\n\n\n<p>De acordo com o presidente, o Clube Curitibano busca fortalecer a liga\u00e7\u00e3o entre o Clube e a produ\u00e7\u00e3o cultural local. &#8220;A cultura \u00e9 um pilar fundamental. Queremos proporcionar mais do que entretenimento; nossa miss\u00e3o \u00e9 criar oportunidades de reflex\u00e3o e de aprecia\u00e7\u00e3o da arte em todas as suas formas&#8221;,&nbsp;acrescentou.<\/p>\n","protected":false},"excerpt":{"rendered":"<p>Segunda edi\u00e7\u00e3o do evento refor\u00e7a o compromisso do Clube Curitibano com a cultura e os grandes espet\u00e1culos Na \u00faltima quinta-feira, 12 de setembro, o Clube Curitibano realizou a segunda edi\u00e7\u00e3o do Jantar Concerto de Primavera, na Sede Conc\u00f3rdia. O evento contou com a apresenta\u00e7\u00e3o do Coro Ottava Bassa e um jantar \u00e0 inglesa, proporcionando uma [&hellip;]<\/p>\n","protected":false},"author":1,"featured_media":3376,"comment_status":"open","ping_status":"open","sticky":false,"template":"","format":"standard","meta":{"footnotes":""},"categories":[186],"tags":[],"class_list":["post-3375","post","type-post","status-publish","format-standard","has-post-thumbnail","hentry","category-eventos"],"_links":{"self":[{"href":"https:\/\/diarioparanaense.com\/index.php?rest_route=\/wp\/v2\/posts\/3375","targetHints":{"allow":["GET"]}}],"collection":[{"href":"https:\/\/diarioparanaense.com\/index.php?rest_route=\/wp\/v2\/posts"}],"about":[{"href":"https:\/\/diarioparanaense.com\/index.php?rest_route=\/wp\/v2\/types\/post"}],"author":[{"embeddable":true,"href":"https:\/\/diarioparanaense.com\/index.php?rest_route=\/wp\/v2\/users\/1"}],"replies":[{"embeddable":true,"href":"https:\/\/diarioparanaense.com\/index.php?rest_route=%2Fwp%2Fv2%2Fcomments&post=3375"}],"version-history":[{"count":1,"href":"https:\/\/diarioparanaense.com\/index.php?rest_route=\/wp\/v2\/posts\/3375\/revisions"}],"predecessor-version":[{"id":3377,"href":"https:\/\/diarioparanaense.com\/index.php?rest_route=\/wp\/v2\/posts\/3375\/revisions\/3377"}],"wp:featuredmedia":[{"embeddable":true,"href":"https:\/\/diarioparanaense.com\/index.php?rest_route=\/wp\/v2\/media\/3376"}],"wp:attachment":[{"href":"https:\/\/diarioparanaense.com\/index.php?rest_route=%2Fwp%2Fv2%2Fmedia&parent=3375"}],"wp:term":[{"taxonomy":"category","embeddable":true,"href":"https:\/\/diarioparanaense.com\/index.php?rest_route=%2Fwp%2Fv2%2Fcategories&post=3375"},{"taxonomy":"post_tag","embeddable":true,"href":"https:\/\/diarioparanaense.com\/index.php?rest_route=%2Fwp%2Fv2%2Ftags&post=3375"}],"curies":[{"name":"wp","href":"https:\/\/api.w.org\/{rel}","templated":true}]}}