{"id":3369,"date":"2024-09-16T13:50:11","date_gmt":"2024-09-16T16:50:11","guid":{"rendered":"https:\/\/diarioparanaense.com\/?p=3369"},"modified":"2024-09-16T13:51:12","modified_gmt":"2024-09-16T16:51:12","slug":"natureza-e-saude-mental-um-refugio-terapeutico","status":"publish","type":"post","link":"https:\/\/diarioparanaense.com\/?p=3369","title":{"rendered":"Natureza e Sa\u00fade Mental: Um Ref\u00fagio Terap\u00eautico"},"content":{"rendered":"\n<p class=\"has-medium-font-size\">Como cl\u00ednicas com ambientes naturais podem auxiliar em seus tratamentos<\/p>\n\n\n\n<p>Em um mundo cada vez mais urbano e digital, o contato com a natureza tornou-se um fator essencial para o bem-estar mental e f\u00edsico. Estudos recentes t\u00eam demonstrado que a exposi\u00e7\u00e3o \u00e0 natureza pode reduzir significativamente os n\u00edveis de estresse, melhorar o humor e at\u00e9 mesmo aumentar a criatividade e a satisfa\u00e7\u00e3o com a vida. No contexto do Setembro Amarelo, que foca na preven\u00e7\u00e3o ao suic\u00eddio, entender essa rela\u00e7\u00e3o \u00e9 mais importante do que nunca. A Cl\u00ednica O\u00e1sis, localizada em Almirante Tamandar\u00e9, pr\u00f3ximo a Curitiba, \u00e9 um exemplo de como a natureza pode ser utilizada como aliada no cuidado da sa\u00fade mental.<\/p>\n\n\n\n<p>Segundo Geraldo Cardoso, gestor cl\u00ednico da Cl\u00ednica O\u00e1sis, a infraestrutura do local foi cuidadosamente projetada para integrar a simplicidade e a beleza do ambiente natural ao processo terap\u00eautico. &#8220;Aqui, a natureza n\u00e3o \u00e9 apenas um cen\u00e1rio, mas uma parte integral do tratamento&#8221;, afirma Cardoso. A cl\u00ednica oferece uma s\u00e9rie de atividades ao ar livre, como caminhadas em uma pista rodeada por belas paisagens, hidroterapia em ambientes que utilizam recursos naturais como a \u00e1gua, e uma horta org\u00e2nica que n\u00e3o s\u00f3 fornece alimentos frescos, mas tamb\u00e9m serve como ferramenta terap\u00eautica para os pacientes.<\/p>\n\n\n\n<p>A ci\u00eancia j\u00e1 confirmou que ambientes naturais contribuem para a melhoria da sa\u00fade mental. A redu\u00e7\u00e3o dos sintomas de ansiedade e depress\u00e3o, por exemplo, \u00e9 um dos benef\u00edcios mais evidentes do contato com a natureza. Al\u00e9m disso, a pr\u00e1tica de atividades f\u00edsicas em ambientes ao ar livre, incentivada pela estrutura da cl\u00ednica, tamb\u00e9m promove uma s\u00e9rie de melhorias na sa\u00fade f\u00edsica, como o fortalecimento do sistema imunol\u00f3gico e a redu\u00e7\u00e3o do risco de doen\u00e7as cr\u00f4nicas.<\/p>\n\n\n\n<p>Esta abordagem vai al\u00e9m do tratamento convencional. Ao proporcionar um ambiente onde a natureza est\u00e1 presente em cada detalhe, desde o refeit\u00f3rio com vista panor\u00e2mica at\u00e9 as salas de exerc\u00edcios, a cl\u00ednica promove uma experi\u00eancia de cura natural. &#8220;Ao integrar a natureza ao nosso dia a dia, conseguimos reduzir a hiperestimula\u00e7\u00e3o urbana que sobrecarrega nossos c\u00e9rebros&#8221;, explica Cardoso. Esta abordagem permite que os pacientes desconectem do estresse di\u00e1rio e encontrem uma forma mais harmoniosa de viver.<\/p>\n\n\n\n<p>Al\u00e9m dos benef\u00edcios para a sa\u00fade mental, a estrutura natural da cl\u00ednica tamb\u00e9m estimula a socializa\u00e7\u00e3o e a constru\u00e7\u00e3o de uma comunidade mais coesa e saud\u00e1vel. Espa\u00e7os como a sauna e a loja de produtos naturais s\u00e3o desenhados para proporcionar momentos de intera\u00e7\u00e3o e bem-estar. &#8220;O objetivo \u00e9 oferecer um ref\u00fagio onde os pacientes possam se reconectar consigo mesmos e com o mundo ao seu redor, utilizando a natureza como principal aliada&#8221;, ressalta Cardoso.<\/p>\n\n\n\n<p>Este \u00e9 um exemplo claro de como a natureza pode ser uma poderosa ferramenta na promo\u00e7\u00e3o da sa\u00fade mental. Em tempos de urbaniza\u00e7\u00e3o crescente e aumento de casos de transtornos mentais, \u00e9 fundamental valorizar e promover o contato com ambientes naturais como parte integrante de tratamentos terap\u00eauticos. Como demonstrado pela experi\u00eancia da Cl\u00ednica O\u00e1sis, o caminho para a sa\u00fade mental pode estar mais pr\u00f3ximo do que imaginamos: basta olhar para o ambiente natural ao nosso redor e permitir que ele fa\u00e7a parte da nossa jornada de cura e bem-estar.<\/p>\n\n\n\n<p><strong>Servi\u00e7o: Cl\u00ednica O\u00e1sis Paranaense<br>Geraldo Cardoso<br><\/strong>Gestor cl\u00ednico<br>(11)9 8500-6393<br>Joel.dahora@hotmail.com <a href=\"http:\/\/www.oasisparanaense.com.br\">www.oasisparanaense.com.br<\/a><br>Rua Frei Jacinto Govaski, 707 &#8211; Botiatuba, Almirante\u00a0Tamandar\u00e9\u00a0&#8211;\u00a0PR<\/p>\n","protected":false},"excerpt":{"rendered":"<p>Como cl\u00ednicas com ambientes naturais podem auxiliar em seus tratamentos Em um mundo cada vez mais urbano e digital, o contato com a natureza tornou-se um fator essencial para o bem-estar mental e f\u00edsico. Estudos recentes t\u00eam demonstrado que a exposi\u00e7\u00e3o \u00e0 natureza pode reduzir significativamente os n\u00edveis de estresse, melhorar o humor e at\u00e9 [&hellip;]<\/p>\n","protected":false},"author":1,"featured_media":3373,"comment_status":"open","ping_status":"open","sticky":false,"template":"","format":"standard","meta":{"footnotes":""},"categories":[164],"tags":[],"class_list":["post-3369","post","type-post","status-publish","format-standard","has-post-thumbnail","hentry","category-saude-2"],"_links":{"self":[{"href":"https:\/\/diarioparanaense.com\/index.php?rest_route=\/wp\/v2\/posts\/3369","targetHints":{"allow":["GET"]}}],"collection":[{"href":"https:\/\/diarioparanaense.com\/index.php?rest_route=\/wp\/v2\/posts"}],"about":[{"href":"https:\/\/diarioparanaense.com\/index.php?rest_route=\/wp\/v2\/types\/post"}],"author":[{"embeddable":true,"href":"https:\/\/diarioparanaense.com\/index.php?rest_route=\/wp\/v2\/users\/1"}],"replies":[{"embeddable":true,"href":"https:\/\/diarioparanaense.com\/index.php?rest_route=%2Fwp%2Fv2%2Fcomments&post=3369"}],"version-history":[{"count":1,"href":"https:\/\/diarioparanaense.com\/index.php?rest_route=\/wp\/v2\/posts\/3369\/revisions"}],"predecessor-version":[{"id":3372,"href":"https:\/\/diarioparanaense.com\/index.php?rest_route=\/wp\/v2\/posts\/3369\/revisions\/3372"}],"wp:featuredmedia":[{"embeddable":true,"href":"https:\/\/diarioparanaense.com\/index.php?rest_route=\/wp\/v2\/media\/3373"}],"wp:attachment":[{"href":"https:\/\/diarioparanaense.com\/index.php?rest_route=%2Fwp%2Fv2%2Fmedia&parent=3369"}],"wp:term":[{"taxonomy":"category","embeddable":true,"href":"https:\/\/diarioparanaense.com\/index.php?rest_route=%2Fwp%2Fv2%2Fcategories&post=3369"},{"taxonomy":"post_tag","embeddable":true,"href":"https:\/\/diarioparanaense.com\/index.php?rest_route=%2Fwp%2Fv2%2Ftags&post=3369"}],"curies":[{"name":"wp","href":"https:\/\/api.w.org\/{rel}","templated":true}]}}