{"id":3347,"date":"2024-09-12T17:04:23","date_gmt":"2024-09-12T20:04:23","guid":{"rendered":"https:\/\/diarioparanaense.com\/?p=3347"},"modified":"2024-09-12T17:04:23","modified_gmt":"2024-09-12T20:04:23","slug":"crescimento-da-voz-das-religioes-de-matriz-africana-nas-redes-sociais","status":"publish","type":"post","link":"https:\/\/diarioparanaense.com\/?p=3347","title":{"rendered":"Crescimento da voz das religi\u00f5es de Matriz Africana nas redes sociais"},"content":{"rendered":"\n<p class=\"has-medium-font-size\">Baba Thales destaca a import\u00e2ncia do engajamento digital para combater preconceitos e fortalecer a visibilidade das religi\u00f5es afro-brasileiras<\/p>\n\n\n\n<p>O aumento de conte\u00fados sobre religi\u00f5es de matriz africana nas redes sociais \u00e9 um fen\u00f4meno cada vez mais not\u00e1vel e significativo. Com a expans\u00e3o do acesso \u00e0s plataformas digitais, l\u00edderes religiosos, praticantes e simpatizantes t\u00eam encontrado nesses espa\u00e7os uma oportunidade crucial para ampliar a visibilidade e o entendimento sobre essas tradi\u00e7\u00f5es. Baba Thales, Babalorix\u00e1 dedicado \u00e0 preserva\u00e7\u00e3o e dissemina\u00e7\u00e3o da cultura afro-brasileira, tem observado com satisfa\u00e7\u00e3o esse movimento.<\/p>\n\n\n\n<p>Segundo Baba Thales, o impacto dessas vozes nas redes sociais vai al\u00e9m da simples dissemina\u00e7\u00e3o de informa\u00e7\u00e3o; ele desempenha um papel vital na desmistifica\u00e7\u00e3o e combate ao preconceito que historicamente recai sobre as religi\u00f5es de matriz africana.<\/p>\n\n\n\n<p>\u201cVer mais pessoas abordando quest\u00f5es relacionadas \u00e0s religi\u00f5es afro-brasileiras nas redes \u00e9 uma vit\u00f3ria para a nossa comunidade. Atrav\u00e9s dessas plataformas, conseguimos descontruir estere\u00f3tipos e mostrar ao mundo a riqueza cultural e espiritual que essas religi\u00f5es carregam\u201d, afirma o Babalorix\u00e1.<\/p>\n\n\n\n<p>O engajamento nas redes sociais tamb\u00e9m contribui para a educa\u00e7\u00e3o e a conscientiza\u00e7\u00e3o de um p\u00fablico mais amplo, ajudando a desmistificar pr\u00e1ticas e conceitos frequentemente mal compreendidos ou estigmatizados. Baba Thales destaca que a presen\u00e7a digital \u00e9 uma extens\u00e3o da resist\u00eancia e da resili\u00eancia que sempre caracterizou as religi\u00f5es de matriz africana. \u201cAs redes sociais nos permitem alcan\u00e7ar pessoas que talvez nunca tivessem acesso \u00e0s nossas tradi\u00e7\u00f5es, criando uma ponte de di\u00e1logo e respeito entre culturas,\u201d explica.<\/p>\n\n\n\n<p>A relev\u00e2ncia desse movimento \u00e9 corroborada por pesquisas recentes que destacam o aumento de 25% na busca por conte\u00fados relacionados \u00e0s religi\u00f5es de matriz africana em plataformas como YouTube e Instagram nos \u00faltimos dois anos. Al\u00e9m disso, um estudo conduzido pela Funda\u00e7\u00e3o Perseu Abramo revela que 68% dos praticantes de religi\u00f5es afro-brasileiras acreditam que as redes sociais t\u00eam sido fundamentais para a dissemina\u00e7\u00e3o do conhecimento e a defesa contra ataques preconceituosos.<\/p>\n\n\n\n<p>O engajamento nas redes sociais tamb\u00e9m contribui para a educa\u00e7\u00e3o e a conscientiza\u00e7\u00e3o de um p\u00fablico mais amplo, ajudando a desmistificar pr\u00e1ticas e conceitos frequentemente mal compreendidos ou estigmatizados. Baba Thales destaca que a presen\u00e7a digital \u00e9 uma extens\u00e3o da resist\u00eancia e da resili\u00eancia que sempre caracterizou as religi\u00f5es de matriz africana. \u201cAs redes sociais nos permitem alcan\u00e7ar pessoas que talvez nunca tivessem acesso \u00e0s nossas tradi\u00e7\u00f5es, criando uma ponte de di\u00e1logo e respeito entre culturas,\u201d explica.<\/p>\n\n\n\n<p>O crescimento dessas vozes nas redes sociais \u00e9 um reflexo do poder da comunica\u00e7\u00e3o digital em transformar percep\u00e7\u00f5es e construir pontes de entendimento e respeito. Para Baba Thales, essa \u00e9 uma luta que, agora, tamb\u00e9m acontece no campo virtual, e cada vez mais pessoas est\u00e3o se&nbsp;unindo&nbsp;a&nbsp;ela.<\/p>\n","protected":false},"excerpt":{"rendered":"<p>Baba Thales destaca a import\u00e2ncia do engajamento digital para combater preconceitos e fortalecer a visibilidade das religi\u00f5es afro-brasileiras O aumento de conte\u00fados sobre religi\u00f5es de matriz africana nas redes sociais \u00e9 um fen\u00f4meno cada vez mais not\u00e1vel e significativo. Com a expans\u00e3o do acesso \u00e0s plataformas digitais, l\u00edderes religiosos, praticantes e simpatizantes t\u00eam encontrado nesses [&hellip;]<\/p>\n","protected":false},"author":1,"featured_media":3348,"comment_status":"open","ping_status":"open","sticky":false,"template":"","format":"standard","meta":{"footnotes":""},"categories":[29],"tags":[],"class_list":["post-3347","post","type-post","status-publish","format-standard","has-post-thumbnail","hentry","category-artigos"],"_links":{"self":[{"href":"https:\/\/diarioparanaense.com\/index.php?rest_route=\/wp\/v2\/posts\/3347","targetHints":{"allow":["GET"]}}],"collection":[{"href":"https:\/\/diarioparanaense.com\/index.php?rest_route=\/wp\/v2\/posts"}],"about":[{"href":"https:\/\/diarioparanaense.com\/index.php?rest_route=\/wp\/v2\/types\/post"}],"author":[{"embeddable":true,"href":"https:\/\/diarioparanaense.com\/index.php?rest_route=\/wp\/v2\/users\/1"}],"replies":[{"embeddable":true,"href":"https:\/\/diarioparanaense.com\/index.php?rest_route=%2Fwp%2Fv2%2Fcomments&post=3347"}],"version-history":[{"count":1,"href":"https:\/\/diarioparanaense.com\/index.php?rest_route=\/wp\/v2\/posts\/3347\/revisions"}],"predecessor-version":[{"id":3349,"href":"https:\/\/diarioparanaense.com\/index.php?rest_route=\/wp\/v2\/posts\/3347\/revisions\/3349"}],"wp:featuredmedia":[{"embeddable":true,"href":"https:\/\/diarioparanaense.com\/index.php?rest_route=\/wp\/v2\/media\/3348"}],"wp:attachment":[{"href":"https:\/\/diarioparanaense.com\/index.php?rest_route=%2Fwp%2Fv2%2Fmedia&parent=3347"}],"wp:term":[{"taxonomy":"category","embeddable":true,"href":"https:\/\/diarioparanaense.com\/index.php?rest_route=%2Fwp%2Fv2%2Fcategories&post=3347"},{"taxonomy":"post_tag","embeddable":true,"href":"https:\/\/diarioparanaense.com\/index.php?rest_route=%2Fwp%2Fv2%2Ftags&post=3347"}],"curies":[{"name":"wp","href":"https:\/\/api.w.org\/{rel}","templated":true}]}}