{"id":3341,"date":"2024-09-12T16:58:25","date_gmt":"2024-09-12T19:58:25","guid":{"rendered":"https:\/\/diarioparanaense.com\/?p=3341"},"modified":"2024-09-12T16:58:26","modified_gmt":"2024-09-12T19:58:26","slug":"palestra-gratuita-de-leonardo-abrahao-e-elisangela-passos-sobre-saude-mental-e-destaque-do-setembro-amarelo-em-curitiba","status":"publish","type":"post","link":"https:\/\/diarioparanaense.com\/?p=3341","title":{"rendered":"Palestra gratuita de Leonardo Abrah\u00e3o e Elis\u00e2ngela Passos sobre sa\u00fade mental \u00e9 destaque do Setembro Amarelo em Curitiba"},"content":{"rendered":"\n<p class=\"has-medium-font-size\">Evento trar\u00e1 uma abordagem profunda sobre a import\u00e2ncia da comunica\u00e7\u00e3o e do autocuidado sobre a sa\u00fade mental<\/p>\n\n\n\n<p>Em apoio \u00e0 campanha Setembro Amarelo, que promove a valoriza\u00e7\u00e3o da vida e a preven\u00e7\u00e3o ao suic\u00eddio, o psic\u00f3logo, professor, palestrante e escritor Leonardo Abrah\u00e3o e psic\u00f3loga e escritora Elis\u00e2ngela Passos, conduzir\u00e3o uma reflex\u00e3o com o tema \u201cSa\u00fade mental enquanto h\u00e1 tempo!\u201d, no dia 23 de setembro, \u00e0s 19h, no campus da Unibrasil, em Curitiba. O evento integra a programa\u00e7\u00e3o do m\u00eas de conscientiza\u00e7\u00e3o e incentivo ao cuidado com a sa\u00fade mental. A entrada \u00e9 gratuita.<\/p>\n\n\n\n<p>Leonardo Abrah\u00e3o, que tamb\u00e9m \u00e9 o fundador da campanha Janeiro Branco, dedicada \u00e0 sa\u00fade mental, trar\u00e1 uma abordagem profunda sobre a import\u00e2ncia da comunica\u00e7\u00e3o e do autocuidado. \u201cSomos seres da comunica\u00e7\u00e3o, e por meio de v\u00e1rios tipos de linguagens, podemos mudar mundos\u201d, afirma Leonardo, que acredita no poder transformador da palavra em suas diferentes dimens\u00f5es profissionais.<\/p>\n\n\n\n<p>J\u00e1 a psic\u00f3loga e escritora Elis\u00e2ngela Passos, que lan\u00e7a seu livro \u201cAl\u00e9m do Infarto \u2013 Uma Jornada de Redescoberta e Carreira\u201d, em que compartilha sua experi\u00eancia de vida ap\u00f3s sofrer um infarto, ser\u00e1 a outra palestrante. Elis\u00e2ngela traz uma perspectiva \u00fanica sobre resili\u00eancia emocional e sa\u00fade mental, destacando como as adversidades podem ser transformadas em oportunidades de crescimento pessoal e profissional.<\/p>\n\n\n\n<p>O evento faz parte das atividades do Setembro Amarelo, cujo foco este ano \u00e9 incentivar as pessoas a pedirem ajuda quando necess\u00e1rio, e refor\u00e7ar a import\u00e2ncia de falar sobre a preven\u00e7\u00e3o ao suic\u00eddio e a valoriza\u00e7\u00e3o da vida. A campanha vem ganhando for\u00e7a ao longo dos anos, com a participa\u00e7\u00e3o de profissionais da sa\u00fade mental, como Leonardo e Elis\u00e2ngela, que dedicam suas trajet\u00f3rias a promover o bem-estar emocional.<\/p>\n\n\n\n<p>Leonardo Abrah\u00e3o no Instagram &#8211; <a href=\"https:\/\/www.instagram.com\/leonardoabrahao.psi\/\">https:\/\/www.instagram.com\/leonardoabrahao.psi\/<\/a><\/p>\n\n\n\n<p>Elis\u00e2ngela Passos no Instagram &#8211; <a href=\"https:\/\/www.instagram.com\/psico.elipassos\/\">https:\/\/www.instagram.com\/psico.elipassos\/<\/a><\/p>\n\n\n\n<p><strong>Servi\u00e7o:<\/strong><\/p>\n\n\n\n<p>\u201cSa\u00fade mental enquanto h\u00e1 tempo!\u201d com Leonardo Abrah\u00e3o e Elis\u00e2ngela Passos<\/p>\n\n\n\n<p>Data: Segunda-feira, 23 de setembro de 2024<br>Hor\u00e1rio: 19h<br>Local: Unibrasil &#8211; Rua Konrad Adenauer, 442, Tarum\u00e3, Curitiba &#8211; PR \u2013 Audit\u00f3rio Professor Ren\u00e9 Ariel Dotti<br>Entrada gratuita.<br>Inscri\u00e7\u00f5es: <a href=\"https:\/\/mla.bs\/e5951471\">https:\/\/mla.bs\/e5951471<\/a><\/p>\n","protected":false},"excerpt":{"rendered":"<p>Evento trar\u00e1 uma abordagem profunda sobre a import\u00e2ncia da comunica\u00e7\u00e3o e do autocuidado sobre a sa\u00fade mental Em apoio \u00e0 campanha Setembro Amarelo, que promove a valoriza\u00e7\u00e3o da vida e a preven\u00e7\u00e3o ao suic\u00eddio, o psic\u00f3logo, professor, palestrante e escritor Leonardo Abrah\u00e3o e psic\u00f3loga e escritora Elis\u00e2ngela Passos, conduzir\u00e3o uma reflex\u00e3o com o tema \u201cSa\u00fade [&hellip;]<\/p>\n","protected":false},"author":1,"featured_media":3342,"comment_status":"open","ping_status":"open","sticky":false,"template":"","format":"standard","meta":{"footnotes":""},"categories":[186],"tags":[],"class_list":["post-3341","post","type-post","status-publish","format-standard","has-post-thumbnail","hentry","category-eventos"],"_links":{"self":[{"href":"https:\/\/diarioparanaense.com\/index.php?rest_route=\/wp\/v2\/posts\/3341","targetHints":{"allow":["GET"]}}],"collection":[{"href":"https:\/\/diarioparanaense.com\/index.php?rest_route=\/wp\/v2\/posts"}],"about":[{"href":"https:\/\/diarioparanaense.com\/index.php?rest_route=\/wp\/v2\/types\/post"}],"author":[{"embeddable":true,"href":"https:\/\/diarioparanaense.com\/index.php?rest_route=\/wp\/v2\/users\/1"}],"replies":[{"embeddable":true,"href":"https:\/\/diarioparanaense.com\/index.php?rest_route=%2Fwp%2Fv2%2Fcomments&post=3341"}],"version-history":[{"count":1,"href":"https:\/\/diarioparanaense.com\/index.php?rest_route=\/wp\/v2\/posts\/3341\/revisions"}],"predecessor-version":[{"id":3343,"href":"https:\/\/diarioparanaense.com\/index.php?rest_route=\/wp\/v2\/posts\/3341\/revisions\/3343"}],"wp:featuredmedia":[{"embeddable":true,"href":"https:\/\/diarioparanaense.com\/index.php?rest_route=\/wp\/v2\/media\/3342"}],"wp:attachment":[{"href":"https:\/\/diarioparanaense.com\/index.php?rest_route=%2Fwp%2Fv2%2Fmedia&parent=3341"}],"wp:term":[{"taxonomy":"category","embeddable":true,"href":"https:\/\/diarioparanaense.com\/index.php?rest_route=%2Fwp%2Fv2%2Fcategories&post=3341"},{"taxonomy":"post_tag","embeddable":true,"href":"https:\/\/diarioparanaense.com\/index.php?rest_route=%2Fwp%2Fv2%2Ftags&post=3341"}],"curies":[{"name":"wp","href":"https:\/\/api.w.org\/{rel}","templated":true}]}}