{"id":3332,"date":"2024-09-12T16:55:17","date_gmt":"2024-09-12T19:55:17","guid":{"rendered":"https:\/\/diarioparanaense.com\/?p=3332"},"modified":"2024-09-12T16:55:18","modified_gmt":"2024-09-12T19:55:18","slug":"pesquisa-do-unicef-revela-que-11-das-criancas-e-adolescentes-no-brasil-estao-fora-da-escola","status":"publish","type":"post","link":"https:\/\/diarioparanaense.com\/?p=3332","title":{"rendered":"Pesquisa do Unicef revela que 11% das crian\u00e7as e adolescentes no Brasil est\u00e3o fora da escola"},"content":{"rendered":"\n<p class=\"has-medium-font-size\">Especialista afirma que o fortalecimento da rela\u00e7\u00e3o entre escola e fam\u00edlia \u00e9 fundamental para prevenir a evas\u00e3o escolar<\/p>\n\n\n\n<p>Um levantamento realizado pelo Ipec (ex-Ibope), a pedido do Unicef (Fundo das Na\u00e7\u00f5es Unidas para a Inf\u00e2ncia), revela que 11% das crian\u00e7as e adolescentes entre 11 e 19 anos est\u00e3o fora da escola no Brasil. Isso representa cerca de 2 milh\u00f5es de jovens afastados dos bancos escolares. Para reverter esse quadro e evitar seu agravamento, as escolas precisam agir em parceria com as fam\u00edlias.<\/p>\n\n\n\n<p>Segundo a psicopedagoga Esther Cristina Pereira, a solu\u00e7\u00e3o passa pela maior integra\u00e7\u00e3o entre escola e fam\u00edlia. &#8220;A sociedade precisa compreender que a educa\u00e7\u00e3o n\u00e3o \u00e9 responsabilidade exclusiva da escola, mas de todos, especialmente da fam\u00edlia. Por isso, as institui\u00e7\u00f5es devem promover espa\u00e7os de participa\u00e7\u00e3o ativa dos pais e mostrar a import\u00e2ncia dessa parceria na vida escolar dos filhos&#8221;, afirma Esther, refor\u00e7ando a necessidade de engajamento familiar para a melhoria da educa\u00e7\u00e3o no pa\u00eds.<\/p>\n\n\n\n<p>Pensando nisso, a Feira do Saber 2024, promovida pela Escola Atua\u00e7\u00e3o, com o tema &#8220;Consci\u00eancia Coletiva \u2013 Semeadura e Cuidados Cont\u00ednuos&#8221;, busca fortalecer a integra\u00e7\u00e3o entre escola e fam\u00edlias. O evento acontece de 10 a 13 de setembro, nas unidades do Boqueir\u00e3o e Santa Quit\u00e9ria, com projetos que abrangem aspectos ambientais, sociais, culturais e emocionais.<\/p>\n\n\n\n<p>A Feira valoriza o conhecimento adquirido e as habilidades desenvolvidas ao longo do primeiro semestre letivo. \u201c\u00c9 uma oportunidade para que os pais reconhe\u00e7am o esfor\u00e7o dos nossos educadores e estudantes, destacando a import\u00e2ncia da experi\u00eancia, do contato e da socializa\u00e7\u00e3o na educa\u00e7\u00e3o das crian\u00e7as, especialmente em uma era dominada pela tecnologia\u201d, afirma Carolina Pereira Frizon, diretora da Escola Atua\u00e7\u00e3o.<\/p>\n\n\n\n<p>Aberto \u00e0 comunidade, o evento oferece uma variedade de exposi\u00e7\u00f5es que incentivam a conscientiza\u00e7\u00e3o coletiva e a constru\u00e7\u00e3o de uma sociedade mais justa e respons\u00e1vel, evidenciando o impacto duradouro do aprendizado na vida dos estudantes. Na edi\u00e7\u00e3o de 2024, quatro projetos se destacam: \u201cConsci\u00eancia Clim\u00e1tica\u201d promove a\u00e7\u00f5es ambientais; \u201cConsci\u00eancia Coletiva\u201d resgata jogos e brincadeiras para desenvolver habilidades socioemocionais; \u201cExplorando a \u00c1frica\u201d desmistifica estere\u00f3tipos e destaca a relev\u00e2ncia cultural do continente; e \u201cQuem Canta Seus Males Espanta\u201d explora os benef\u00edcios da m\u00fasica para a sa\u00fade emocional e social dos alunos.<\/p>\n\n\n\n<p><strong>Servi\u00e7o<\/strong>:<br><strong>Feira do Saber 2024<\/strong><\/p>\n\n\n\n<p>Unidade do Boqueir\u00e3o<br>Data: 10 e 11 de setembro<br>Hor\u00e1rios: Educa\u00e7\u00e3o Infantil: 10h45 \u00e0s 11h45 \/ 16h45 \u00e0s 17h45.<br>Do 1\u00ba ao 9\u00ba ano: 10h \u00e0s 11h45 \/ 16h \u00e0s 17h45.<br>Local: Rua Paulo Set\u00fabal, 3120 \u2013 Curitiba, PR<br>Unidade do Santa Quit\u00e9ria<br>Data: 12 e 13 de setembro<br>Hor\u00e1rios: Educa\u00e7\u00e3o Infantil: 10h45 \u00e0s 11h45 \/ 16h45 \u00e0s 17h45.<br>Do 1\u00ba ao 9\u00ba ano: 10h \u00e0s 11h45 \/ 16h \u00e0s 17h45.<br>Local: Rua Professor Ulisses Vieira, 2809&nbsp;\u2013&nbsp;Curitiba,&nbsp;PR<\/p>\n","protected":false},"excerpt":{"rendered":"<p>Especialista afirma que o fortalecimento da rela\u00e7\u00e3o entre escola e fam\u00edlia \u00e9 fundamental para prevenir a evas\u00e3o escolar Um levantamento realizado pelo Ipec (ex-Ibope), a pedido do Unicef (Fundo das Na\u00e7\u00f5es Unidas para a Inf\u00e2ncia), revela que 11% das crian\u00e7as e adolescentes entre 11 e 19 anos est\u00e3o fora da escola no Brasil. Isso representa [&hellip;]<\/p>\n","protected":false},"author":1,"featured_media":3339,"comment_status":"open","ping_status":"open","sticky":false,"template":"","format":"standard","meta":{"footnotes":""},"categories":[148],"tags":[],"class_list":["post-3332","post","type-post","status-publish","format-standard","has-post-thumbnail","hentry","category-educacao"],"_links":{"self":[{"href":"https:\/\/diarioparanaense.com\/index.php?rest_route=\/wp\/v2\/posts\/3332","targetHints":{"allow":["GET"]}}],"collection":[{"href":"https:\/\/diarioparanaense.com\/index.php?rest_route=\/wp\/v2\/posts"}],"about":[{"href":"https:\/\/diarioparanaense.com\/index.php?rest_route=\/wp\/v2\/types\/post"}],"author":[{"embeddable":true,"href":"https:\/\/diarioparanaense.com\/index.php?rest_route=\/wp\/v2\/users\/1"}],"replies":[{"embeddable":true,"href":"https:\/\/diarioparanaense.com\/index.php?rest_route=%2Fwp%2Fv2%2Fcomments&post=3332"}],"version-history":[{"count":1,"href":"https:\/\/diarioparanaense.com\/index.php?rest_route=\/wp\/v2\/posts\/3332\/revisions"}],"predecessor-version":[{"id":3340,"href":"https:\/\/diarioparanaense.com\/index.php?rest_route=\/wp\/v2\/posts\/3332\/revisions\/3340"}],"wp:featuredmedia":[{"embeddable":true,"href":"https:\/\/diarioparanaense.com\/index.php?rest_route=\/wp\/v2\/media\/3339"}],"wp:attachment":[{"href":"https:\/\/diarioparanaense.com\/index.php?rest_route=%2Fwp%2Fv2%2Fmedia&parent=3332"}],"wp:term":[{"taxonomy":"category","embeddable":true,"href":"https:\/\/diarioparanaense.com\/index.php?rest_route=%2Fwp%2Fv2%2Fcategories&post=3332"},{"taxonomy":"post_tag","embeddable":true,"href":"https:\/\/diarioparanaense.com\/index.php?rest_route=%2Fwp%2Fv2%2Ftags&post=3332"}],"curies":[{"name":"wp","href":"https:\/\/api.w.org\/{rel}","templated":true}]}}